{"id":162686,"date":"2023-05-28T11:03:00","date_gmt":"2023-05-28T14:03:00","guid":{"rendered":"https:\/\/www.hoymercedes.com.ar\/principal\/?p=162686"},"modified":"2023-05-28T11:01:16","modified_gmt":"2023-05-28T14:01:16","slug":"leo-boto-intendente-de-lujan-pondero-el-gran-logro-del-tren-turistico","status":"publish","type":"post","link":"https:\/\/www.hoymercedes.com.ar\/principal\/2023\/05\/28\/leo-boto-intendente-de-lujan-pondero-el-gran-logro-del-tren-turistico\/","title":{"rendered":"Leo Boto intendente de Luj\u00e1n ponder\u00f3 el \u00abgran logro del tren tur\u00edstico\u00bb"},"content":{"rendered":"\n<p>\u201cEstamos muy contentos de estar acontecimiento tan importante y tan esperado, por eso quer\u00eda acompa\u00f1ar y estar presente. Me parece es una oportunidad para celebrar\u201d dijo Leo Boto, intendente de Luj\u00e1n<\/p>\n\n\n\n<figure class=\"wp-block-image size-large\"><img loading=\"lazy\" decoding=\"async\" width=\"1024\" height=\"684\" data-attachment-id=\"162687\" data-permalink=\"https:\/\/www.hoymercedes.com.ar\/principal\/2023\/05\/28\/leo-boto-intendente-de-lujan-pondero-el-gran-logro-del-tren-turistico\/boto\/#main\" data-orig-file=\"https:\/\/www.hoymercedes.com.ar\/principal\/wp-content\/uploads\/2023\/05\/Boto.jpg\" data-orig-size=\"1316,879\" data-comments-opened=\"0\" data-image-meta=\"{&quot;aperture&quot;:&quot;0&quot;,&quot;credit&quot;:&quot;&quot;,&quot;camera&quot;:&quot;&quot;,&quot;caption&quot;:&quot;&quot;,&quot;created_timestamp&quot;:&quot;0&quot;,&quot;copyright&quot;:&quot;&quot;,&quot;focal_length&quot;:&quot;0&quot;,&quot;iso&quot;:&quot;0&quot;,&quot;shutter_speed&quot;:&quot;0&quot;,&quot;title&quot;:&quot;&quot;,&quot;orientation&quot;:&quot;0&quot;}\" data-image-title=\"Boto\" data-image-description=\"\" data-image-caption=\"\" data-large-file=\"https:\/\/www.hoymercedes.com.ar\/principal\/wp-content\/uploads\/2023\/05\/Boto-1024x684.jpg\" src=\"https:\/\/www.hoymercedes.com.ar\/principal\/wp-content\/uploads\/2023\/05\/Boto-1024x684.jpg\" alt=\"\" class=\"wp-image-162687\" srcset=\"https:\/\/www.hoymercedes.com.ar\/principal\/wp-content\/uploads\/2023\/05\/Boto-1024x684.jpg 1024w, https:\/\/www.hoymercedes.com.ar\/principal\/wp-content\/uploads\/2023\/05\/Boto-630x421.jpg 630w, https:\/\/www.hoymercedes.com.ar\/principal\/wp-content\/uploads\/2023\/05\/Boto-150x100.jpg 150w, https:\/\/www.hoymercedes.com.ar\/principal\/wp-content\/uploads\/2023\/05\/Boto.jpg 1316w\" sizes=\"auto, (max-width: 1024px) 100vw, 1024px\" \/><\/figure>\n\n\n\n<p>Expres\u00f3 tambi\u00e9n que el tren es identidad, arraigo, cultura y que \u201ces un proyecto que a nosotros nos inspira mucho porque queremos seguir el mismo camino, tener nuestro trencito el d\u00eda de ma\u00f1ana porque nos parece una experiencia s\u00faper importante\u201d manifest\u00f3<\/p>\n\n\n\n<p>Antes de finalizar recalc\u00f3 que \u201cMercedes est\u00e1 haciendo punta y aprender de las buenas experiencias\u201d afirm\u00f3 el primer mandatario de la vecina localidad de Luj\u00e1n, qui\u00e9n fue parte de la celebraci\u00f3n popular e institucional en el d\u00eda hist\u00f3rico que se vivi\u00f3 en Mercedes con la puesta en funciones del tren entre Jofr\u00e9, Altamira y La Trocha.<\/p>\n\n\n\n<p>Fuente: Prensa Municipal<\/p>\n","protected":false},"excerpt":{"rendered":"<p>\u201cEstamos muy contentos de estar acontecimiento tan importante y tan esperado, por eso quer\u00eda acompa\u00f1ar y estar presente. Me parece &#8230; <a title=\"Leo Boto intendente de Luj\u00e1n ponder\u00f3 el \u00abgran logro del tren tur\u00edstico\u00bb\" class=\"read-more\" href=\"https:\/\/www.hoymercedes.com.ar\/principal\/2023\/05\/28\/leo-boto-intendente-de-lujan-pondero-el-gran-logro-del-tren-turistico\/\" aria-label=\"Leer m\u00e1s sobre Leo Boto intendente de Luj\u00e1n ponder\u00f3 el \u00abgran logro del tren tur\u00edstico\u00bb\">Leer m\u00e1s<\/a><\/p>\n","protected":false},"author":1,"featured_media":162687,"comment_status":"closed","ping_status":"open","sticky":false,"template":"","format":"standard","meta":{"_monsterinsights_skip_tracking":false,"_monsterinsights_sitenote_active":false,"_monsterinsights_sitenote_note":"","_monsterinsights_sitenote_category":0,"jetpack_post_was_ever_published":false,"_jetpack_newsletter_access":"","_jetpack_dont_email_post_to_subs":false,"_jetpack_newsletter_tier_id":0,"_jetpack_memberships_contains_paywalled_content":false,"_jetpack_memberships_contains_paid_content":false,"footnotes":"","jetpack_publicize_message":"","jetpack_publicize_feature_enabled":true,"jetpack_social_post_already_shared":true,"jetpack_social_options":{"image_generator_settings":{"template":"highway","default_image_id":0,"font":"","enabled":false},"version":2},"_wpas_customize_per_network":false},"categories":[8],"tags":[18056,18773],"class_list":["post-162686","post","type-post","status-publish","format-standard","has-post-thumbnail","hentry","category-sociedad","tag-leo-boto","tag-tren-turistico-2","generate-columns","tablet-grid-50","mobile-grid-100","grid-parent","grid-50"],"jetpack_publicize_connections":[],"jetpack_featured_media_url":"https:\/\/www.hoymercedes.com.ar\/principal\/wp-content\/uploads\/2023\/05\/Boto.jpg","wps_subtitle":"Repercusiones ","jetpack_sharing_enabled":true,"_links":{"self":[{"href":"https:\/\/www.hoymercedes.com.ar\/principal\/wp-json\/wp\/v2\/posts\/162686","targetHints":{"allow":["GET"]}}],"collection":[{"href":"https:\/\/www.hoymercedes.com.ar\/principal\/wp-json\/wp\/v2\/posts"}],"about":[{"href":"https:\/\/www.hoymercedes.com.ar\/principal\/wp-json\/wp\/v2\/types\/post"}],"author":[{"embeddable":true,"href":"https:\/\/www.hoymercedes.com.ar\/principal\/wp-json\/wp\/v2\/users\/1"}],"replies":[{"embeddable":true,"href":"https:\/\/www.hoymercedes.com.ar\/principal\/wp-json\/wp\/v2\/comments?post=162686"}],"version-history":[{"count":0,"href":"https:\/\/www.hoymercedes.com.ar\/principal\/wp-json\/wp\/v2\/posts\/162686\/revisions"}],"wp:featuredmedia":[{"embeddable":true,"href":"https:\/\/www.hoymercedes.com.ar\/principal\/wp-json\/wp\/v2\/media\/162687"}],"wp:attachment":[{"href":"https:\/\/www.hoymercedes.com.ar\/principal\/wp-json\/wp\/v2\/media?parent=162686"}],"wp:term":[{"taxonomy":"category","embeddable":true,"href":"https:\/\/www.hoymercedes.com.ar\/principal\/wp-json\/wp\/v2\/categories?post=162686"},{"taxonomy":"post_tag","embeddable":true,"href":"https:\/\/www.hoymercedes.com.ar\/principal\/wp-json\/wp\/v2\/tags?post=162686"}],"curies":[{"name":"wp","href":"https:\/\/api.w.org\/{rel}","templated":true}]}}