{"id":162698,"date":"2023-05-28T13:02:00","date_gmt":"2023-05-28T16:02:00","guid":{"rendered":"https:\/\/www.hoymercedes.com.ar\/principal\/?p=162698"},"modified":"2023-05-28T11:24:26","modified_gmt":"2023-05-28T14:24:26","slug":"como-continua-el-cambio-climatico","status":"publish","type":"post","link":"https:\/\/www.hoymercedes.com.ar\/principal\/2023\/05\/28\/como-continua-el-cambio-climatico\/","title":{"rendered":"C\u00f3mo contin\u00faa el cambio clim\u00e1tico\u00a0"},"content":{"rendered":"\n<p>Cristi\u00e1n Frers* &#8211; El per\u00edodo 2023 \u2013 2027 ser\u00e1 probablemente el m\u00e1s caluroso jam\u00e1s registrado, debido al impacto de los gases de efecto invernadero y el fen\u00f3meno meteorol\u00f3gico El Ni\u00f1o, que est\u00e1n provocando un aumento de las temperaturas.\u00a0<\/p>\n\n\n\n<p>Existe<strong>\u202f<\/strong>un 66\u202f% de probabilidades de que, durante este periodo, se supere la barrera de los 1,5 grados y un 98\u202f% de probabilidades de que al menos uno de los pr\u00f3ximos cinco a\u00f1os, as\u00ed como el lustro en su conjunto.&nbsp;<\/p>\n\n\n\n<p>Estos datos no significan que se vayan a superar de forma permanente el nivel de 1,5 \u00b0C previsto en el Acuerdo de Paris, que se refiere al calentamiento a largo plazo durante varios a\u00f1os. Aun as\u00ed, se da la voz de alarma sobre el hecho de que se van a superar el nivel de 1,5 \u00b0C de forma transitoria y cada vez con m\u00e1s frecuencia.&nbsp;<\/p>\n\n\n\n<p>Ya se sabe que\u202f2023 ser\u00e1 uno de los m\u00e1s calurosos registrados<strong>,<\/strong> con las temperaturas promedio en todo el mundo\u202f1.2\u00ba C. Este a\u00f1o ser\u00e1 el d\u00e9cimo consecutivo donde las temperaturas globales est\u00e9n por encima de un grado de lo que sol\u00eda estar hasta que el humano empez\u00f3 a incidir directamente en el cambio clim\u00e1tico.&nbsp;<\/p>\n\n\n\n<p>Esto tendr\u00e1 repercusiones importantes sobre la salud, la seguridad alimentaria, la gesti\u00f3n del agua y del ambiente. Es necesario estar preparados.\u00a0<\/p>\n\n\n<div class=\"wp-block-image\">\n<figure class=\"aligncenter size-full\"><img loading=\"lazy\" decoding=\"async\" width=\"800\" height=\"533\" data-attachment-id=\"162701\" data-permalink=\"https:\/\/www.hoymercedes.com.ar\/principal\/2023\/05\/28\/como-continua-el-cambio-climatico\/cambio-climatico-ilustracion-32\/#main\" data-orig-file=\"https:\/\/www.hoymercedes.com.ar\/principal\/wp-content\/uploads\/2023\/05\/cambio-climatico-ilustracion-32.jpg\" data-orig-size=\"800,533\" data-comments-opened=\"0\" data-image-meta=\"{&quot;aperture&quot;:&quot;0&quot;,&quot;credit&quot;:&quot;&quot;,&quot;camera&quot;:&quot;&quot;,&quot;caption&quot;:&quot;&quot;,&quot;created_timestamp&quot;:&quot;1685271480&quot;,&quot;copyright&quot;:&quot;&quot;,&quot;focal_length&quot;:&quot;0&quot;,&quot;iso&quot;:&quot;0&quot;,&quot;shutter_speed&quot;:&quot;0&quot;,&quot;title&quot;:&quot;&quot;,&quot;orientation&quot;:&quot;1&quot;}\" data-image-title=\"cambio climatico ilustracion (3)2\" data-image-description=\"\" data-image-caption=\"&lt;p&gt;Imagen creada por AI&lt;\/p&gt;\n\" data-large-file=\"https:\/\/www.hoymercedes.com.ar\/principal\/wp-content\/uploads\/2023\/05\/cambio-climatico-ilustracion-32.jpg\" src=\"https:\/\/www.hoymercedes.com.ar\/principal\/wp-content\/uploads\/2023\/05\/cambio-climatico-ilustracion-32.jpg\" alt=\"\" class=\"wp-image-162701\" srcset=\"https:\/\/www.hoymercedes.com.ar\/principal\/wp-content\/uploads\/2023\/05\/cambio-climatico-ilustracion-32.jpg 800w, https:\/\/www.hoymercedes.com.ar\/principal\/wp-content\/uploads\/2023\/05\/cambio-climatico-ilustracion-32-630x420.jpg 630w, https:\/\/www.hoymercedes.com.ar\/principal\/wp-content\/uploads\/2023\/05\/cambio-climatico-ilustracion-32-150x100.jpg 150w, https:\/\/www.hoymercedes.com.ar\/principal\/wp-content\/uploads\/2023\/05\/cambio-climatico-ilustracion-32-700x465.jpg 700w\" sizes=\"auto, (max-width: 800px) 100vw, 800px\" \/><figcaption class=\"wp-element-caption\">Imagen creada por AI<\/figcaption><\/figure>\n<\/div>\n\n\n<p>En Argentina, estos cambios han provocado un aumento en la frecuencia y la intensidad de eventos clim\u00e1ticos extremos, como inundaciones, sequ\u00edas y olas de calor. Se ha observado un aumento en la temperatura media del pa\u00eds y una disminuci\u00f3n en la cantidad de precipitaciones en algunas regiones.&nbsp;<\/p>\n\n\n\n<p>Es necesario informar a gobiernos y responsables de pol\u00edticas sobre la situaci\u00f3n actual y futura del clima global y las acciones necesarias para abordar la crisis clim\u00e1tica.&nbsp;<\/p>\n\n\n\n<p>\u00bfLos l\u00edderes pol\u00edticos est\u00e1n trabajando para implementar medidas que reduzcan las emisiones de gases de efecto invernadero y mitiguen los efectos del cambio clim\u00e1tico?&nbsp;<\/p>\n\n\n\n<p>No puede haber m\u00e1s excusas. Los Estados deben adoptar, en consulta aut\u00e9ntica con todas las partes interesadas afectadas, cambios legislativos y de pol\u00edticas inmediatos para abandonar de forma gradual, pero con rapidez los combustibles f\u00f3siles y llevar a cabo una transici\u00f3n energ\u00e9tica urgente y justa que respete los derechos humanos y proteja a las comunidades que actualmente dependen de econom\u00edas basadas en los combustibles f\u00f3siles, a los pueblos ind\u00edgenas y a otras personas.&nbsp;<\/p>\n\n\n\n<p>El verdadero cambio es posible. Ha habido avances considerables en las energ\u00edas renovables que pueden reducir enormemente la dependencia global de los combustibles f\u00f3siles. Reconocer que la mejora de la eficiencia energ\u00e9tica y el desarrollo del transporte p\u00fablico son fundamentales nos conducir\u00e1 a una trayectoria m\u00e1s sostenible. El potencial de inversi\u00f3n est\u00e1 disponible para construir sistemas energ\u00e9ticos enteros basados \u00edntegramente en energ\u00edas renovables.&nbsp;<\/p>\n\n\n\n<p>La tecnolog\u00eda solar, e\u00f3lica y de bater\u00edas de bajo costo se encuentran en etapas rentables y exponenciales que, de mantenerse, ser\u00e1n suficientes para reducir a la mitad las emisiones resultado de la generaci\u00f3n de electricidad para el a\u00f1o 2030. La energ\u00eda e\u00f3lica y solar ahora superan regularmente a los combustibles f\u00f3siles en varias partes del mundo. De continuar as\u00ed, el crecimiento de la industria de los veh\u00edculos el\u00e9ctricos tiene el potencial de alcanzar una participaci\u00f3n de mercado del 90% para el 2030, pero solo si esta direcci\u00f3n es respaldada por fuertes pol\u00edticas p\u00fablicas.&nbsp;&nbsp;<\/p>\n\n\n\n<p>Si se desarrollan de manera responsable, se pueden aprovechar estas tecnolog\u00edas y, potencialmente, trabajar a\u00fan m\u00e1s en las no probadas para reducir las emisiones potenciales, sin embargo, se necesita que los gobiernos impulsen este progreso.&nbsp;&nbsp;<\/p>\n\n\n\n<p>Si no se toman medidas inmediatas y concertadas, no ser\u00e1 posible limitar el aumento global a 1,5 \u02daC en este siglo. Hay que apartarse del camino que se sigue actualmente rumbo a un aumento de casi 3\u02daC. Los efectos de la inacci\u00f3n ya son evidentes en forma de fen\u00f3menos meteorol\u00f3gicos m\u00e1s extremos.&nbsp;&nbsp;<\/p>\n\n\n\n<p>*Cristi\u00e1n Frers \u2013 T\u00e9cnico Superior en Gesti\u00f3n Ambiental y T\u00e9cnico Superior en Comunicaci\u00f3n Social (Periodista),\u00a0<\/p>\n","protected":false},"excerpt":{"rendered":"<p>Cristi\u00e1n Frers* &#8211; El per\u00edodo 2023 \u2013 2027 ser\u00e1 probablemente el m\u00e1s caluroso jam\u00e1s registrado, debido al impacto de los &#8230; <a title=\"C\u00f3mo contin\u00faa el cambio clim\u00e1tico\u00a0\" class=\"read-more\" href=\"https:\/\/www.hoymercedes.com.ar\/principal\/2023\/05\/28\/como-continua-el-cambio-climatico\/\" aria-label=\"Leer m\u00e1s sobre C\u00f3mo contin\u00faa el cambio clim\u00e1tico\u00a0\">Leer m\u00e1s<\/a><\/p>\n","protected":false},"author":1,"featured_media":162701,"comment_status":"closed","ping_status":"open","sticky":false,"template":"","format":"standard","meta":{"_monsterinsights_skip_tracking":false,"_monsterinsights_sitenote_active":false,"_monsterinsights_sitenote_note":"","_monsterinsights_sitenote_category":0,"jetpack_post_was_ever_published":false,"_jetpack_newsletter_access":"","_jetpack_dont_email_post_to_subs":false,"_jetpack_newsletter_tier_id":0,"_jetpack_memberships_contains_paywalled_content":false,"_jetpack_memberships_contains_paid_content":false,"footnotes":"","jetpack_publicize_message":"","jetpack_publicize_feature_enabled":true,"jetpack_social_post_already_shared":true,"jetpack_social_options":{"image_generator_settings":{"template":"highway","default_image_id":0,"font":"","enabled":false},"version":2},"_wpas_customize_per_network":false},"categories":[8],"tags":[],"class_list":["post-162698","post","type-post","status-publish","format-standard","has-post-thumbnail","hentry","category-sociedad","generate-columns","tablet-grid-50","mobile-grid-100","grid-parent","grid-50"],"jetpack_publicize_connections":[],"jetpack_featured_media_url":"https:\/\/www.hoymercedes.com.ar\/principal\/wp-content\/uploads\/2023\/05\/cambio-climatico-ilustracion-32.jpg","wps_subtitle":"","jetpack_sharing_enabled":true,"_links":{"self":[{"href":"https:\/\/www.hoymercedes.com.ar\/principal\/wp-json\/wp\/v2\/posts\/162698","targetHints":{"allow":["GET"]}}],"collection":[{"href":"https:\/\/www.hoymercedes.com.ar\/principal\/wp-json\/wp\/v2\/posts"}],"about":[{"href":"https:\/\/www.hoymercedes.com.ar\/principal\/wp-json\/wp\/v2\/types\/post"}],"author":[{"embeddable":true,"href":"https:\/\/www.hoymercedes.com.ar\/principal\/wp-json\/wp\/v2\/users\/1"}],"replies":[{"embeddable":true,"href":"https:\/\/www.hoymercedes.com.ar\/principal\/wp-json\/wp\/v2\/comments?post=162698"}],"version-history":[{"count":0,"href":"https:\/\/www.hoymercedes.com.ar\/principal\/wp-json\/wp\/v2\/posts\/162698\/revisions"}],"wp:featuredmedia":[{"embeddable":true,"href":"https:\/\/www.hoymercedes.com.ar\/principal\/wp-json\/wp\/v2\/media\/162701"}],"wp:attachment":[{"href":"https:\/\/www.hoymercedes.com.ar\/principal\/wp-json\/wp\/v2\/media?parent=162698"}],"wp:term":[{"taxonomy":"category","embeddable":true,"href":"https:\/\/www.hoymercedes.com.ar\/principal\/wp-json\/wp\/v2\/categories?post=162698"},{"taxonomy":"post_tag","embeddable":true,"href":"https:\/\/www.hoymercedes.com.ar\/principal\/wp-json\/wp\/v2\/tags?post=162698"}],"curies":[{"name":"wp","href":"https:\/\/api.w.org\/{rel}","templated":true}]}}