{"id":162768,"date":"2023-05-29T17:12:00","date_gmt":"2023-05-29T20:12:00","guid":{"rendered":"https:\/\/www.hoymercedes.com.ar\/principal\/?p=162768"},"modified":"2023-05-29T12:34:20","modified_gmt":"2023-05-29T15:34:20","slug":"la-cem-presentara-finalistas-para-los-premios-feba-cultura","status":"publish","type":"post","link":"https:\/\/www.hoymercedes.com.ar\/principal\/2023\/05\/29\/la-cem-presentara-finalistas-para-los-premios-feba-cultura\/","title":{"rendered":"La CEM presentar\u00e1 finalistas para los premios FEBA Cultura"},"content":{"rendered":"\n<p>La C\u00e1mara Econ\u00f3mica Mercedina (CEM) presentar\u00e1 a las finalistas de los prestigiosos Premios FEBA Cultura 2023 en un evento de charlas inspiradoras. Bajo el lema \u201cMujeres empresarias en la cultura local, un tributo a su \u00e9xito\u201d, el encuentro tendr\u00e1 lugar el pr\u00f3ximo mi\u00e9rcoles 31 de Mayo a las 19:30 en el Restaurante Caf\u00e9 \u201cSanta Juana\u201d, ubicado en la calle 27 N\u00b0 333.\u00a0<\/p>\n\n\n\n<p>Con el objetivo de destacar el papel fundamental de las mujeres en el \u00e1mbito empresarial y cultural, la subcomisi\u00f3n de Mujeres CEM ha organizado este evento como una oportunidad para celebrar los logros y el talento femenino en la ciudad. Las finalistas seleccionadas han demostrado una destacada trayectoria y un impacto significativo en el sector cultural local, convirti\u00e9ndose en modelos a seguir para futuras generaciones.&nbsp;<\/p>\n\n\n\n<p>Para asegurar una correcta organizaci\u00f3n del evento, se solicita a los interesados inscribirse previamente a trav\u00e9s del siguiente enlace: <a href=\"https:\/\/forms.gle\/7JbJ2DsdSthAuJXt8.\u00a0\" target=\"_blank\" rel=\"noopener\">https:\/\/forms.gle\/7JbJ2DsdSthAuJXt8.\u00a0<\/a><\/p>\n\n\n\n<p>Colaboraci\u00f3n Mariano Oyarz\u00fa<\/p>\n\n\n<div class=\"wp-block-image\">\n<figure class=\"aligncenter size-large\"><img loading=\"lazy\" decoding=\"async\" width=\"1024\" height=\"1024\" data-attachment-id=\"162772\" data-permalink=\"https:\/\/www.hoymercedes.com.ar\/principal\/2023\/05\/29\/la-cem-presentara-finalistas-para-los-premios-feba-cultura\/imagen-de-whatsapp-2023-05-29-a-las-10-09-36\/#main\" data-orig-file=\"https:\/\/www.hoymercedes.com.ar\/principal\/wp-content\/uploads\/2023\/05\/Imagen-de-WhatsApp-2023-05-29-a-las-10.09.36.jpg\" data-orig-size=\"1080,1080\" data-comments-opened=\"0\" data-image-meta=\"{&quot;aperture&quot;:&quot;0&quot;,&quot;credit&quot;:&quot;&quot;,&quot;camera&quot;:&quot;&quot;,&quot;caption&quot;:&quot;&quot;,&quot;created_timestamp&quot;:&quot;0&quot;,&quot;copyright&quot;:&quot;&quot;,&quot;focal_length&quot;:&quot;0&quot;,&quot;iso&quot;:&quot;0&quot;,&quot;shutter_speed&quot;:&quot;0&quot;,&quot;title&quot;:&quot;&quot;,&quot;orientation&quot;:&quot;0&quot;}\" data-image-title=\"Imagen-de-WhatsApp-2023-05-29-a-las-10.09.36\" data-image-description=\"\" data-image-caption=\"\" data-large-file=\"https:\/\/www.hoymercedes.com.ar\/principal\/wp-content\/uploads\/2023\/05\/Imagen-de-WhatsApp-2023-05-29-a-las-10.09.36-1024x1024.jpg\" src=\"https:\/\/www.hoymercedes.com.ar\/principal\/wp-content\/uploads\/2023\/05\/Imagen-de-WhatsApp-2023-05-29-a-las-10.09.36-1024x1024.jpg\" alt=\"\" class=\"wp-image-162772\" srcset=\"https:\/\/www.hoymercedes.com.ar\/principal\/wp-content\/uploads\/2023\/05\/Imagen-de-WhatsApp-2023-05-29-a-las-10.09.36-1024x1024.jpg 1024w, https:\/\/www.hoymercedes.com.ar\/principal\/wp-content\/uploads\/2023\/05\/Imagen-de-WhatsApp-2023-05-29-a-las-10.09.36-620x620.jpg 620w, https:\/\/www.hoymercedes.com.ar\/principal\/wp-content\/uploads\/2023\/05\/Imagen-de-WhatsApp-2023-05-29-a-las-10.09.36-150x150.jpg 150w, https:\/\/www.hoymercedes.com.ar\/principal\/wp-content\/uploads\/2023\/05\/Imagen-de-WhatsApp-2023-05-29-a-las-10.09.36.jpg 1080w\" sizes=\"auto, (max-width: 1024px) 100vw, 1024px\" \/><\/figure>\n<\/div>","protected":false},"excerpt":{"rendered":"<p>La C\u00e1mara Econ\u00f3mica Mercedina (CEM) presentar\u00e1 a las finalistas de los prestigiosos Premios FEBA Cultura 2023 en un evento de &#8230; <a title=\"La CEM presentar\u00e1 finalistas para los premios FEBA Cultura\" class=\"read-more\" href=\"https:\/\/www.hoymercedes.com.ar\/principal\/2023\/05\/29\/la-cem-presentara-finalistas-para-los-premios-feba-cultura\/\" aria-label=\"Leer m\u00e1s sobre La CEM presentar\u00e1 finalistas para los premios FEBA Cultura\">Leer m\u00e1s<\/a><\/p>\n","protected":false},"author":1,"featured_media":162772,"comment_status":"closed","ping_status":"open","sticky":false,"template":"","format":"standard","meta":{"_monsterinsights_skip_tracking":false,"_monsterinsights_sitenote_active":false,"_monsterinsights_sitenote_note":"","_monsterinsights_sitenote_category":0,"jetpack_post_was_ever_published":false,"_jetpack_newsletter_access":"","_jetpack_dont_email_post_to_subs":false,"_jetpack_newsletter_tier_id":0,"_jetpack_memberships_contains_paywalled_content":false,"_jetpack_memberships_contains_paid_content":false,"footnotes":"","jetpack_publicize_message":"","jetpack_publicize_feature_enabled":true,"jetpack_social_post_already_shared":true,"jetpack_social_options":{"image_generator_settings":{"template":"highway","default_image_id":0,"font":"","enabled":false},"version":2},"_wpas_customize_per_network":false},"categories":[8],"tags":[],"class_list":["post-162768","post","type-post","status-publish","format-standard","has-post-thumbnail","hentry","category-sociedad","generate-columns","tablet-grid-50","mobile-grid-100","grid-parent","grid-50"],"jetpack_publicize_connections":[],"jetpack_featured_media_url":"https:\/\/www.hoymercedes.com.ar\/principal\/wp-content\/uploads\/2023\/05\/Imagen-de-WhatsApp-2023-05-29-a-las-10.09.36.jpg","wps_subtitle":"","jetpack_sharing_enabled":true,"_links":{"self":[{"href":"https:\/\/www.hoymercedes.com.ar\/principal\/wp-json\/wp\/v2\/posts\/162768","targetHints":{"allow":["GET"]}}],"collection":[{"href":"https:\/\/www.hoymercedes.com.ar\/principal\/wp-json\/wp\/v2\/posts"}],"about":[{"href":"https:\/\/www.hoymercedes.com.ar\/principal\/wp-json\/wp\/v2\/types\/post"}],"author":[{"embeddable":true,"href":"https:\/\/www.hoymercedes.com.ar\/principal\/wp-json\/wp\/v2\/users\/1"}],"replies":[{"embeddable":true,"href":"https:\/\/www.hoymercedes.com.ar\/principal\/wp-json\/wp\/v2\/comments?post=162768"}],"version-history":[{"count":0,"href":"https:\/\/www.hoymercedes.com.ar\/principal\/wp-json\/wp\/v2\/posts\/162768\/revisions"}],"wp:featuredmedia":[{"embeddable":true,"href":"https:\/\/www.hoymercedes.com.ar\/principal\/wp-json\/wp\/v2\/media\/162772"}],"wp:attachment":[{"href":"https:\/\/www.hoymercedes.com.ar\/principal\/wp-json\/wp\/v2\/media?parent=162768"}],"wp:term":[{"taxonomy":"category","embeddable":true,"href":"https:\/\/www.hoymercedes.com.ar\/principal\/wp-json\/wp\/v2\/categories?post=162768"},{"taxonomy":"post_tag","embeddable":true,"href":"https:\/\/www.hoymercedes.com.ar\/principal\/wp-json\/wp\/v2\/tags?post=162768"}],"curies":[{"name":"wp","href":"https:\/\/api.w.org\/{rel}","templated":true}]}}