{"id":162777,"date":"2023-05-30T07:36:00","date_gmt":"2023-05-30T10:36:00","guid":{"rendered":"https:\/\/www.hoymercedes.com.ar\/principal\/?p=162777"},"modified":"2023-05-29T17:04:40","modified_gmt":"2023-05-29T20:04:40","slug":"se-mudo-el-banquito-de-tribunales","status":"publish","type":"post","link":"https:\/\/www.hoymercedes.com.ar\/principal\/2023\/05\/30\/se-mudo-el-banquito-de-tribunales\/","title":{"rendered":"Se mud\u00f3 el \u201cbanquito\u201d de Tribunales\u00a0"},"content":{"rendered":"\n<p>El Banco Provincia de Buenos Aires inform\u00f3 a sus clientes y al p\u00fablico en general que ha llevado a cabo la mudanza de su Sucursal Tribunales de Mercedes a la nueva ubicaci\u00f3n de calle 22 N\u00b0 628 de la ciudad de Mercedes.\u00a0<\/p>\n\n\n\n<figure class=\"wp-block-image size-full\"><img loading=\"lazy\" decoding=\"async\" width=\"800\" height=\"534\" data-attachment-id=\"162795\" data-permalink=\"https:\/\/www.hoymercedes.com.ar\/principal\/2023\/05\/30\/se-mudo-el-banquito-de-tribunales\/fachada-banco-provincia-nuev\/#main\" data-orig-file=\"https:\/\/www.hoymercedes.com.ar\/principal\/wp-content\/uploads\/2023\/05\/fachada-banco-provincia-nuev.jpg\" data-orig-size=\"800,534\" data-comments-opened=\"0\" data-image-meta=\"{&quot;aperture&quot;:&quot;0&quot;,&quot;credit&quot;:&quot;&quot;,&quot;camera&quot;:&quot;&quot;,&quot;caption&quot;:&quot;&quot;,&quot;created_timestamp&quot;:&quot;1685371382&quot;,&quot;copyright&quot;:&quot;&quot;,&quot;focal_length&quot;:&quot;0&quot;,&quot;iso&quot;:&quot;0&quot;,&quot;shutter_speed&quot;:&quot;0&quot;,&quot;title&quot;:&quot;&quot;,&quot;orientation&quot;:&quot;1&quot;}\" data-image-title=\"fachada banco provincia nuev\" data-image-description=\"\" data-image-caption=\"\" data-large-file=\"https:\/\/www.hoymercedes.com.ar\/principal\/wp-content\/uploads\/2023\/05\/fachada-banco-provincia-nuev.jpg\" src=\"https:\/\/www.hoymercedes.com.ar\/principal\/wp-content\/uploads\/2023\/05\/fachada-banco-provincia-nuev.jpg\" alt=\"\" class=\"wp-image-162795\" srcset=\"https:\/\/www.hoymercedes.com.ar\/principal\/wp-content\/uploads\/2023\/05\/fachada-banco-provincia-nuev.jpg 800w, https:\/\/www.hoymercedes.com.ar\/principal\/wp-content\/uploads\/2023\/05\/fachada-banco-provincia-nuev-630x421.jpg 630w, https:\/\/www.hoymercedes.com.ar\/principal\/wp-content\/uploads\/2023\/05\/fachada-banco-provincia-nuev-150x100.jpg 150w\" sizes=\"auto, (max-width: 800px) 100vw, 800px\" \/><\/figure>\n\n\n\n<p>Con esta reubicaci\u00f3n, el Banco Provincia busca mejorar su atenci\u00f3n al p\u00fablico y brindar un mejor servicio a sus clientes en la zona. La nueva sucursal cuenta con instalaciones modernas y c\u00f3modas, dise\u00f1adas para ofrecer una experiencia bancaria eficiente y de calidad.&nbsp;<\/p>\n\n\n\n<p>Los clientes que necesiten realizar consultas por cuestiones comerciales pueden comunicarse al tel\u00e9fono 02324-426561\/425797. Es importante tener en cuenta que las consultas judiciales se realizan v\u00eda Juzgado por el sistema Augusta y no se evac\u00faan por este medio.&nbsp;<\/p>\n\n\n\n<p>El horario de atenci\u00f3n de la Sucursal Tribunales de Mercedes ser\u00e1 de 8:00 a 13:00 desde el 15 de marzo al 15 de noviembre.&nbsp;<\/p>\n\n\n\n<p>Colaboraci\u00f3n Mariano Oyarz\u00fa<\/p>\n","protected":false},"excerpt":{"rendered":"<p>El Banco Provincia de Buenos Aires inform\u00f3 a sus clientes y al p\u00fablico en general que ha llevado a cabo &#8230; <a title=\"Se mud\u00f3 el \u201cbanquito\u201d de Tribunales\u00a0\" class=\"read-more\" href=\"https:\/\/www.hoymercedes.com.ar\/principal\/2023\/05\/30\/se-mudo-el-banquito-de-tribunales\/\" aria-label=\"Leer m\u00e1s sobre Se mud\u00f3 el \u201cbanquito\u201d de Tribunales\u00a0\">Leer m\u00e1s<\/a><\/p>\n","protected":false},"author":1,"featured_media":162795,"comment_status":"closed","ping_status":"open","sticky":false,"template":"","format":"standard","meta":{"_monsterinsights_skip_tracking":false,"_monsterinsights_sitenote_active":false,"_monsterinsights_sitenote_note":"","_monsterinsights_sitenote_category":0,"jetpack_post_was_ever_published":false,"_jetpack_newsletter_access":"","_jetpack_dont_email_post_to_subs":false,"_jetpack_newsletter_tier_id":0,"_jetpack_memberships_contains_paywalled_content":false,"_jetpack_memberships_contains_paid_content":false,"footnotes":"","jetpack_publicize_message":"","jetpack_publicize_feature_enabled":true,"jetpack_social_post_already_shared":true,"jetpack_social_options":{"image_generator_settings":{"template":"highway","default_image_id":0,"font":"","enabled":false},"version":2},"_wpas_customize_per_network":false},"categories":[8],"tags":[],"class_list":["post-162777","post","type-post","status-publish","format-standard","has-post-thumbnail","hentry","category-sociedad","generate-columns","tablet-grid-50","mobile-grid-100","grid-parent","grid-50"],"jetpack_publicize_connections":[],"jetpack_featured_media_url":"https:\/\/www.hoymercedes.com.ar\/principal\/wp-content\/uploads\/2023\/05\/fachada-banco-provincia-nuev.jpg","wps_subtitle":"","jetpack_sharing_enabled":true,"_links":{"self":[{"href":"https:\/\/www.hoymercedes.com.ar\/principal\/wp-json\/wp\/v2\/posts\/162777","targetHints":{"allow":["GET"]}}],"collection":[{"href":"https:\/\/www.hoymercedes.com.ar\/principal\/wp-json\/wp\/v2\/posts"}],"about":[{"href":"https:\/\/www.hoymercedes.com.ar\/principal\/wp-json\/wp\/v2\/types\/post"}],"author":[{"embeddable":true,"href":"https:\/\/www.hoymercedes.com.ar\/principal\/wp-json\/wp\/v2\/users\/1"}],"replies":[{"embeddable":true,"href":"https:\/\/www.hoymercedes.com.ar\/principal\/wp-json\/wp\/v2\/comments?post=162777"}],"version-history":[{"count":0,"href":"https:\/\/www.hoymercedes.com.ar\/principal\/wp-json\/wp\/v2\/posts\/162777\/revisions"}],"wp:featuredmedia":[{"embeddable":true,"href":"https:\/\/www.hoymercedes.com.ar\/principal\/wp-json\/wp\/v2\/media\/162795"}],"wp:attachment":[{"href":"https:\/\/www.hoymercedes.com.ar\/principal\/wp-json\/wp\/v2\/media?parent=162777"}],"wp:term":[{"taxonomy":"category","embeddable":true,"href":"https:\/\/www.hoymercedes.com.ar\/principal\/wp-json\/wp\/v2\/categories?post=162777"},{"taxonomy":"post_tag","embeddable":true,"href":"https:\/\/www.hoymercedes.com.ar\/principal\/wp-json\/wp\/v2\/tags?post=162777"}],"curies":[{"name":"wp","href":"https:\/\/api.w.org\/{rel}","templated":true}]}}