{"id":162816,"date":"2023-05-30T19:30:00","date_gmt":"2023-05-30T22:30:00","guid":{"rendered":"https:\/\/www.hoymercedes.com.ar\/principal\/?p=162816"},"modified":"2023-05-30T18:59:27","modified_gmt":"2023-05-30T21:59:27","slug":"se-viene-el-festival-de-la-diversidad-en-el-teatro","status":"publish","type":"post","link":"https:\/\/www.hoymercedes.com.ar\/principal\/2023\/05\/30\/se-viene-el-festival-de-la-diversidad-en-el-teatro\/","title":{"rendered":"Se viene el festival de la diversidad en el Teatro"},"content":{"rendered":"\n<figure class=\"wp-block-image size-large\"><img loading=\"lazy\" decoding=\"async\" width=\"1024\" height=\"682\" data-attachment-id=\"162817\" data-permalink=\"https:\/\/www.hoymercedes.com.ar\/principal\/2023\/05\/30\/se-viene-el-festival-de-la-diversidad-en-el-teatro\/guadalupegonzalez\/#main\" data-orig-file=\"https:\/\/www.hoymercedes.com.ar\/principal\/wp-content\/uploads\/2023\/05\/GuadalupeGonzalez.jpg\" data-orig-size=\"1319,879\" data-comments-opened=\"0\" data-image-meta=\"{&quot;aperture&quot;:&quot;0&quot;,&quot;credit&quot;:&quot;&quot;,&quot;camera&quot;:&quot;&quot;,&quot;caption&quot;:&quot;&quot;,&quot;created_timestamp&quot;:&quot;0&quot;,&quot;copyright&quot;:&quot;&quot;,&quot;focal_length&quot;:&quot;0&quot;,&quot;iso&quot;:&quot;0&quot;,&quot;shutter_speed&quot;:&quot;0&quot;,&quot;title&quot;:&quot;&quot;,&quot;orientation&quot;:&quot;0&quot;}\" data-image-title=\"GuadalupeGonzalez\" data-image-description=\"\" data-image-caption=\"\" data-large-file=\"https:\/\/www.hoymercedes.com.ar\/principal\/wp-content\/uploads\/2023\/05\/GuadalupeGonzalez-1024x682.jpg\" src=\"https:\/\/www.hoymercedes.com.ar\/principal\/wp-content\/uploads\/2023\/05\/GuadalupeGonzalez-1024x682.jpg\" alt=\"\" class=\"wp-image-162817\" srcset=\"https:\/\/www.hoymercedes.com.ar\/principal\/wp-content\/uploads\/2023\/05\/GuadalupeGonzalez-1024x682.jpg 1024w, https:\/\/www.hoymercedes.com.ar\/principal\/wp-content\/uploads\/2023\/05\/GuadalupeGonzalez-630x420.jpg 630w, https:\/\/www.hoymercedes.com.ar\/principal\/wp-content\/uploads\/2023\/05\/GuadalupeGonzalez-150x100.jpg 150w, https:\/\/www.hoymercedes.com.ar\/principal\/wp-content\/uploads\/2023\/05\/GuadalupeGonzalez-700x465.jpg 700w, https:\/\/www.hoymercedes.com.ar\/principal\/wp-content\/uploads\/2023\/05\/GuadalupeGonzalez.jpg 1319w\" sizes=\"auto, (max-width: 1024px) 100vw, 1024px\" \/><\/figure>\n\n\n\n<p>Este 3 de junio se conmemora el sexto aniversario desde que surgi\u00f3 el movimiento Ni una menos en Argentina, fecha que representa un d\u00eda de reflexi\u00f3n y de rechazo colectivo a las violencias por motivos de g\u00e9nero. En este sentido, desde la direcci\u00f3n de pol\u00edticas de g\u00e9neros y diversidad se organizan diferentes actividades. &nbsp;<\/p>\n\n\n\n<p>La directora de pol\u00edticas de g\u00e9neros y diversidad Lic. Guadalupe Gonz\u00e1lez cont\u00f3 \u201cdesde el \u00e1rea proponemos en el mes de junio diferentes actividades que nos invitan a reflexionar y a pensar sobre estas violencias que hoy en d\u00eda padecen las mujeres y del colectivo LGBTIQ+\u201d y apunt\u00f3 \u201cen esta oportunidad, como todos los a\u00f1os, vamos a trabajar y profundizar nuestro trabajo que tenemos en educaci\u00f3n, donde desde el \u00e1rea venimos haciendo un trabajo profundo y la mesa intersectorial de g\u00e9nero con el \u00e1mbito de educaci\u00f3n y el \u201c3 J\u201d forma parte del calendario educativo, por lo que este jueves vamos a estar proponiendo una actividad para las escuelas secundarias en el Teatro Argentino con una obra de teatro y luego de un debate acerca de esa obra\u201d<\/p>\n\n\n\n<p>En este sentido, Gonz\u00e1lez manifest\u00f3 \u201cy este 3 de junio vamos a dar a inicio al Ciclo de la Diversidad Cultural, con muchas propuestas art\u00edsticas, la convocatoria es a las 20:30 horas en el Teatro Argentino, Julio C\u00e9sar Gioscio\u201d y agreg\u00f3 \u201ceste ciclo tiene como objetivo poder visibilizar al colectivo LGBTIQ+, armar en la sociedad un lazo donde podamos pensarnos de manera integrada, algo venimos haciendo hace m\u00e1s de un a\u00f1o, con much\u00edsima convocatoria\u201d.<\/p>\n\n\n\n<p>\u201cNos invitamos a reflexionar sobre estas violencias y tambi\u00e9n a divertirnos, porque entendemos que el goce es parte de la salud, por lo que hay ah\u00ed algo que enlaza y une estas dos cuestiones\u201d remarc\u00f3 la directora de pol\u00edticas de g\u00e9neros y diversidad Lic. Guadalupe Gonz\u00e1lez.&nbsp; &nbsp;&nbsp;&nbsp;&nbsp;&nbsp;&nbsp;<\/p>\n","protected":false},"excerpt":{"rendered":"<p>Este 3 de junio se conmemora el sexto aniversario desde que surgi\u00f3 el movimiento Ni una menos en Argentina, fecha &#8230; <a title=\"Se viene el festival de la diversidad en el Teatro\" class=\"read-more\" href=\"https:\/\/www.hoymercedes.com.ar\/principal\/2023\/05\/30\/se-viene-el-festival-de-la-diversidad-en-el-teatro\/\" aria-label=\"Leer m\u00e1s sobre Se viene el festival de la diversidad en el Teatro\">Leer m\u00e1s<\/a><\/p>\n","protected":false},"author":1,"featured_media":162817,"comment_status":"closed","ping_status":"open","sticky":false,"template":"","format":"standard","meta":{"_monsterinsights_skip_tracking":false,"_monsterinsights_sitenote_active":false,"_monsterinsights_sitenote_note":"","_monsterinsights_sitenote_category":0,"jetpack_post_was_ever_published":false,"_jetpack_newsletter_access":"","_jetpack_dont_email_post_to_subs":false,"_jetpack_newsletter_tier_id":0,"_jetpack_memberships_contains_paywalled_content":false,"_jetpack_memberships_contains_paid_content":false,"footnotes":"","jetpack_publicize_message":"","jetpack_publicize_feature_enabled":true,"jetpack_social_post_already_shared":true,"jetpack_social_options":{"image_generator_settings":{"template":"highway","default_image_id":0,"font":"","enabled":false},"version":2},"_wpas_customize_per_network":false},"categories":[8],"tags":[6116,18280],"class_list":["post-162816","post","type-post","status-publish","format-standard","has-post-thumbnail","hentry","category-sociedad","tag-diversidad-cultural","tag-guadalupe-gonzalez","generate-columns","tablet-grid-50","mobile-grid-100","grid-parent","grid-50"],"jetpack_publicize_connections":[],"jetpack_featured_media_url":"https:\/\/www.hoymercedes.com.ar\/principal\/wp-content\/uploads\/2023\/05\/GuadalupeGonzalez.jpg","wps_subtitle":"G\u00e9neros y diversidades","jetpack_sharing_enabled":true,"_links":{"self":[{"href":"https:\/\/www.hoymercedes.com.ar\/principal\/wp-json\/wp\/v2\/posts\/162816","targetHints":{"allow":["GET"]}}],"collection":[{"href":"https:\/\/www.hoymercedes.com.ar\/principal\/wp-json\/wp\/v2\/posts"}],"about":[{"href":"https:\/\/www.hoymercedes.com.ar\/principal\/wp-json\/wp\/v2\/types\/post"}],"author":[{"embeddable":true,"href":"https:\/\/www.hoymercedes.com.ar\/principal\/wp-json\/wp\/v2\/users\/1"}],"replies":[{"embeddable":true,"href":"https:\/\/www.hoymercedes.com.ar\/principal\/wp-json\/wp\/v2\/comments?post=162816"}],"version-history":[{"count":0,"href":"https:\/\/www.hoymercedes.com.ar\/principal\/wp-json\/wp\/v2\/posts\/162816\/revisions"}],"wp:featuredmedia":[{"embeddable":true,"href":"https:\/\/www.hoymercedes.com.ar\/principal\/wp-json\/wp\/v2\/media\/162817"}],"wp:attachment":[{"href":"https:\/\/www.hoymercedes.com.ar\/principal\/wp-json\/wp\/v2\/media?parent=162816"}],"wp:term":[{"taxonomy":"category","embeddable":true,"href":"https:\/\/www.hoymercedes.com.ar\/principal\/wp-json\/wp\/v2\/categories?post=162816"},{"taxonomy":"post_tag","embeddable":true,"href":"https:\/\/www.hoymercedes.com.ar\/principal\/wp-json\/wp\/v2\/tags?post=162816"}],"curies":[{"name":"wp","href":"https:\/\/api.w.org\/{rel}","templated":true}]}}