{"id":162820,"date":"2023-05-30T20:00:00","date_gmt":"2023-05-30T23:00:00","guid":{"rendered":"https:\/\/www.hoymercedes.com.ar\/principal\/?p=162820"},"modified":"2023-05-30T19:01:29","modified_gmt":"2023-05-30T22:01:29","slug":"mucho-para-disfrutar-el-finde-previa-del-salame-y-trencito","status":"publish","type":"post","link":"https:\/\/www.hoymercedes.com.ar\/principal\/2023\/05\/30\/mucho-para-disfrutar-el-finde-previa-del-salame-y-trencito\/","title":{"rendered":"Mucho para disfrutar el finde: Previa del Salame y Trencito"},"content":{"rendered":"\n<p>Tras la emoci\u00f3n y felicidad que despert\u00f3 el hecho hist\u00f3rico de la vuelta del tren a la Trocha, el director de turismo informa el procedimiento para seguir viajando e invita a toda la poblaci\u00f3n a compartir la previa del salame este fin de semana de manera libre, p\u00fablica y gratuita.<\/p>\n\n\n\n<p>El director de turismo, Francisco Dinova cont\u00f3 \u201cpor algunos domingos m\u00e1s el servicio va a ser gratuito, hasta que Trenes Argentino defina la tarifa y quede operativo la forma de pago que va a ser a trav\u00e9s de la tarjeta Sube. Por el momento el servicio va a funcionar el d\u00eda domingo 10:30 de la ma\u00f1ana, hasta ocupar el cupo de los dos vagones del tren, llegar\u00e1 a la localidad de Altamira cerca de las 11:00 donde har\u00e1 un parate de unos 15 minutos para que la gente pueda pasar por la feria y conozca las inmediaciones, para luego retomar el viaje hasta Tom\u00e1s Jofr\u00e9\u201d.<\/p>\n\n\n\n<p>En este sentido, Dinova agreg\u00f3 \u201cla frecuencia de regreso con la misma din\u00e1mica ser\u00e1 a las 16:30 de Jofr\u00e9 hacia Mercedes\u201d y a\u00f1adi\u00f3 \u201cestos viajes, adem\u00e1s, tienen la particularidad de tener un gu\u00eda tur\u00edstico que cuenta la historia de los trenes y el porqu\u00e9 de esta traza, lo que transforme al viaje en una experiencia en s\u00ed\u201d.&nbsp;<\/p>\n\n\n\n<p>La capacidad del tren es de 200 personas -120 sentadas y 80 paradas- y la ocupaci\u00f3n del mismo es por orden de llegada.<\/p>\n\n\n\n<p>Adem\u00e1s, el director de Turismo, se\u00f1al\u00f3 \u201cse est\u00e1 trabajando de manera coordinada desde el Municipio de Mercedes con Trenes Argentinos para aumentar la frecuencia, hay mucha ansiedad y expectativas, pero que sepan que estamos trabajando en ese sentido\u201d<\/p>\n\n\n\n<p><strong>SE VIENE LA PRE FIESTA DEL SALAME<\/strong><\/p>\n\n\n\n<p>Por otro lado, Dinova record\u00f3 que este fin de semana se viene la pre fiesta del salame \u201cvamos a estar con esta propuesta este 3 y 4 de junio \u2013s\u00e1bado y domingo- en el parque Municipal, con entrada libre y gratuita, de 10:00 a 18:00. Habr\u00e1 escenario con artistas locales y tendr\u00e1 la carpa tradicional de los productores con todos los diferentes stands de chacinados, como as\u00ed tambi\u00e9n, representantes de las diferentes fiestas que se realizan en la ciudad\u201d.<\/p>\n","protected":false},"excerpt":{"rendered":"<p>Tras la emoci\u00f3n y felicidad que despert\u00f3 el hecho hist\u00f3rico de la vuelta del tren a la Trocha, el director &#8230; <a title=\"Mucho para disfrutar el finde: Previa del Salame y Trencito\" class=\"read-more\" href=\"https:\/\/www.hoymercedes.com.ar\/principal\/2023\/05\/30\/mucho-para-disfrutar-el-finde-previa-del-salame-y-trencito\/\" aria-label=\"Leer m\u00e1s sobre Mucho para disfrutar el finde: Previa del Salame y Trencito\">Leer m\u00e1s<\/a><\/p>\n","protected":false},"author":1,"featured_media":162821,"comment_status":"closed","ping_status":"open","sticky":false,"template":"","format":"standard","meta":{"_monsterinsights_skip_tracking":false,"_monsterinsights_sitenote_active":false,"_monsterinsights_sitenote_note":"","_monsterinsights_sitenote_category":0,"jetpack_post_was_ever_published":false,"_jetpack_newsletter_access":"","_jetpack_dont_email_post_to_subs":false,"_jetpack_newsletter_tier_id":0,"_jetpack_memberships_contains_paywalled_content":false,"_jetpack_memberships_contains_paid_content":false,"footnotes":"","jetpack_publicize_message":"","jetpack_publicize_feature_enabled":true,"jetpack_social_post_already_shared":true,"jetpack_social_options":{"image_generator_settings":{"template":"highway","default_image_id":0,"font":"","enabled":false},"version":2},"_wpas_customize_per_network":false},"categories":[8],"tags":[18777,18369],"class_list":["post-162820","post","type-post","status-publish","format-standard","has-post-thumbnail","hentry","category-sociedad","tag-previa-del-salame","tag-tren-turistico-mercedes","generate-columns","tablet-grid-50","mobile-grid-100","grid-parent","grid-50"],"jetpack_publicize_connections":[],"jetpack_featured_media_url":"https:\/\/www.hoymercedes.com.ar\/principal\/wp-content\/uploads\/2023\/05\/Dinova-Turismo.jpg","wps_subtitle":"","jetpack_sharing_enabled":true,"_links":{"self":[{"href":"https:\/\/www.hoymercedes.com.ar\/principal\/wp-json\/wp\/v2\/posts\/162820","targetHints":{"allow":["GET"]}}],"collection":[{"href":"https:\/\/www.hoymercedes.com.ar\/principal\/wp-json\/wp\/v2\/posts"}],"about":[{"href":"https:\/\/www.hoymercedes.com.ar\/principal\/wp-json\/wp\/v2\/types\/post"}],"author":[{"embeddable":true,"href":"https:\/\/www.hoymercedes.com.ar\/principal\/wp-json\/wp\/v2\/users\/1"}],"replies":[{"embeddable":true,"href":"https:\/\/www.hoymercedes.com.ar\/principal\/wp-json\/wp\/v2\/comments?post=162820"}],"version-history":[{"count":0,"href":"https:\/\/www.hoymercedes.com.ar\/principal\/wp-json\/wp\/v2\/posts\/162820\/revisions"}],"wp:featuredmedia":[{"embeddable":true,"href":"https:\/\/www.hoymercedes.com.ar\/principal\/wp-json\/wp\/v2\/media\/162821"}],"wp:attachment":[{"href":"https:\/\/www.hoymercedes.com.ar\/principal\/wp-json\/wp\/v2\/media?parent=162820"}],"wp:term":[{"taxonomy":"category","embeddable":true,"href":"https:\/\/www.hoymercedes.com.ar\/principal\/wp-json\/wp\/v2\/categories?post=162820"},{"taxonomy":"post_tag","embeddable":true,"href":"https:\/\/www.hoymercedes.com.ar\/principal\/wp-json\/wp\/v2\/tags?post=162820"}],"curies":[{"name":"wp","href":"https:\/\/api.w.org\/{rel}","templated":true}]}}