{"id":162833,"date":"2023-05-31T10:08:00","date_gmt":"2023-05-31T13:08:00","guid":{"rendered":"https:\/\/www.hoymercedes.com.ar\/principal\/?p=162833"},"modified":"2023-05-31T17:14:13","modified_gmt":"2023-05-31T20:14:13","slug":"campana-solidaria-un-abrigo-para-el-alma-2","status":"publish","type":"post","link":"https:\/\/www.hoymercedes.com.ar\/principal\/2023\/05\/31\/campana-solidaria-un-abrigo-para-el-alma-2\/","title":{"rendered":"Campa\u00f1a Solidaria: Un abrigo para el alma"},"content":{"rendered":"\n<p>Ante la llegada de los d\u00edas fr\u00edos y conociendo la realidad de muchos hogares de la zona rural donde escasean los abrigos, All Boys Solidario y el Club Atl\u00e9tico y V\u00e9lez Sarsfield dan inici\u00f3 una campa\u00f1a solidaria, \u201cun abrigo para el alma\u201d, para recaudar abrigos que ser\u00e1n entregados posteriormente a las familias necesitadas.<\/p>\n\n\n\n<p>El referente de All Boys Solidario Omar \u201cPelusa\u201d Gonz\u00e1lez indic\u00f3 al respecto: \u201cNuestra idea es juntar abrigos para personas de todas las edades, incluso para bebes. Mantas, camperas, poleras, calzados y otros que ser\u00e1n entregados a familias m\u00e1s necesitadas que est\u00e9n pasando necesidades. Somos testigo de las necesidades y eso nos motiv\u00f3\u201d<\/p>\n\n\n\n<p>Asimismo, Gonz\u00e1lez sostuvo: \u201cDurante todo el mes de junio vamos a estar juntando para ir llevando los abrigos a las familias m\u00e1s necesitadas. No buscamos que nos donen cosas nuevas sino cosas que ya no utilicen en las familias. Cosas que a sus hijos les quedaron chicos y que otros pueden utilizar\u201d.<\/p>\n\n\n\n<p>Los interesados en ayudar podr\u00e1n contactarse en oficina administrativa, en horarios de atenci\u00f3n al p\u00fablico. Por Facebook: All Boys Solidario y tambi\u00e9n llamando a los siguientes n\u00fameros de whatsapp:<\/p>\n\n\n\n<p>2324 646206<br>Pelusa Gonz\u00e1lez<br>Malena Del Giudice<br>2324 611439<br>Guillermo Repetto<br>2324 693415.<br>Farmacia Asenzo<br>Calle&nbsp;11&nbsp;y&nbsp;106.<\/p>\n","protected":false},"excerpt":{"rendered":"<p>Ante la llegada de los d\u00edas fr\u00edos y conociendo la realidad de muchos hogares de la zona rural donde escasean &#8230; <a title=\"Campa\u00f1a Solidaria: Un abrigo para el alma\" class=\"read-more\" href=\"https:\/\/www.hoymercedes.com.ar\/principal\/2023\/05\/31\/campana-solidaria-un-abrigo-para-el-alma-2\/\" aria-label=\"Leer m\u00e1s sobre Campa\u00f1a Solidaria: Un abrigo para el alma\">Leer m\u00e1s<\/a><\/p>\n","protected":false},"author":1,"featured_media":129578,"comment_status":"closed","ping_status":"open","sticky":false,"template":"","format":"standard","meta":{"_monsterinsights_skip_tracking":false,"_monsterinsights_sitenote_active":false,"_monsterinsights_sitenote_note":"","_monsterinsights_sitenote_category":0,"jetpack_post_was_ever_published":false,"_jetpack_newsletter_access":"","_jetpack_dont_email_post_to_subs":false,"_jetpack_newsletter_tier_id":0,"_jetpack_memberships_contains_paywalled_content":false,"_jetpack_memberships_contains_paid_content":false,"footnotes":"","jetpack_publicize_message":"","jetpack_publicize_feature_enabled":true,"jetpack_social_post_already_shared":true,"jetpack_social_options":{"image_generator_settings":{"template":"highway","default_image_id":0,"font":"","enabled":false},"version":2},"_wpas_customize_per_network":false},"categories":[8],"tags":[],"class_list":["post-162833","post","type-post","status-publish","format-standard","has-post-thumbnail","hentry","category-sociedad","generate-columns","tablet-grid-50","mobile-grid-100","grid-parent","grid-50"],"jetpack_publicize_connections":[],"jetpack_featured_media_url":"https:\/\/www.hoymercedes.com.ar\/principal\/wp-content\/uploads\/2021\/05\/Allboys-campana.jpeg","wps_subtitle":"","jetpack_sharing_enabled":true,"_links":{"self":[{"href":"https:\/\/www.hoymercedes.com.ar\/principal\/wp-json\/wp\/v2\/posts\/162833","targetHints":{"allow":["GET"]}}],"collection":[{"href":"https:\/\/www.hoymercedes.com.ar\/principal\/wp-json\/wp\/v2\/posts"}],"about":[{"href":"https:\/\/www.hoymercedes.com.ar\/principal\/wp-json\/wp\/v2\/types\/post"}],"author":[{"embeddable":true,"href":"https:\/\/www.hoymercedes.com.ar\/principal\/wp-json\/wp\/v2\/users\/1"}],"replies":[{"embeddable":true,"href":"https:\/\/www.hoymercedes.com.ar\/principal\/wp-json\/wp\/v2\/comments?post=162833"}],"version-history":[{"count":0,"href":"https:\/\/www.hoymercedes.com.ar\/principal\/wp-json\/wp\/v2\/posts\/162833\/revisions"}],"wp:featuredmedia":[{"embeddable":true,"href":"https:\/\/www.hoymercedes.com.ar\/principal\/wp-json\/wp\/v2\/media\/129578"}],"wp:attachment":[{"href":"https:\/\/www.hoymercedes.com.ar\/principal\/wp-json\/wp\/v2\/media?parent=162833"}],"wp:term":[{"taxonomy":"category","embeddable":true,"href":"https:\/\/www.hoymercedes.com.ar\/principal\/wp-json\/wp\/v2\/categories?post=162833"},{"taxonomy":"post_tag","embeddable":true,"href":"https:\/\/www.hoymercedes.com.ar\/principal\/wp-json\/wp\/v2\/tags?post=162833"}],"curies":[{"name":"wp","href":"https:\/\/api.w.org\/{rel}","templated":true}]}}