{"id":162852,"date":"2023-06-01T07:29:00","date_gmt":"2023-06-01T10:29:00","guid":{"rendered":"https:\/\/www.hoymercedes.com.ar\/principal\/?p=162852"},"modified":"2023-06-01T01:16:56","modified_gmt":"2023-06-01T04:16:56","slug":"dia-del-sociologo-a-distinguiran-a-la-lic-leonor-ocampo","status":"publish","type":"post","link":"https:\/\/www.hoymercedes.com.ar\/principal\/2023\/06\/01\/dia-del-sociologo-a-distinguiran-a-la-lic-leonor-ocampo\/","title":{"rendered":"D\u00eda del Soci\u00f3logo\/a: distinguir\u00e1n a la Lic. Leonor Ocampo"},"content":{"rendered":"\n<p>En el marco del D\u00eda del Soci\u00f3logo y Soci\u00f3loga a celebrarse este 1\u00b0 de junio, el Consejo de Profesionales en Sociolog\u00eda, el Colegio de Soci\u00f3logos de la pcia. de Buenos Aires y la Asociaci\u00f3n de Sociolog\u00eda de la Rep\u00fablica Argentina, llevar\u00e1n adelante una jornada de capacitaci\u00f3n en donde, a su vez, distinguir\u00e1n a la convecina Soci\u00f3loga Lic. Leonor Ocampo. <\/p>\n\n\n\n<p>A trav\u00e9s de una transmisi\u00f3n virtual, las instituciones de profesionales en Sociolog\u00eda le entregar\u00e1n a la Lic. Ocampo la distinci\u00f3n \u00abAntonio Dellepiani\u00bb por su trayectoria profesional, al igual que a otros profesionales en el \u00e1rea. Ser\u00e1 un homenaje a la primera c\u00e1tedra de Sociolog\u00eda en Argentina, dictada por el Dr. Antonio Dellepiane en 1899. Presentan el Lic. Alejandro An\u00edbal Terriles (Socio Fundador ASRA- Presidente Tribunal Etica y Disciplina CPS Ley N\u00b0 23.553) y Lic. Pedro Orden (Presidente del CSPBA Ley N\u00b0 10.307)<\/p>\n\n\n\n<p>As\u00edmismo, han organizado una jornada en la que se presentar\u00e1n dos paneles. El primero, con expositores de la consultor\u00eda pol\u00edtica que tratar\u00e1 como tema \u201cHumor social de los argentinos\/as en un contexto de elecciones. Tendr\u00e1n como oradores  a Eduardo Fidanza (Director Consultora Poliarqu\u00eda) y Federico Aurelio (Director Consultora Aresco)<\/p>\n\n\n\n<p>En el segundo panel, integrado por profesionales en sociolog\u00eda, se analizar\u00e1 \u201cEl futuro de la profesi\u00f3n\u201d.\u00a0All\u00ed expondr\u00e1n Miguel \u00c1ngel Forte (Profesor UBA &#8211; FLACSO e Investigador IIGG), Betsab\u00e9 Cohen (Analista de Datos), y Gast\u00f3n Becerra (Conicet &#8211; UBA &#8211; UFLO)<\/p>\n\n\n\n<p>El encuentro tendr\u00e1 lugar el d\u00eda Jueves 1\u00b0 de Junio, de 18 a 20 hs y ser\u00e1 transmitido v\u00eda Zoom. Requiere inscripci\u00f3n previa, dentro del siguiente link: <a href=\"https:\/\/forms.gle\/yRufqjHiBG159NfWA\" target=\"_blank\" rel=\"noopener\">https:\/\/forms.gle\/yRufqjHiBG159NfWA<\/a><\/p>\n","protected":false},"excerpt":{"rendered":"<p>En el marco del D\u00eda del Soci\u00f3logo y Soci\u00f3loga a celebrarse este 1\u00b0 de junio, el Consejo de Profesionales en &#8230; <a title=\"D\u00eda del Soci\u00f3logo\/a: distinguir\u00e1n a la Lic. Leonor Ocampo\" class=\"read-more\" href=\"https:\/\/www.hoymercedes.com.ar\/principal\/2023\/06\/01\/dia-del-sociologo-a-distinguiran-a-la-lic-leonor-ocampo\/\" aria-label=\"Leer m\u00e1s sobre D\u00eda del Soci\u00f3logo\/a: distinguir\u00e1n a la Lic. Leonor Ocampo\">Leer m\u00e1s<\/a><\/p>\n","protected":false},"author":1,"featured_media":162853,"comment_status":"closed","ping_status":"open","sticky":false,"template":"","format":"standard","meta":{"_monsterinsights_skip_tracking":false,"_monsterinsights_sitenote_active":false,"_monsterinsights_sitenote_note":"","_monsterinsights_sitenote_category":0,"jetpack_post_was_ever_published":false,"_jetpack_newsletter_access":"","_jetpack_dont_email_post_to_subs":false,"_jetpack_newsletter_tier_id":0,"_jetpack_memberships_contains_paywalled_content":false,"_jetpack_memberships_contains_paid_content":false,"footnotes":"","jetpack_publicize_message":"","jetpack_publicize_feature_enabled":true,"jetpack_social_post_already_shared":true,"jetpack_social_options":{"image_generator_settings":{"template":"highway","default_image_id":0,"font":"","enabled":false},"version":2},"_wpas_customize_per_network":false},"categories":[8],"tags":[],"class_list":["post-162852","post","type-post","status-publish","format-standard","has-post-thumbnail","hentry","category-sociedad","generate-columns","tablet-grid-50","mobile-grid-100","grid-parent","grid-50"],"jetpack_publicize_connections":[],"jetpack_featured_media_url":"https:\/\/www.hoymercedes.com.ar\/principal\/wp-content\/uploads\/2023\/06\/foto-leonor-3.jpg","wps_subtitle":"","jetpack_sharing_enabled":true,"_links":{"self":[{"href":"https:\/\/www.hoymercedes.com.ar\/principal\/wp-json\/wp\/v2\/posts\/162852","targetHints":{"allow":["GET"]}}],"collection":[{"href":"https:\/\/www.hoymercedes.com.ar\/principal\/wp-json\/wp\/v2\/posts"}],"about":[{"href":"https:\/\/www.hoymercedes.com.ar\/principal\/wp-json\/wp\/v2\/types\/post"}],"author":[{"embeddable":true,"href":"https:\/\/www.hoymercedes.com.ar\/principal\/wp-json\/wp\/v2\/users\/1"}],"replies":[{"embeddable":true,"href":"https:\/\/www.hoymercedes.com.ar\/principal\/wp-json\/wp\/v2\/comments?post=162852"}],"version-history":[{"count":0,"href":"https:\/\/www.hoymercedes.com.ar\/principal\/wp-json\/wp\/v2\/posts\/162852\/revisions"}],"wp:featuredmedia":[{"embeddable":true,"href":"https:\/\/www.hoymercedes.com.ar\/principal\/wp-json\/wp\/v2\/media\/162853"}],"wp:attachment":[{"href":"https:\/\/www.hoymercedes.com.ar\/principal\/wp-json\/wp\/v2\/media?parent=162852"}],"wp:term":[{"taxonomy":"category","embeddable":true,"href":"https:\/\/www.hoymercedes.com.ar\/principal\/wp-json\/wp\/v2\/categories?post=162852"},{"taxonomy":"post_tag","embeddable":true,"href":"https:\/\/www.hoymercedes.com.ar\/principal\/wp-json\/wp\/v2\/tags?post=162852"}],"curies":[{"name":"wp","href":"https:\/\/api.w.org\/{rel}","templated":true}]}}