{"id":162891,"date":"2023-06-01T22:04:00","date_gmt":"2023-06-02T01:04:00","guid":{"rendered":"https:\/\/www.hoymercedes.com.ar\/principal\/?p=162891"},"modified":"2023-06-01T21:12:01","modified_gmt":"2023-06-02T00:12:01","slug":"el-afamado-pianista-hugo-schuler-se-presenta-en-el-ciclo-pro-arte-mercedes","status":"publish","type":"post","link":"https:\/\/www.hoymercedes.com.ar\/principal\/2023\/06\/01\/el-afamado-pianista-hugo-schuler-se-presenta-en-el-ciclo-pro-arte-mercedes\/","title":{"rendered":"El afamado pianista Hugo Schuler se presenta en el Ciclo Pro Arte Mercedes"},"content":{"rendered":"\n<p>Por <strong>Susana Spano<\/strong>\u00a0&#8211; El pr\u00f3ximo s\u00e1bado 3 de junio, a partir de las 20:00, en el <strong>Ciclo Pro Arte Mercedes\u00a0 &#8211;\u00a0\u00a0 Centro de<\/strong> <strong>Egresados del Colegio Nacional Florentino<\/strong> <strong>Ameghino<\/strong>\u00a0 &#8211;\u00a0 se presentar\u00e1 el destacado pianista<strong> Hugo<\/strong> <strong>Schuler<\/strong>, interpretando de <strong>Johann Sebastian Bach: Las Variaciones Goldberg<\/strong>.\u00a0<\/p>\n\n\n<div class=\"wp-block-image\">\n<figure class=\"alignleft size-full\"><img loading=\"lazy\" decoding=\"async\" width=\"533\" height=\"800\" data-attachment-id=\"162892\" data-permalink=\"https:\/\/www.hoymercedes.com.ar\/principal\/2023\/06\/01\/el-afamado-pianista-hugo-schuler-se-presenta-en-el-ciclo-pro-arte-mercedes\/imagen-de-whatsapp-2023-06-01-a-las-20-25-57\/#main\" data-orig-file=\"https:\/\/www.hoymercedes.com.ar\/principal\/wp-content\/uploads\/2023\/06\/Imagen-de-WhatsApp-2023-06-01-a-las-20.25.57.jpg\" data-orig-size=\"533,800\" data-comments-opened=\"0\" data-image-meta=\"{&quot;aperture&quot;:&quot;0&quot;,&quot;credit&quot;:&quot;&quot;,&quot;camera&quot;:&quot;&quot;,&quot;caption&quot;:&quot;&quot;,&quot;created_timestamp&quot;:&quot;0&quot;,&quot;copyright&quot;:&quot;&quot;,&quot;focal_length&quot;:&quot;0&quot;,&quot;iso&quot;:&quot;0&quot;,&quot;shutter_speed&quot;:&quot;0&quot;,&quot;title&quot;:&quot;&quot;,&quot;orientation&quot;:&quot;0&quot;}\" data-image-title=\"Imagen de WhatsApp 2023-06-01 a las 20.25.57\" data-image-description=\"\" data-image-caption=\"\" data-large-file=\"https:\/\/www.hoymercedes.com.ar\/principal\/wp-content\/uploads\/2023\/06\/Imagen-de-WhatsApp-2023-06-01-a-las-20.25.57.jpg\" src=\"https:\/\/www.hoymercedes.com.ar\/principal\/wp-content\/uploads\/2023\/06\/Imagen-de-WhatsApp-2023-06-01-a-las-20.25.57.jpg\" alt=\"\" class=\"wp-image-162892\" srcset=\"https:\/\/www.hoymercedes.com.ar\/principal\/wp-content\/uploads\/2023\/06\/Imagen-de-WhatsApp-2023-06-01-a-las-20.25.57.jpg 533w, https:\/\/www.hoymercedes.com.ar\/principal\/wp-content\/uploads\/2023\/06\/Imagen-de-WhatsApp-2023-06-01-a-las-20.25.57-413x620.jpg 413w, https:\/\/www.hoymercedes.com.ar\/principal\/wp-content\/uploads\/2023\/06\/Imagen-de-WhatsApp-2023-06-01-a-las-20.25.57-100x150.jpg 100w\" sizes=\"auto, (max-width: 533px) 100vw, 533px\" \/><\/figure>\n<\/div>\n\n\n<p><strong>Hugo Schuler <\/strong>inici\u00f3 su formaci\u00f3n con los maestros <strong>Antognazzi y Scarabino<\/strong>. Se perfeccion\u00f3 en Europa con <strong>Alicia de Larrocha y Tensy Krismant,<\/strong> y realiz\u00f3 estudios de postgrado en el Conservatorio Superior de M\u00fasica del Liceo de Barcelona.&nbsp;&nbsp;<\/p>\n\n\n\n<p>Galardonado en importantes concursos nacionales e internacionales, es considerado uno de los m\u00e1ximos referentes pian\u00edsticos argentinos de su generaci\u00f3n. Caracterizado por la cr\u00edtica especializada como un<strong><em> \u201cfascinante fen\u00f3meno pian\u00edstico\u201d <\/em><\/strong>y un <strong><em>\u201cgigante de la interpretaci\u00f3n de<\/em><\/strong> <strong><em>Bach de nuestros d\u00edas\u201d<\/em><\/strong> (The Listener, Alemania), se destaca por su <strong><em>\u201cmagistral arte pian\u00edstico\u201d<\/em><\/strong> y su <strong><em>\u201cprofunda musicalidad\u201d<\/em><\/strong> (La Naci\u00f3n).&nbsp;&nbsp;<\/p>\n\n\n\n<p>En nuestro pa\u00eds, se ha presentado con las principales orquestas: <strong>Filarm\u00f3nica de Buenos Aires y&nbsp; Sinf\u00f3nica Nacional.<\/strong>&nbsp;<\/p>\n\n\n\n<p>Su importante trayectoria art\u00edstica en Europa incluye grabaciones comerciales en Alemania para el sello Naxos y presentaciones en Polonia, Italia, Alemania, Espa\u00f1a, B\u00e9lgica y Holanda.&nbsp;<\/p>\n\n\n\n<p><strong>Mag\u00edster en interpretaci\u00f3n pian\u00edstica y Doctorando en Artes<\/strong>, el maestro <strong>Schuler<\/strong> desarrolla una amplia labor acad\u00e9mica como profesor titular de Piano y Contrapunto en importantes universidades: Nacional de las Artes y Cat\u00f3lica de Salta. Ha impartido tambi\u00e9n clases magistrales en destacados conservatorios e instituciones, tales como el Conservatorio superior de M\u00fasica del Liceo de Barcelona, Conservatorio Superior de M\u00fasica \u201cManuel de Falla\u201d, la Universidad Nacional de Rosario, y el Conservatorio Nacional de M\u00fasica de Paraguay.&nbsp;<\/p>\n\n\n\n<p><strong>Las Variaciones Goldberg,<\/strong> que fueron oportunamente analizadas el 25 de mayo en este medio, representan una de las m\u00e1s complejas obras de Bach. El mi\u00e9rcoles 1 de junio en una entrevista exclusiva que concedi\u00f3 a Radio F\u00e9nix -93.9 MHz &#8211; el Maestro Schuler, explic\u00f3 la influencia que tuvieron en su carrera y qu\u00e9 significa para \u00e9l interpretarlas.&nbsp;<\/p>\n\n\n\n<p>El pr\u00f3ximo s\u00e1bado 3 de junio, a las 20:00, el ciclo <strong>Pro Arte Mercedes 2023<\/strong>\u00a0 invita a vivir una velada memorable, en la que podremos escuchar a un pianista de excelencia interpretando una obra \u00fanica en su g\u00e9nero.\u00a0<\/p>\n\n\n\n<figure class=\"wp-block-embed is-type-video is-provider-youtube wp-block-embed-youtube wp-embed-aspect-4-3 wp-has-aspect-ratio\"><div class=\"wp-block-embed__wrapper\">\n<span class=\"embed-youtube\" style=\"text-align:center; display: block;\"><iframe loading=\"lazy\" class=\"youtube-player\" width=\"1200\" height=\"675\" src=\"https:\/\/www.youtube.com\/embed\/61JVkGKHWZE?version=3&#038;rel=1&#038;showsearch=0&#038;showinfo=1&#038;iv_load_policy=1&#038;fs=1&#038;hl=es-ES&#038;autohide=2&#038;wmode=transparent\" allowfullscreen=\"true\" style=\"border:0;\" sandbox=\"allow-scripts allow-same-origin allow-popups allow-presentation allow-popups-to-escape-sandbox\"><\/iframe><\/span>\n<\/div><\/figure>\n","protected":false},"excerpt":{"rendered":"<p>Por Susana Spano\u00a0&#8211; El pr\u00f3ximo s\u00e1bado 3 de junio, a partir de las 20:00, en el Ciclo Pro Arte Mercedes\u00a0 &#8230; <a title=\"El afamado pianista Hugo Schuler se presenta en el Ciclo Pro Arte Mercedes\" class=\"read-more\" href=\"https:\/\/www.hoymercedes.com.ar\/principal\/2023\/06\/01\/el-afamado-pianista-hugo-schuler-se-presenta-en-el-ciclo-pro-arte-mercedes\/\" aria-label=\"Leer m\u00e1s sobre El afamado pianista Hugo Schuler se presenta en el Ciclo Pro Arte Mercedes\">Leer m\u00e1s<\/a><\/p>\n","protected":false},"author":1,"featured_media":162892,"comment_status":"closed","ping_status":"open","sticky":false,"template":"","format":"standard","meta":{"_monsterinsights_skip_tracking":false,"_monsterinsights_sitenote_active":false,"_monsterinsights_sitenote_note":"","_monsterinsights_sitenote_category":0,"jetpack_post_was_ever_published":false,"_jetpack_newsletter_access":"","_jetpack_dont_email_post_to_subs":false,"_jetpack_newsletter_tier_id":0,"_jetpack_memberships_contains_paywalled_content":false,"_jetpack_memberships_contains_paid_content":false,"footnotes":"","jetpack_publicize_message":"","jetpack_publicize_feature_enabled":true,"jetpack_social_post_already_shared":true,"jetpack_social_options":{"image_generator_settings":{"template":"highway","default_image_id":0,"font":"","enabled":false},"version":2},"_wpas_customize_per_network":false},"categories":[104],"tags":[7805],"class_list":["post-162891","post","type-post","status-publish","format-standard","has-post-thumbnail","hentry","category-cultura","tag-cultura","generate-columns","tablet-grid-50","mobile-grid-100","grid-parent","grid-50"],"jetpack_publicize_connections":[],"jetpack_featured_media_url":"https:\/\/www.hoymercedes.com.ar\/principal\/wp-content\/uploads\/2023\/06\/Imagen-de-WhatsApp-2023-06-01-a-las-20.25.57.jpg","wps_subtitle":"","jetpack_sharing_enabled":true,"_links":{"self":[{"href":"https:\/\/www.hoymercedes.com.ar\/principal\/wp-json\/wp\/v2\/posts\/162891","targetHints":{"allow":["GET"]}}],"collection":[{"href":"https:\/\/www.hoymercedes.com.ar\/principal\/wp-json\/wp\/v2\/posts"}],"about":[{"href":"https:\/\/www.hoymercedes.com.ar\/principal\/wp-json\/wp\/v2\/types\/post"}],"author":[{"embeddable":true,"href":"https:\/\/www.hoymercedes.com.ar\/principal\/wp-json\/wp\/v2\/users\/1"}],"replies":[{"embeddable":true,"href":"https:\/\/www.hoymercedes.com.ar\/principal\/wp-json\/wp\/v2\/comments?post=162891"}],"version-history":[{"count":0,"href":"https:\/\/www.hoymercedes.com.ar\/principal\/wp-json\/wp\/v2\/posts\/162891\/revisions"}],"wp:featuredmedia":[{"embeddable":true,"href":"https:\/\/www.hoymercedes.com.ar\/principal\/wp-json\/wp\/v2\/media\/162892"}],"wp:attachment":[{"href":"https:\/\/www.hoymercedes.com.ar\/principal\/wp-json\/wp\/v2\/media?parent=162891"}],"wp:term":[{"taxonomy":"category","embeddable":true,"href":"https:\/\/www.hoymercedes.com.ar\/principal\/wp-json\/wp\/v2\/categories?post=162891"},{"taxonomy":"post_tag","embeddable":true,"href":"https:\/\/www.hoymercedes.com.ar\/principal\/wp-json\/wp\/v2\/tags?post=162891"}],"curies":[{"name":"wp","href":"https:\/\/api.w.org\/{rel}","templated":true}]}}