{"id":162896,"date":"2023-06-02T11:33:06","date_gmt":"2023-06-02T14:33:06","guid":{"rendered":"https:\/\/www.hoymercedes.com.ar\/principal\/?p=162896"},"modified":"2023-06-02T11:40:32","modified_gmt":"2023-06-02T14:40:32","slug":"ni-una-menos-jornada-educativa-con-un-unipersonal","status":"publish","type":"post","link":"https:\/\/www.hoymercedes.com.ar\/principal\/2023\/06\/02\/ni-una-menos-jornada-educativa-con-un-unipersonal\/","title":{"rendered":"Ni Una Menos: jornada educativa con un unipersonal"},"content":{"rendered":"\n<p>En la jornada del d\u00eda jueves, desde el Municipio de Mercedes juntos con Inspecci\u00f3n Educativa se llev\u00f3 adelante un encuentro de j\u00f3venes anticipando el encuentro nacional del movimiento Ni Una Menos (a desarrollarse el 3 de junio). En el teatro municipal, los estudiantes presentes vieron un unipersonal en base a la obra \u00abLa Fierecilla Domada\u00bb que permiti\u00f3 para continuar con un momento de reflexi\u00f3n y an\u00e1lisis de la actualidad. <\/p>\n\n\n\n<p>La directora de pol\u00edticas de g\u00e9neros y diversidad Lic. Guadalupe Gonz\u00e1lez expres\u00f3: \u00abPara nosotros el 3 de junio representa un hito, nuestra primera salida a la calle de la sociedad para decir basta de violencia con motivo de g\u00e9nero, por lo que esa fecha marca una bisagra en la agenda pol\u00edtica que nos proponemos. El objetivo de este encuentro es poder hablar y reflexionar los modos en los que nos vinculamos y as\u00ed poder generar h\u00e1bitos m\u00e1s saludables, de intercambio, donde haya igualdad\u201d. <\/p>\n\n\n<div class=\"wp-block-image\">\n<figure class=\"aligncenter size-full\"><img loading=\"lazy\" decoding=\"async\" width=\"800\" height=\"533\" data-attachment-id=\"162897\" data-permalink=\"https:\/\/www.hoymercedes.com.ar\/principal\/2023\/06\/02\/ni-una-menos-jornada-educativa-con-un-unipersonal\/dsc09522\/#main\" data-orig-file=\"https:\/\/www.hoymercedes.com.ar\/principal\/wp-content\/uploads\/2023\/06\/DSC09522.jpg\" data-orig-size=\"800,533\" data-comments-opened=\"0\" data-image-meta=\"{&quot;aperture&quot;:&quot;0&quot;,&quot;credit&quot;:&quot;&quot;,&quot;camera&quot;:&quot;&quot;,&quot;caption&quot;:&quot;&quot;,&quot;created_timestamp&quot;:&quot;0&quot;,&quot;copyright&quot;:&quot;&quot;,&quot;focal_length&quot;:&quot;0&quot;,&quot;iso&quot;:&quot;0&quot;,&quot;shutter_speed&quot;:&quot;0&quot;,&quot;title&quot;:&quot;&quot;,&quot;orientation&quot;:&quot;0&quot;}\" data-image-title=\"DSC09522\" data-image-description=\"\" data-image-caption=\"\" data-large-file=\"https:\/\/www.hoymercedes.com.ar\/principal\/wp-content\/uploads\/2023\/06\/DSC09522.jpg\" src=\"https:\/\/www.hoymercedes.com.ar\/principal\/wp-content\/uploads\/2023\/06\/DSC09522.jpg\" alt=\"\" class=\"wp-image-162897\" srcset=\"https:\/\/www.hoymercedes.com.ar\/principal\/wp-content\/uploads\/2023\/06\/DSC09522.jpg 800w, https:\/\/www.hoymercedes.com.ar\/principal\/wp-content\/uploads\/2023\/06\/DSC09522-630x420.jpg 630w, https:\/\/www.hoymercedes.com.ar\/principal\/wp-content\/uploads\/2023\/06\/DSC09522-150x100.jpg 150w, https:\/\/www.hoymercedes.com.ar\/principal\/wp-content\/uploads\/2023\/06\/DSC09522-700x465.jpg 700w\" sizes=\"auto, (max-width: 800px) 100vw, 800px\" \/><\/figure>\n<\/div>","protected":false},"excerpt":{"rendered":"<p>En la jornada del d\u00eda jueves, desde el Municipio de Mercedes juntos con Inspecci\u00f3n Educativa se llev\u00f3 adelante un encuentro &#8230; <a title=\"Ni Una Menos: jornada educativa con un unipersonal\" class=\"read-more\" href=\"https:\/\/www.hoymercedes.com.ar\/principal\/2023\/06\/02\/ni-una-menos-jornada-educativa-con-un-unipersonal\/\" aria-label=\"Leer m\u00e1s sobre Ni Una Menos: jornada educativa con un unipersonal\">Leer m\u00e1s<\/a><\/p>\n","protected":false},"author":1,"featured_media":162897,"comment_status":"closed","ping_status":"open","sticky":false,"template":"","format":"standard","meta":{"_monsterinsights_skip_tracking":false,"_monsterinsights_sitenote_active":false,"_monsterinsights_sitenote_note":"","_monsterinsights_sitenote_category":0,"jetpack_post_was_ever_published":false,"_jetpack_newsletter_access":"","_jetpack_dont_email_post_to_subs":false,"_jetpack_newsletter_tier_id":0,"_jetpack_memberships_contains_paywalled_content":false,"_jetpack_memberships_contains_paid_content":false,"footnotes":"","jetpack_publicize_message":"","jetpack_publicize_feature_enabled":true,"jetpack_social_post_already_shared":true,"jetpack_social_options":{"image_generator_settings":{"template":"highway","default_image_id":0,"font":"","enabled":false},"version":2},"_wpas_customize_per_network":false},"categories":[30],"tags":[7805,47,244],"class_list":["post-162896","post","type-post","status-publish","format-standard","has-post-thumbnail","hentry","category-municipio","tag-cultura","tag-educacion-2","tag-municipio-2","generate-columns","tablet-grid-50","mobile-grid-100","grid-parent","grid-50"],"jetpack_publicize_connections":[],"jetpack_featured_media_url":"https:\/\/www.hoymercedes.com.ar\/principal\/wp-content\/uploads\/2023\/06\/DSC09522.jpg","wps_subtitle":"","jetpack_sharing_enabled":true,"_links":{"self":[{"href":"https:\/\/www.hoymercedes.com.ar\/principal\/wp-json\/wp\/v2\/posts\/162896","targetHints":{"allow":["GET"]}}],"collection":[{"href":"https:\/\/www.hoymercedes.com.ar\/principal\/wp-json\/wp\/v2\/posts"}],"about":[{"href":"https:\/\/www.hoymercedes.com.ar\/principal\/wp-json\/wp\/v2\/types\/post"}],"author":[{"embeddable":true,"href":"https:\/\/www.hoymercedes.com.ar\/principal\/wp-json\/wp\/v2\/users\/1"}],"replies":[{"embeddable":true,"href":"https:\/\/www.hoymercedes.com.ar\/principal\/wp-json\/wp\/v2\/comments?post=162896"}],"version-history":[{"count":0,"href":"https:\/\/www.hoymercedes.com.ar\/principal\/wp-json\/wp\/v2\/posts\/162896\/revisions"}],"wp:featuredmedia":[{"embeddable":true,"href":"https:\/\/www.hoymercedes.com.ar\/principal\/wp-json\/wp\/v2\/media\/162897"}],"wp:attachment":[{"href":"https:\/\/www.hoymercedes.com.ar\/principal\/wp-json\/wp\/v2\/media?parent=162896"}],"wp:term":[{"taxonomy":"category","embeddable":true,"href":"https:\/\/www.hoymercedes.com.ar\/principal\/wp-json\/wp\/v2\/categories?post=162896"},{"taxonomy":"post_tag","embeddable":true,"href":"https:\/\/www.hoymercedes.com.ar\/principal\/wp-json\/wp\/v2\/tags?post=162896"}],"curies":[{"name":"wp","href":"https:\/\/api.w.org\/{rel}","templated":true}]}}