{"id":162904,"date":"2023-06-02T18:24:00","date_gmt":"2023-06-02T21:24:00","guid":{"rendered":"https:\/\/www.hoymercedes.com.ar\/principal\/?p=162904"},"modified":"2023-06-02T16:59:22","modified_gmt":"2023-06-02T19:59:22","slug":"lalcec-lanza-campana-contra-el-cancer-de-prostata","status":"publish","type":"post","link":"https:\/\/www.hoymercedes.com.ar\/principal\/2023\/06\/02\/lalcec-lanza-campana-contra-el-cancer-de-prostata\/","title":{"rendered":"LALCEC lanza campa\u00f1a contra el c\u00e1ncer de pr\u00f3stata"},"content":{"rendered":"\n<p>En el marco del D\u00eda Mundial del C\u00e1ncer de Pr\u00f3stata que se conmemora el 11 de junio, desde LALCEC Mercedes lanzaron la campa\u00f1a concientizaci\u00f3n y prevenci\u00f3n contra este tipo de c\u00e1ncer. Del 12 al 16 de junio\u00a0estar\u00e1n atendiendo a hombres mayores de\u00a0 50 a\u00f1os a la consulta con el ur\u00f3logo. <\/p>\n\n\n\n<p>&nbsp;El c\u00e1ncer de pr\u00f3stata es uno de los m\u00e1s&nbsp;frecuentes&nbsp;y&nbsp;con&nbsp;mayor&nbsp;incidencia&nbsp;en los hombres en el mundo entero, fundamentalmente porque se ha alargado la expectativa de vida de los seres humanos.&nbsp;Sin embargo, la cantidad de muertes es baja en relaci\u00f3n a la cantidad de diagn\u00f3sticos. Esto se debe a que puede detectarse tempranamente mediante estudios como el control urol\u00f3gico a trav\u00e9s del tacto rectal, PSA total en sangre o la ecograf\u00eda prost\u00e1tica.<\/p>\n\n\n\n<p>El&nbsp;75%&nbsp;de&nbsp;los&nbsp;casos&nbsp;afecta fundamentalmente&nbsp;a&nbsp;hombres&nbsp;mayores&nbsp;de 65&nbsp;a\u00f1os que&nbsp;no tienen factores&nbsp;de riesgo evidentes.&nbsp;Por eso,&nbsp;LALCEC&nbsp;recomienda el control&nbsp;anual&nbsp;urol\u00f3gico a partir de los 50 a\u00f1os a modo de prevenir y detectar la enfermedad en sus primeros estadios.<\/p>\n\n\n\n<p>LALCEC Mercedes Contra el C\u00e1ncer, ofrece la realizaci\u00f3n del correspondiente estudio de detecci\u00f3n (PSA) y el seguimiento correspondiente, para hombres a partir de los 50 a\u00f1os de edad, sin cobertura social.<\/p>\n\n\n\n<p>Es necesario contactarse con la instituci\u00f3n concurriendo personalmente a la sede de calle 39 N\u00ba 419, de lunes a viernes de 15.30 a 17.30 hs, o comunic\u00e1ndose a los tel\u00e9fonos 431360 o 15676786. La inscripci\u00f3n es del lunes 12 al viernes 16 de junio.<\/p>\n\n\n\n<figure class=\"wp-block-image size-full\"><img loading=\"lazy\" decoding=\"async\" width=\"800\" height=\"630\" data-attachment-id=\"162905\" data-permalink=\"https:\/\/www.hoymercedes.com.ar\/principal\/2023\/06\/02\/lalcec-lanza-campana-contra-el-cancer-de-prostata\/campana-prostata-2023\/#main\" data-orig-file=\"https:\/\/www.hoymercedes.com.ar\/principal\/wp-content\/uploads\/2023\/06\/Campana-Prostata-2023.jpg\" data-orig-size=\"800,630\" data-comments-opened=\"0\" data-image-meta=\"{&quot;aperture&quot;:&quot;0&quot;,&quot;credit&quot;:&quot;&quot;,&quot;camera&quot;:&quot;&quot;,&quot;caption&quot;:&quot;&quot;,&quot;created_timestamp&quot;:&quot;0&quot;,&quot;copyright&quot;:&quot;&quot;,&quot;focal_length&quot;:&quot;0&quot;,&quot;iso&quot;:&quot;0&quot;,&quot;shutter_speed&quot;:&quot;0&quot;,&quot;title&quot;:&quot;&quot;,&quot;orientation&quot;:&quot;1&quot;}\" data-image-title=\"Campa\u00f1a Prostata 2023\" data-image-description=\"\" data-image-caption=\"\" data-large-file=\"https:\/\/www.hoymercedes.com.ar\/principal\/wp-content\/uploads\/2023\/06\/Campana-Prostata-2023.jpg\" src=\"https:\/\/www.hoymercedes.com.ar\/principal\/wp-content\/uploads\/2023\/06\/Campana-Prostata-2023.jpg\" alt=\"\" class=\"wp-image-162905\" srcset=\"https:\/\/www.hoymercedes.com.ar\/principal\/wp-content\/uploads\/2023\/06\/Campana-Prostata-2023.jpg 800w, https:\/\/www.hoymercedes.com.ar\/principal\/wp-content\/uploads\/2023\/06\/Campana-Prostata-2023-630x496.jpg 630w, https:\/\/www.hoymercedes.com.ar\/principal\/wp-content\/uploads\/2023\/06\/Campana-Prostata-2023-150x118.jpg 150w\" sizes=\"auto, (max-width: 800px) 100vw, 800px\" \/><\/figure>\n","protected":false},"excerpt":{"rendered":"<p>En el marco del D\u00eda Mundial del C\u00e1ncer de Pr\u00f3stata que se conmemora el 11 de junio, desde LALCEC Mercedes &#8230; <a title=\"LALCEC lanza campa\u00f1a contra el c\u00e1ncer de pr\u00f3stata\" class=\"read-more\" href=\"https:\/\/www.hoymercedes.com.ar\/principal\/2023\/06\/02\/lalcec-lanza-campana-contra-el-cancer-de-prostata\/\" aria-label=\"Leer m\u00e1s sobre LALCEC lanza campa\u00f1a contra el c\u00e1ncer de pr\u00f3stata\">Leer m\u00e1s<\/a><\/p>\n","protected":false},"author":1,"featured_media":162905,"comment_status":"closed","ping_status":"open","sticky":false,"template":"","format":"standard","meta":{"_monsterinsights_skip_tracking":false,"_monsterinsights_sitenote_active":false,"_monsterinsights_sitenote_note":"","_monsterinsights_sitenote_category":0,"jetpack_post_was_ever_published":false,"_jetpack_newsletter_access":"","_jetpack_dont_email_post_to_subs":false,"_jetpack_newsletter_tier_id":0,"_jetpack_memberships_contains_paywalled_content":false,"_jetpack_memberships_contains_paid_content":false,"footnotes":"","jetpack_publicize_message":"","jetpack_publicize_feature_enabled":true,"jetpack_social_post_already_shared":true,"jetpack_social_options":{"image_generator_settings":{"template":"highway","default_image_id":0,"font":"","enabled":false},"version":2},"_wpas_customize_per_network":false},"categories":[8],"tags":[],"class_list":["post-162904","post","type-post","status-publish","format-standard","has-post-thumbnail","hentry","category-sociedad","generate-columns","tablet-grid-50","mobile-grid-100","grid-parent","grid-50"],"jetpack_publicize_connections":[],"jetpack_featured_media_url":"https:\/\/www.hoymercedes.com.ar\/principal\/wp-content\/uploads\/2023\/06\/Campana-Prostata-2023.jpg","wps_subtitle":"","jetpack_sharing_enabled":true,"_links":{"self":[{"href":"https:\/\/www.hoymercedes.com.ar\/principal\/wp-json\/wp\/v2\/posts\/162904","targetHints":{"allow":["GET"]}}],"collection":[{"href":"https:\/\/www.hoymercedes.com.ar\/principal\/wp-json\/wp\/v2\/posts"}],"about":[{"href":"https:\/\/www.hoymercedes.com.ar\/principal\/wp-json\/wp\/v2\/types\/post"}],"author":[{"embeddable":true,"href":"https:\/\/www.hoymercedes.com.ar\/principal\/wp-json\/wp\/v2\/users\/1"}],"replies":[{"embeddable":true,"href":"https:\/\/www.hoymercedes.com.ar\/principal\/wp-json\/wp\/v2\/comments?post=162904"}],"version-history":[{"count":0,"href":"https:\/\/www.hoymercedes.com.ar\/principal\/wp-json\/wp\/v2\/posts\/162904\/revisions"}],"wp:featuredmedia":[{"embeddable":true,"href":"https:\/\/www.hoymercedes.com.ar\/principal\/wp-json\/wp\/v2\/media\/162905"}],"wp:attachment":[{"href":"https:\/\/www.hoymercedes.com.ar\/principal\/wp-json\/wp\/v2\/media?parent=162904"}],"wp:term":[{"taxonomy":"category","embeddable":true,"href":"https:\/\/www.hoymercedes.com.ar\/principal\/wp-json\/wp\/v2\/categories?post=162904"},{"taxonomy":"post_tag","embeddable":true,"href":"https:\/\/www.hoymercedes.com.ar\/principal\/wp-json\/wp\/v2\/tags?post=162904"}],"curies":[{"name":"wp","href":"https:\/\/api.w.org\/{rel}","templated":true}]}}