{"id":162910,"date":"2023-06-02T19:15:00","date_gmt":"2023-06-02T22:15:00","guid":{"rendered":"https:\/\/www.hoymercedes.com.ar\/principal\/?p=162910"},"modified":"2023-06-02T17:12:30","modified_gmt":"2023-06-02T20:12:30","slug":"coro-polifonico-nacional-de-ciegos-actuara-el-sabado-3-en-san-patricio","status":"publish","type":"post","link":"https:\/\/www.hoymercedes.com.ar\/principal\/2023\/06\/02\/coro-polifonico-nacional-de-ciegos-actuara-el-sabado-3-en-san-patricio\/","title":{"rendered":"Coro Polif\u00f3nico Nacional de Ciegos actuar\u00e1 el s\u00e1bado 3 en San Patricio"},"content":{"rendered":"\n<p>En el marco del ciclo de conciertos que el Coro Polif\u00f3nico Nacional de Ciegos brinda por la provincia de Buenos Aires visitando localidades como La Plata, General Las Heras, Trenque Lauquen, y Navarro, este s\u00e1bado 3 de junio, estar\u00e1n presentes en Mercedes. A partir de la hora 20, actuar\u00e1n en el Parroquia San Patricio. <\/p>\n\n\n<div class=\"wp-block-image\">\n<figure class=\"aligncenter size-full\"><img loading=\"lazy\" decoding=\"async\" width=\"800\" height=\"533\" data-attachment-id=\"162911\" data-permalink=\"https:\/\/www.hoymercedes.com.ar\/principal\/2023\/06\/02\/coro-polifonico-nacional-de-ciegos-actuara-el-sabado-3-en-san-patricio\/cpnc-legis\/#main\" data-orig-file=\"https:\/\/www.hoymercedes.com.ar\/principal\/wp-content\/uploads\/2023\/06\/cpnc-legis.jpg\" data-orig-size=\"800,533\" data-comments-opened=\"0\" data-image-meta=\"{&quot;aperture&quot;:&quot;0&quot;,&quot;credit&quot;:&quot;&quot;,&quot;camera&quot;:&quot;&quot;,&quot;caption&quot;:&quot;&quot;,&quot;created_timestamp&quot;:&quot;0&quot;,&quot;copyright&quot;:&quot;&quot;,&quot;focal_length&quot;:&quot;0&quot;,&quot;iso&quot;:&quot;0&quot;,&quot;shutter_speed&quot;:&quot;0&quot;,&quot;title&quot;:&quot;&quot;,&quot;orientation&quot;:&quot;0&quot;}\" data-image-title=\"cpnc legis\" data-image-description=\"\" data-image-caption=\"\" data-large-file=\"https:\/\/www.hoymercedes.com.ar\/principal\/wp-content\/uploads\/2023\/06\/cpnc-legis.jpg\" src=\"https:\/\/www.hoymercedes.com.ar\/principal\/wp-content\/uploads\/2023\/06\/cpnc-legis.jpg\" alt=\"\" class=\"wp-image-162911\" srcset=\"https:\/\/www.hoymercedes.com.ar\/principal\/wp-content\/uploads\/2023\/06\/cpnc-legis.jpg 800w, https:\/\/www.hoymercedes.com.ar\/principal\/wp-content\/uploads\/2023\/06\/cpnc-legis-630x420.jpg 630w, https:\/\/www.hoymercedes.com.ar\/principal\/wp-content\/uploads\/2023\/06\/cpnc-legis-150x100.jpg 150w, https:\/\/www.hoymercedes.com.ar\/principal\/wp-content\/uploads\/2023\/06\/cpnc-legis-700x465.jpg 700w\" sizes=\"auto, (max-width: 800px) 100vw, 800px\" \/><\/figure>\n<\/div>\n\n\n<p>El concierto que dar\u00e1 el\u00a0<strong>Coro Polif\u00f3nico Nacional de Ciegos\u00a0\u00abCarlos Roberto Larrimbe\u00bb<\/strong> el pr\u00f3ximo s\u00e1bado 3 de junio a las 20 horas en la Parroquia San Patricio, contar\u00e1 con la direcci\u00f3n del Mtro. Osvaldo Manzanelli, quien brindar\u00e1 un repertorio acad\u00e9mico sacro y popular de c\u00e9lebres compositores y arregladores nacionales e internacionales.<\/p>\n\n\n\n<p>\u00abPara nosotros realizar estas giras por la Provincia de Buenos Aires nos da la oportunidad de mostrar lo que hacemos, vincularnos y tener un ida y vuelta con el p\u00fablico, recibir el afecto de las localidades agradeciendo siempre a las personas que nos invitan\u00bb, cuentan desde el Coro. <\/p>\n\n\n\n<p>\u00abEste a\u00f1o cantamos obras nacionales, latinoamericanas y brindaremos ese repertorio en Mercedes donde estuvimos hace unos pocos a\u00f1os recordando un muy buen concierto y deseando que se repita la alegr\u00eda de la gente. Para nosotros como elenco nacional es una forma de mostrar lo que se organiza desde la Direcci\u00f3n Nacional de Elencos Estables\u00bb, agregan. <\/p>\n\n\n\n<p>Programa para la actuaci\u00f3n del 3 de junio es: <br><strong>LAUDATE DOMINUM<\/strong>\u00a0(\u00abAlabad al Se\u00f1or\u00bb)\u00a0\u00a0\u00a0 \u00a0\u00a0\u00a0\u00a0\u00a0\u00a0\u00a0\u00a0\u00a0\u00a0\u00a0\u00a0 Josep Vila i Casa\u00f1as (Espa\u00f1a 1966)<br><strong>CRUCIFIXUS\u00a0<\/strong>\u00a0\u00a0 (\u00abCrucifixus\u00bb)\u00a0\u00a0\u00a0\u00a0\u00a0\u00a0\u00a0\u00a0\u00a0\u00a0\u00a0\u00a0\u00a0\u00a0\u00a0\u00a0\u00a0\u00a0\u00a0\u00a0\u00a0\u00a0\u00a0\u00a0\u00a0\u00a0\u00a0\u00a0\u00a0\u00a0\u00a0\u00a0\u00a0\u00a0\u00a0\u00a0 Antonio Lotti (Italia 1667 &#8211; 1740)<br><strong>TOTA PULCHRA ES<\/strong>\u00a0(\u00abToda hermosa eres\u00bb)\u00a0 \u00a0\u00a0\u00a0\u00a0\u00a0\u00a0\u00a0\u00a0\u00a0\u00a0\u00a0\u00a0\u00a0Ola Gjeilo (Noruega 1978)<br><strong>ALLELUIA<\/strong>\u00a0\u00a0\u00a0\u00a0\u00a0\u00a0\u00a0\u00a0\u00a0\u00a0\u00a0\u00a0\u00a0\u00a0\u00a0\u00a0\u00a0\u00a0\u00a0\u00a0\u00a0\u00a0\u00a0\u00a0\u00a0\u00a0\u00a0\u00a0\u00a0\u00a0\u00a0\u00a0\u00a0\u00a0\u00a0\u00a0\u00a0\u00a0\u00a0\u00a0\u00a0\u00a0 \u00a0\u00a0\u00a0\u00a0\u00a0\u00a0\u00a0\u00a0\u00a0\u00a0\u00a0\u00a0\u00a0\u00a0\u00a0\u00a0\u00a0\u00a0\u00a0\u00a0\u00a0\u00a0\u00a0\u00a0\u00a0\u00a0 Jake Runestad (EEUU, 1986)<br><strong>YOU RAISE ME UP<\/strong>\u00a0(\u00abT\u00fa me elevas\u00bb) \u00a0\u00a0\u00a0\u00a0\u00a0\u00a0\u00a0\u00a0\u00a0\u00a0\u00a0\u00a0\u00a0\u00a0\u00a0\u00a0\u00a0\u00a0\u00a0\u00a0\u00a0\u00a0\u00a0\u00a0\u00a0\u00a0\u00a0Rolf Lovland (Noruego, 1955) \/ Brendan Graham (Irlanda 1945) Arr.: Nilo B Alcala (Filipinas 1978)<br><strong>REGRESO\u00a0<\/strong>\u00a0\u00a0\u00a0\u00a0\u00a0\u00a0\u00a0\u00a0\u00a0\u00a0\u00a0\u00a0\u00a0\u00a0\u00a0\u00a0\u00a0\u00a0\u00a0\u00a0\u00a0\u00a0\u00a0\u00a0\u00a0\u00a0\u00a0\u00a0\u00a0\u00a0\u00a0\u00a0\u00a0\u00a0\u00a0\u00a0\u00a0\u00a0\u00a0\u00a0\u00a0\u00a0\u00a0\u00a0\u00a0\u00a0\u00a0\u00a0\u00a0\u00a0\u00a0\u00a0\u00a0\u00a0\u00a0\u00a0\u00a0\u00a0\u00a0\u00a0\u00a0\u00a0\u00a0\u00a0\u00a0\u00a0\u00a0\u00a0\u00a0\u00a0\u00a0\u00a0\u00a0\u00a0\u00a0Esteban Tozzi (Buenos Aires 1962)<br><strong>HAY QUIEN PRECISA<\/strong>\u00a0 \u00a0\u00a0\u00a0\u00a0\u00a0\u00a0\u00a0\u00a0\u00a0\u00a0\u00a0\u00a0\u00a0\u00a0\u00a0\u00a0\u00a0\u00a0\u00a0\u00a0\u00a0\u00a0\u00a0\u00a0\u00a0\u00a0\u00a0\u00a0\u00a0\u00a0\u00a0\u00a0\u00a0\u00a0\u00a0\u00a0\u00a0\u00a0\u00a0\u00a0\u00a0\u00a0\u00a0\u00a0\u00a0\u00a0\u00a0\u00a0\u00a0\u00a0\u00a0\u00a0 M\u00fasica: Silvio Rodr\u00edguez (Cuba 1979) Arr: Beatriz Corona (Cuba 1989)<br><strong>EL CANTO QUIERE SER LUZ<\/strong>\u00a0\u00a0\u00a0\u00a0\u00a0\u00a0\u00a0\u00a0\u00a0\u00a0\u00a0\u00a0\u00a0\u00a0\u00a0\u00a0\u00a0\u00a0\u00a0\u00a0\u00a0\u00a0\u00a0\u00a0\u00a0\u00a0 \u00a0\u00a0\u00a0\u00a0\u00a0\u00a0\u00a0\u00a0\u00a0\u00a0\u00a0\u00a0\u00a0\u00a0Wilma Alba Cal (Cuba 1988)<br><strong>CHACARERA DE LAS PIEDRAS<\/strong>\u00a0\u00a0\u00a0\u00a0\u00a0 Atahualpa Yupanqui \/ Pablo del Cerro Arreglo vocal: Hugo C. de la Vega\u00a0\u00a0\u00a0\u00a0\u00a0\u00a0<br><strong>BIS: JUANA AZURDUY<\/strong>\u00a0\u00a0\u00a0\u00a0\u00a0\u00a0\u00a0\u00a0\u00a0\u00a0\u00a0 \u00a0\u00a0\u00a0\u00a0\u00a0\u00a0\u00a0\u00a0\u00a0\u00a0\u00a0\u00a0\u00a0\u00a0\u00a0\u00a0\u00a0\u00a0\u00a0\u00a0\u00a0\u00a0\u00a0\u00a0\u00a0\u00a0\u00a0\u00a0\u00a0\u00a0\u00a0\u00a0\u00a0\u00a0\u00a0\u00a0\u00a0\u00a0\u00a0\u00a0\u00a0\u00a0\u00a0Ariel Ram\u00edrez (Santa Fe1921-2010) V.C.: Hugo de la Vega\u00a0\u00a0\u00a0\u00a0\u00a0\u00a0<\/p>\n\n\n\n<p><strong><u>Acerca del Coro Polif\u00f3nico Nacional de Ciegos \u00abCarlos Roberto Larrimbe\u00bb<\/u><\/strong><br>Creado el 2 de febrero de 1947. Es una instituci\u00f3n conformada en su totalidad por personas totalmente ciegas o con un nivel avanzado de disminuci\u00f3n visual, que encuentran en esta actividad un medio estable de vida.<\/p>\n\n\n\n<p>Para ingresar al Coro Polif\u00f3nico Nacional de Ciegos (C.P.N.C.) es imprescindible tener conocimientos musicales, un m\u00ednimo de t\u00e9cnica vocal y buen manejo de la escritura y de la musicograf\u00eda Braille. El ingreso se efect\u00faa a trav\u00e9s de concursos que se realizan cuando hay necesidad de cobertura de vacantes.<\/p>\n\n\n\n<p>La modalidad de trabajo no difiere mucho de la de cualquier otro coro. Se ensaya todos los d\u00edas, con sesiones de t\u00e9cnica vocal, ensayos parciales por cuerdas, y ensayos grupales.<\/p>\n\n\n\n<p>La \u00fanica diferencia est\u00e1 dada en que los coreutas que integran el Coro trabajan con partituras escritas en notaci\u00f3n Braille, para lo cual el Coro cuenta con un cuerpo de copistas. En la actualidad el Coro est\u00e1 conformado por el director, la preparadora vocal, el pianista, cuatro jefes de cuerda, 55 coreutas, 16 copistas, un dictante, una secretaria t\u00e9cnica puesta en escena y cuatro t\u00e9cnicos de maniobra esc\u00e9nicas de conciertos.<\/p>\n\n\n\n<p>Nuestro Coro fue fundado en el a\u00f1o 1947 por el maestro Carlos Roberto Larrimbe; desde entonces ha sido para los ciegos argentinos y de pa\u00edses lim\u00edtrofes, el medio id\u00f3neo para el desarrollo art\u00edstico de los mismos, pero adem\u00e1s, una fuente de trabajo digna para quienes quisieran hacer de la m\u00fasica su medio de profesional, constituy\u00e9ndose en un patrimonio \u00fanico en el mundo, verdadero orgullo nacional.<\/p>\n","protected":false},"excerpt":{"rendered":"<p>En el marco del ciclo de conciertos que el Coro Polif\u00f3nico Nacional de Ciegos brinda por la provincia de Buenos &#8230; <a title=\"Coro Polif\u00f3nico Nacional de Ciegos actuar\u00e1 el s\u00e1bado 3 en San Patricio\" class=\"read-more\" href=\"https:\/\/www.hoymercedes.com.ar\/principal\/2023\/06\/02\/coro-polifonico-nacional-de-ciegos-actuara-el-sabado-3-en-san-patricio\/\" aria-label=\"Leer m\u00e1s sobre Coro Polif\u00f3nico Nacional de Ciegos actuar\u00e1 el s\u00e1bado 3 en San Patricio\">Leer m\u00e1s<\/a><\/p>\n","protected":false},"author":1,"featured_media":162911,"comment_status":"closed","ping_status":"open","sticky":false,"template":"","format":"standard","meta":{"_monsterinsights_skip_tracking":false,"_monsterinsights_sitenote_active":false,"_monsterinsights_sitenote_note":"","_monsterinsights_sitenote_category":0,"jetpack_post_was_ever_published":false,"_jetpack_newsletter_access":"","_jetpack_dont_email_post_to_subs":false,"_jetpack_newsletter_tier_id":0,"_jetpack_memberships_contains_paywalled_content":false,"_jetpack_memberships_contains_paid_content":false,"footnotes":"","jetpack_publicize_message":"","jetpack_publicize_feature_enabled":true,"jetpack_social_post_already_shared":true,"jetpack_social_options":{"image_generator_settings":{"template":"highway","default_image_id":0,"font":"","enabled":false},"version":2},"_wpas_customize_per_network":false},"categories":[104],"tags":[7805],"class_list":["post-162910","post","type-post","status-publish","format-standard","has-post-thumbnail","hentry","category-cultura","tag-cultura","generate-columns","tablet-grid-50","mobile-grid-100","grid-parent","grid-50"],"jetpack_publicize_connections":[],"jetpack_featured_media_url":"https:\/\/www.hoymercedes.com.ar\/principal\/wp-content\/uploads\/2023\/06\/cpnc-legis.jpg","wps_subtitle":"","jetpack_sharing_enabled":true,"_links":{"self":[{"href":"https:\/\/www.hoymercedes.com.ar\/principal\/wp-json\/wp\/v2\/posts\/162910","targetHints":{"allow":["GET"]}}],"collection":[{"href":"https:\/\/www.hoymercedes.com.ar\/principal\/wp-json\/wp\/v2\/posts"}],"about":[{"href":"https:\/\/www.hoymercedes.com.ar\/principal\/wp-json\/wp\/v2\/types\/post"}],"author":[{"embeddable":true,"href":"https:\/\/www.hoymercedes.com.ar\/principal\/wp-json\/wp\/v2\/users\/1"}],"replies":[{"embeddable":true,"href":"https:\/\/www.hoymercedes.com.ar\/principal\/wp-json\/wp\/v2\/comments?post=162910"}],"version-history":[{"count":0,"href":"https:\/\/www.hoymercedes.com.ar\/principal\/wp-json\/wp\/v2\/posts\/162910\/revisions"}],"wp:featuredmedia":[{"embeddable":true,"href":"https:\/\/www.hoymercedes.com.ar\/principal\/wp-json\/wp\/v2\/media\/162911"}],"wp:attachment":[{"href":"https:\/\/www.hoymercedes.com.ar\/principal\/wp-json\/wp\/v2\/media?parent=162910"}],"wp:term":[{"taxonomy":"category","embeddable":true,"href":"https:\/\/www.hoymercedes.com.ar\/principal\/wp-json\/wp\/v2\/categories?post=162910"},{"taxonomy":"post_tag","embeddable":true,"href":"https:\/\/www.hoymercedes.com.ar\/principal\/wp-json\/wp\/v2\/tags?post=162910"}],"curies":[{"name":"wp","href":"https:\/\/api.w.org\/{rel}","templated":true}]}}