{"id":162946,"date":"2023-06-03T11:05:53","date_gmt":"2023-06-03T14:05:53","guid":{"rendered":"https:\/\/www.hoymercedes.com.ar\/principal\/?p=162946"},"modified":"2023-06-03T11:05:56","modified_gmt":"2023-06-03T14:05:56","slug":"dos-detenidos-en-cuatro-allanamientos-por-delitos-cometidos-en-la-region","status":"publish","type":"post","link":"https:\/\/www.hoymercedes.com.ar\/principal\/2023\/06\/03\/dos-detenidos-en-cuatro-allanamientos-por-delitos-cometidos-en-la-region\/","title":{"rendered":"Dos detenidos en cuatro allanamientos por delitos cometidos en la regi\u00f3n\u00a0"},"content":{"rendered":"\n<p>En la madrugada de este jueves 1\u00b0, fueron detenidos dos sujetos\u00a0 vinculados a una docena de delitos cometidos en las ciudades de Mercedes, Navarro, San Antonio de Areco, Bragado y General Las Heras en los \u00faltimos meses. Fue en el marco de cuatro allanamientos simult\u00e1neos realizados en las localidades de Jos\u00e9 C. Paz y Pilar.\u00a0<\/p>\n\n\n\n<p>De acuerdo a lo que pudo conocerse, el 18 de abril de 2023, en horas de la ma\u00f1ana, tres sujetos a bordo de una camioneta Ford Ranger blanca con detalles en arribaron a la localidad de Mercedes<strong> <\/strong>y se hicieron de un manojo de llaves que estaban colocados en la puerta de entrada de una vivienda quedando registrados en la c\u00e1mara de seguridad el paso del veh\u00edculo y su retiro de la ciudad en direcci\u00f3n a Suipacha por ruta nacional N\u00b0 5.&nbsp;<\/p>\n\n\n\n<p>En la misma jornada, alrededor de las 15 horas, los mismo se dirigieron a un domicilio en la localidad de Bragado, y violentando un alambrado perimetral lograron ingresar a una vivienda donde tambi\u00e9n forzaron una cerradura y se hicieron de dinero en d\u00f3lares, armas de fuego, electrodom\u00e9sticos, entre otros bienes.&nbsp;<\/p>\n\n\n\n<p>Ya el 11 de mayo de este a\u00f1o, en horas de la ma\u00f1ana, los mismos sujetos concurrieron a la localidad de San Antonio de Areco a bordo de un autom\u00f3vil Peugeot 208 color blanco,&nbsp; ingresaron a una vivienda por el patio&nbsp; y se hicieron de diversos electrodom\u00e9sticos,&nbsp; y dinero en efectivo. Horas m\u00e1s tarde, hicieron lo propio en otro domicilio de la localidad, donde arrancaron los barrales&nbsp;<\/p>\n\n\n\n<p>met\u00e1licos de la puerta de acceso a la vivienda, uno de ellos se franque\u00f3 el de ingreso&nbsp; a la vivienda y se hicieron de dinero en efectivo.&nbsp;<\/p>\n\n\n\n<p>Por otro lado, el 15 de mayo, este grupo lleg\u00f3 hasta la localidad de General Las Heras en la camioneta Ford Ranger blanca, donde ingresaron a un domicilio por la fuerza y se hicieron de ropa, electrodom\u00e9sticos y alhajas. Luego concurrieron a otra vivienda, donde lograron llevarse dinero en efectivo (en pesos y d\u00f3lares), electrodom\u00e9sticos y ropa. Tras ellos se dirigieron a la localidad de Navarro donde atracaron otra casa, en la que se llevaron electrodom\u00e9sticos varios, ropa y otros bienes. El raid delictivo continu\u00f3 en otras dos viviendas de la misma localidad, siempre usando la misma modalidad, haci\u00e9ndose de m\u00e1s electrodom\u00e9sticos.&nbsp;<\/p>\n\n\n\n<p>En este marco tom\u00f3 intervenci\u00f3n la Unidad Funcional de Instrucci\u00f3n N.\u00ba 3 &#8211;&nbsp; a cargo del Dr. Pedro Illanes &#8211; y la Ayudant\u00eda de Autores Ignorados del Departamento Judicial Mercedes &#8211; con colaboraci\u00f3n del dr. Mauricio Peralta -, que imparti\u00f3 las directivas del caso.&nbsp;<\/p>\n\n\n\n<p>Tras la comisi\u00f3n de los \u00faltimos delitos, personal de las Comisar\u00edas de Navarro, a cargo del comisario Cristian Rodr\u00edguez, colaboraci\u00f3n de personal de dicha dependencia y&nbsp; de Las Heras, intercambiando informaci\u00f3n dada la utilizaci\u00f3n de la misma camioneta por parte de los malvivientes y trabajando de manera conjunta. As\u00ed se logr\u00f3 dar con la camioneta que hab\u00eda sido utilizada en estos delitos. La investigaci\u00f3n gir\u00f3, adem\u00e1s, en torno a la b\u00fasqueda de otras c\u00e1maras de seguridad en localidades vecinas, c\u00e1maras de domicilios particulares; redes sociales, testimonios y dem\u00e1s elementos sobre los cuales se logr\u00f3 establecer la posible autor\u00eda de dos sujetos vinculados a estos hechos.&nbsp;<\/p>\n\n\n\n<p>Es por ello que el agente fiscal solicit\u00f3 por ante el Juzgado de Garant\u00edas N\u00b0 3 &#8211; a cargo del dr. Patricio Arrieta &#8211; una orden de allanamiento en cuatro domicilios (tres en Jos\u00e9 C. Paz y uno en Pilar) y la detenci\u00f3n de dos sujetos.&nbsp;<\/p>\n\n\n\n<p>Los mismos fueron concedidos y llevados a cabo en la madrugada del \u00faltimo jueves con personal policial de la Comisar\u00eda de Navarro y agentes de las distintas localidades que se vieron afectadas, logrando la detenci\u00f3n de los dos imputados. Tambi\u00e9n se lograron secuestrar una serie de elementos, entre ellos posibles pertenencias que las v\u00edctimas deber\u00e1n reconocer.&nbsp;<\/p>\n\n\n\n<p>Los detenidos&nbsp; comparecieron ante el agente fiscal en el marco de la audiencia de declaraci\u00f3n en los t\u00e9rminos del art. 308 del C\u00f3digo Procesal Penal en la jornada de este viernes 2. Uno de ellos, de 22 a\u00f1os, oriundo de Jos\u00e9 C. Paz lo hizo por los delitos de \u201cHurto simple\u201d (dos hechos), \u201cRobo agravado por cometerse en poblado y banda\u201d, \u201cHurto agravado por su comisi\u00f3n con escalamiento\u201d, \u201cRobo agravado por su comisi\u00f3n con efracci\u00f3n\u201d, \u201cRobo agravado por ser cometido en poblado y banda (tres hechos)&nbsp; en concurso material con \u201cRobo agravado por ser cometido en poblado y banda y por cometerse con efracci\u00f3n en grado de tentativa y \u201cEncubrimiento simple\u201d. Tuvo defensa oficial y se abstuvo de su derecho a negarse a declarar.&nbsp;<\/p>\n\n\n\n<p>El restante, de 32 a\u00f1os, oriundo de Jos\u00e9 C. Paz, compareci\u00f3 junto a su defensor particular. En este caso, se le imputaron adem\u00e1s tres hechos: Los mismos ocurrieron el 30 de marzo de 2022, en horas de la ma\u00f1ana, cuando tres sujetos -entre ellos el imputado &#8211; llegaron a la ciudad de Navarro en una camioneta Volkswagen Amarok y tras ejercer violencia sobre una ventana de una vivienda de la localidad se hicieron de una suma en pesos y d\u00f3lares, alhajas, electrodom\u00e9sticos, entre otros bienes, para luego retirarse del lugar. Desde all\u00ed, utilizaron la misma modalidad para ingresar a una segunda vivienda, en la que tras registrarla no lograron llevarse nada de valor.&nbsp;<\/p>\n\n\n\n<p>Finalmente se dirigieron a un tercer domicilio (todos ellos en distintos puntos de la ciudad) y esta vez violentando una puerta, se hicieron de telefon\u00eda, electrodom\u00e9sticos y alhajas.&nbsp;<\/p>\n\n\n\n<p>Tambi\u00e9n se le imput\u00f3 que entre el 15 de marzo y el 1\u00ba de junio del corriente recibi\u00f3, a sabiendas de su procedencia il\u00edcita, una motocicleta marca Honda GLH 150, que hab\u00eda sido sustra\u00edda en la localidad de Malvinas Argentinas, la cual fue recuperada durante uno de los allanamientos del jueves \u00faltimo y se detect\u00f3 el pedido de secuestro de la misma.&nbsp;<\/p>\n\n\n\n<p>Qued\u00f3 imputado por los delitos de \u201cRobo agravado por ser cometido con efracci\u00f3n y poblado y banda\u201d (tres hechos) en concurso real con \u201cHurto simple\u201d (dos hechos), \u201cRobo agravado por cometerse en poblado y banda\u201d, \u201cHurto agravado por su comisi\u00f3n con escalamiento\u201d, \u201cRobo agravado por su comisi\u00f3n con efracci\u00f3n\u201d, \u201cRobo agravado por ser cometido en poblado y banda\u201d (tres hechos)\u00a0 en concurso material con \u201cRobo agravado por ser cometido en poblado y banda y por cometerse con efracci\u00f3n en grado de tentativa y \u201cEncubrimiento simple\u201d y no hizo uso de su derecho a negarse a declarar.\u00a0<\/p>\n\n\n\n<p>Fuente: Ministerio P\u00fablico Fiscal &#8211; Depto Judicial Mercedes<\/p>\n\n\n\n<p><\/p>\n","protected":false},"excerpt":{"rendered":"<p>En la madrugada de este jueves 1\u00b0, fueron detenidos dos sujetos\u00a0 vinculados a una docena de delitos cometidos en las &#8230; <a title=\"Dos detenidos en cuatro allanamientos por delitos cometidos en la regi\u00f3n\u00a0\" class=\"read-more\" href=\"https:\/\/www.hoymercedes.com.ar\/principal\/2023\/06\/03\/dos-detenidos-en-cuatro-allanamientos-por-delitos-cometidos-en-la-region\/\" aria-label=\"Leer m\u00e1s sobre Dos detenidos en cuatro allanamientos por delitos cometidos en la regi\u00f3n\u00a0\">Leer m\u00e1s<\/a><\/p>\n","protected":false},"author":1,"featured_media":127982,"comment_status":"closed","ping_status":"open","sticky":false,"template":"","format":"standard","meta":{"_monsterinsights_skip_tracking":false,"_monsterinsights_sitenote_active":false,"_monsterinsights_sitenote_note":"","_monsterinsights_sitenote_category":0,"jetpack_post_was_ever_published":false,"_jetpack_newsletter_access":"","_jetpack_dont_email_post_to_subs":false,"_jetpack_newsletter_tier_id":0,"_jetpack_memberships_contains_paywalled_content":false,"_jetpack_memberships_contains_paid_content":false,"footnotes":"","jetpack_publicize_message":"","jetpack_publicize_feature_enabled":true,"jetpack_social_post_already_shared":true,"jetpack_social_options":{"image_generator_settings":{"template":"highway","default_image_id":0,"font":"","enabled":false},"version":2},"_wpas_customize_per_network":false},"categories":[85],"tags":[],"class_list":["post-162946","post","type-post","status-publish","format-standard","has-post-thumbnail","hentry","category-policial","generate-columns","tablet-grid-50","mobile-grid-100","grid-parent","grid-50"],"jetpack_publicize_connections":[],"jetpack_featured_media_url":"https:\/\/www.hoymercedes.com.ar\/principal\/wp-content\/uploads\/2021\/04\/PoliciaComual.jpg","wps_subtitle":"","jetpack_sharing_enabled":true,"_links":{"self":[{"href":"https:\/\/www.hoymercedes.com.ar\/principal\/wp-json\/wp\/v2\/posts\/162946","targetHints":{"allow":["GET"]}}],"collection":[{"href":"https:\/\/www.hoymercedes.com.ar\/principal\/wp-json\/wp\/v2\/posts"}],"about":[{"href":"https:\/\/www.hoymercedes.com.ar\/principal\/wp-json\/wp\/v2\/types\/post"}],"author":[{"embeddable":true,"href":"https:\/\/www.hoymercedes.com.ar\/principal\/wp-json\/wp\/v2\/users\/1"}],"replies":[{"embeddable":true,"href":"https:\/\/www.hoymercedes.com.ar\/principal\/wp-json\/wp\/v2\/comments?post=162946"}],"version-history":[{"count":0,"href":"https:\/\/www.hoymercedes.com.ar\/principal\/wp-json\/wp\/v2\/posts\/162946\/revisions"}],"wp:featuredmedia":[{"embeddable":true,"href":"https:\/\/www.hoymercedes.com.ar\/principal\/wp-json\/wp\/v2\/media\/127982"}],"wp:attachment":[{"href":"https:\/\/www.hoymercedes.com.ar\/principal\/wp-json\/wp\/v2\/media?parent=162946"}],"wp:term":[{"taxonomy":"category","embeddable":true,"href":"https:\/\/www.hoymercedes.com.ar\/principal\/wp-json\/wp\/v2\/categories?post=162946"},{"taxonomy":"post_tag","embeddable":true,"href":"https:\/\/www.hoymercedes.com.ar\/principal\/wp-json\/wp\/v2\/tags?post=162946"}],"curies":[{"name":"wp","href":"https:\/\/api.w.org\/{rel}","templated":true}]}}