{"id":162949,"date":"2023-06-03T12:25:00","date_gmt":"2023-06-03T15:25:00","guid":{"rendered":"https:\/\/www.hoymercedes.com.ar\/principal\/?p=162949"},"modified":"2023-06-03T11:22:22","modified_gmt":"2023-06-03T14:22:22","slug":"viernes-de-handball-en-li-me-ba","status":"publish","type":"post","link":"https:\/\/www.hoymercedes.com.ar\/principal\/2023\/06\/03\/viernes-de-handball-en-li-me-ba\/","title":{"rendered":"Viernes de Handball en Li.Me.Ba."},"content":{"rendered":"\n<p>Durante la tarde-noche del d\u00eda viernes, se disputaron varios encuentros correspondientes a la segunda fecha de la Liga Mercedina de Balonmano. En la rama femenina jugaron los equipos de la Escuela Municipal de Handball y el Instituto Madre Camila Rol\u00f3n, mientras que, entre los equipos masculinos, se enfrentaron el Centro de Educaci\u00f3n F\u00edsica N\u00b040 y el Instituto San Luis Gonzaga.<\/p>\n\n\n\n<figure class=\"wp-block-image size-large\"><img loading=\"lazy\" decoding=\"async\" width=\"1350\" height=\"900\" data-attachment-id=\"162953\" data-permalink=\"https:\/\/www.hoymercedes.com.ar\/principal\/image-2-13\/\" data-orig-file=\"https:\/\/www.hoymercedes.com.ar\/principal\/wp-content\/uploads\/2023\/06\/image-2-edited.png\" data-orig-size=\"1350,900\" data-comments-opened=\"0\" data-image-meta=\"{&quot;aperture&quot;:&quot;0&quot;,&quot;credit&quot;:&quot;&quot;,&quot;camera&quot;:&quot;&quot;,&quot;caption&quot;:&quot;&quot;,&quot;created_timestamp&quot;:&quot;0&quot;,&quot;copyright&quot;:&quot;&quot;,&quot;focal_length&quot;:&quot;0&quot;,&quot;iso&quot;:&quot;0&quot;,&quot;shutter_speed&quot;:&quot;0&quot;,&quot;title&quot;:&quot;&quot;,&quot;orientation&quot;:&quot;0&quot;}\" data-image-title=\"image-2\" data-image-description=\"\" data-image-caption=\"\" data-large-file=\"https:\/\/www.hoymercedes.com.ar\/principal\/wp-content\/uploads\/2023\/06\/image-2-edited-1024x683.png\" src=\"https:\/\/www.hoymercedes.com.ar\/principal\/wp-content\/uploads\/2023\/06\/image-2-edited.png\" alt=\"\" class=\"wp-image-162953\" srcset=\"https:\/\/www.hoymercedes.com.ar\/principal\/wp-content\/uploads\/2023\/06\/image-2-edited.png 1350w, https:\/\/www.hoymercedes.com.ar\/principal\/wp-content\/uploads\/2023\/06\/image-2-edited-630x420.png 630w, https:\/\/www.hoymercedes.com.ar\/principal\/wp-content\/uploads\/2023\/06\/image-2-edited-1024x683.png 1024w, https:\/\/www.hoymercedes.com.ar\/principal\/wp-content\/uploads\/2023\/06\/image-2-edited-150x100.png 150w\" sizes=\"auto, (max-width: 1350px) 100vw, 1350px\" \/><\/figure>\n\n\n\n<p>En la tarde, los equipos de Cadetes y Juveniles de la Escuela <a><\/a>Municipal de Handball recibieron en su cancha a los representativos del Colegio de calle 19 y 114 y en donde se dividieron los puntos, ganando un partido cada instituci\u00f3n.<\/p>\n\n\n\n<p>En la categor\u00eda Cadetas, el triunfo quedo en manos del equipo visitante, las chicas de I.M.C.R. se impusieron por 10 a 14 en donde se destaco Celina Bidart, marcando 9 goles para su equipo, mientras que, en el conjunto local, sobresalio Lola Costas con 6 anotaciones.<\/p>\n\n\n\n<p>En el partido de Juveniles, las locales se hicieron fuertes y se impusieron por 32 a 12 con muchos puntos fuertes en la ofensiva con 8 goles de Lola Costas, 7 goles de Delfina Lucero, 6 goles de Pilar Speratti y 6 goles de Milena Lettieri, mientras que en el equipo visitante se destacaron Celina Bidart con 6 conversiones y Mia Lombardo con 5 anotaciones para su equipo.<\/p>\n\n\n\n<p>Durante la tarde-noche, la segunda fecha de Li.Me.Ba. continuo con los enfrentamientos de la rama masculina de Menores y Cadetes, en donde los equipos del CEF N\u00b040 recibieron en el Gimnasio \u201cProf. Pablo Brienza\u201d a los equipos del Instituto San Luis Gonzaga.<\/p>\n\n\n\n<p>En la categor\u00eda Menores, el equipo visitante logro una c\u00f3moda victoria por 3 a 17 con 8 goles de Francisco Robalo, acompa\u00f1ado por 4 goles de Theo Cortesi, 3 goles de Lorenzo Corgnati y 2 goles de Lazaro Lucero. Mientras que en el equipo local solo lograron convertir Ivo Bidart (2 goles) y Joaquin Athiel (1 gol).<\/p>\n\n\n\n<figure class=\"wp-block-image size-large\"><img loading=\"lazy\" decoding=\"async\" width=\"1350\" height=\"900\" data-attachment-id=\"162952\" data-permalink=\"https:\/\/www.hoymercedes.com.ar\/principal\/image-3-11\/\" data-orig-file=\"https:\/\/www.hoymercedes.com.ar\/principal\/wp-content\/uploads\/2023\/06\/image-3-edited.png\" data-orig-size=\"1350,900\" data-comments-opened=\"0\" data-image-meta=\"{&quot;aperture&quot;:&quot;0&quot;,&quot;credit&quot;:&quot;&quot;,&quot;camera&quot;:&quot;&quot;,&quot;caption&quot;:&quot;&quot;,&quot;created_timestamp&quot;:&quot;0&quot;,&quot;copyright&quot;:&quot;&quot;,&quot;focal_length&quot;:&quot;0&quot;,&quot;iso&quot;:&quot;0&quot;,&quot;shutter_speed&quot;:&quot;0&quot;,&quot;title&quot;:&quot;&quot;,&quot;orientation&quot;:&quot;0&quot;}\" data-image-title=\"image-3\" data-image-description=\"\" data-image-caption=\"\" data-large-file=\"https:\/\/www.hoymercedes.com.ar\/principal\/wp-content\/uploads\/2023\/06\/image-3-edited-1024x683.png\" src=\"https:\/\/www.hoymercedes.com.ar\/principal\/wp-content\/uploads\/2023\/06\/image-3-edited.png\" alt=\"\" class=\"wp-image-162952\" srcset=\"https:\/\/www.hoymercedes.com.ar\/principal\/wp-content\/uploads\/2023\/06\/image-3-edited.png 1350w, https:\/\/www.hoymercedes.com.ar\/principal\/wp-content\/uploads\/2023\/06\/image-3-edited-630x420.png 630w, https:\/\/www.hoymercedes.com.ar\/principal\/wp-content\/uploads\/2023\/06\/image-3-edited-1024x683.png 1024w, https:\/\/www.hoymercedes.com.ar\/principal\/wp-content\/uploads\/2023\/06\/image-3-edited-150x100.png 150w\" sizes=\"auto, (max-width: 1350px) 100vw, 1350px\" \/><\/figure>\n\n\n\n<p>Los locales lograron quedarse con el triunfo en la categor\u00eda Cadetes, al imponerse por 32 a 13, con un goleo muy repartido entre sus jugadores, convirtiendo Suarez (6), Peralta (6), Sosa (5), Flynn (4), Mosqueda (4), Torres N. (2), G\u00f3mez (2), Darriba (2) y Torres S. (1). Mientras que en el equipo visitante se destacaron Cretela (4), Robalo S. (3), Navarro (3), Bonafina (1), Corgnati (1) y Robalo F. (1)<\/p>\n\n\n\n<p>La Liga Mercedina de Balonmano continuar\u00e1 con sus partidos correspondientes a la 2\u00b0 fecha cuando se enfrenten en la rama femenina los equipos de la Universidad N. de Lujan-Inst. Santa Mar\u00eda y el CEF N\u00b030 de Suipacha y en Inst. Padre Ansaldo.<\/p>\n\n\n\n<p>Fuente: Prensa LIMEBA<\/p>\n\n\n\n<p><\/p>\n","protected":false},"excerpt":{"rendered":"<p>Durante la tarde-noche del d\u00eda viernes, se disputaron varios encuentros correspondientes a la segunda fecha de la Liga Mercedina de &#8230; <a title=\"Viernes de Handball en Li.Me.Ba.\" class=\"read-more\" href=\"https:\/\/www.hoymercedes.com.ar\/principal\/2023\/06\/03\/viernes-de-handball-en-li-me-ba\/\" aria-label=\"Leer m\u00e1s sobre Viernes de Handball en Li.Me.Ba.\">Leer m\u00e1s<\/a><\/p>\n","protected":false},"author":1,"featured_media":162953,"comment_status":"closed","ping_status":"open","sticky":false,"template":"","format":"standard","meta":{"_monsterinsights_skip_tracking":false,"_monsterinsights_sitenote_active":false,"_monsterinsights_sitenote_note":"","_monsterinsights_sitenote_category":0,"jetpack_post_was_ever_published":false,"_jetpack_newsletter_access":"","_jetpack_dont_email_post_to_subs":false,"_jetpack_newsletter_tier_id":0,"_jetpack_memberships_contains_paywalled_content":false,"_jetpack_memberships_contains_paid_content":false,"footnotes":"","jetpack_publicize_message":"","jetpack_publicize_feature_enabled":true,"jetpack_social_post_already_shared":true,"jetpack_social_options":{"image_generator_settings":{"template":"highway","default_image_id":0,"font":"","enabled":false},"version":2},"_wpas_customize_per_network":false},"categories":[21],"tags":[204,8487,9371],"class_list":["post-162949","post","type-post","status-publish","format-standard","has-post-thumbnail","hentry","category-deportes","tag-deportes-2","tag-handball","tag-limeba","generate-columns","tablet-grid-50","mobile-grid-100","grid-parent","grid-50"],"jetpack_publicize_connections":[],"jetpack_featured_media_url":"https:\/\/www.hoymercedes.com.ar\/principal\/wp-content\/uploads\/2023\/06\/image-2-edited.png","wps_subtitle":"","jetpack_sharing_enabled":true,"_links":{"self":[{"href":"https:\/\/www.hoymercedes.com.ar\/principal\/wp-json\/wp\/v2\/posts\/162949","targetHints":{"allow":["GET"]}}],"collection":[{"href":"https:\/\/www.hoymercedes.com.ar\/principal\/wp-json\/wp\/v2\/posts"}],"about":[{"href":"https:\/\/www.hoymercedes.com.ar\/principal\/wp-json\/wp\/v2\/types\/post"}],"author":[{"embeddable":true,"href":"https:\/\/www.hoymercedes.com.ar\/principal\/wp-json\/wp\/v2\/users\/1"}],"replies":[{"embeddable":true,"href":"https:\/\/www.hoymercedes.com.ar\/principal\/wp-json\/wp\/v2\/comments?post=162949"}],"version-history":[{"count":0,"href":"https:\/\/www.hoymercedes.com.ar\/principal\/wp-json\/wp\/v2\/posts\/162949\/revisions"}],"wp:featuredmedia":[{"embeddable":true,"href":"https:\/\/www.hoymercedes.com.ar\/principal\/wp-json\/wp\/v2\/media\/162953"}],"wp:attachment":[{"href":"https:\/\/www.hoymercedes.com.ar\/principal\/wp-json\/wp\/v2\/media?parent=162949"}],"wp:term":[{"taxonomy":"category","embeddable":true,"href":"https:\/\/www.hoymercedes.com.ar\/principal\/wp-json\/wp\/v2\/categories?post=162949"},{"taxonomy":"post_tag","embeddable":true,"href":"https:\/\/www.hoymercedes.com.ar\/principal\/wp-json\/wp\/v2\/tags?post=162949"}],"curies":[{"name":"wp","href":"https:\/\/api.w.org\/{rel}","templated":true}]}}