{"id":163000,"date":"2023-06-04T12:31:30","date_gmt":"2023-06-04T15:31:30","guid":{"rendered":"https:\/\/www.hoymercedes.com.ar\/principal\/?p=163000"},"modified":"2023-06-04T12:31:33","modified_gmt":"2023-06-04T15:31:33","slug":"debora-lacasa-tiempos-de-definiciones","status":"publish","type":"post","link":"https:\/\/www.hoymercedes.com.ar\/principal\/2023\/06\/04\/debora-lacasa-tiempos-de-definiciones\/","title":{"rendered":"D\u00e9bora Lacasa: \u00abTiempos de definiciones\u00bb"},"content":{"rendered":"\n<p><br>Por D\u00e9bora Lacasa &#8211; Nos encontramos a muy pocos d\u00edas de las definiciones pol\u00edticas por las Alianzas y las candidaturas. El actual gobierno pretende presentarse como la alternativa para sacar a la Argentina de esta crisis. Quienes vociferan que son capaces de tama\u00f1o trabajo son quienes en este momento est\u00e1n en los lugares claves para hacerlo sin demora, Massa, Ministro de Econom\u00eda; De Pedro Ministro del Interior y Kicillof, actual Gobernador de la Provincia de Buenos Aires. <\/p>\n\n\n\n<p>Ellos son quienes adem\u00e1s nos condujeron hasta ac\u00e1, sumieron a todo el pa\u00eds en una espiral inflacionaria que no saben o no quieren contener, porque si supieran y no lo hacen solo podr\u00edamos pensar en sadismo, en que les gusta ver a los argentinos sufrir, y si no lo saben, tampoco lo sabr\u00e1n en pocos meses.<\/p>\n\n\n\n<p>La conclusi\u00f3n es muy simple. No son los indicados para sacarnos de esta crisis. Ninguno de Ellos. Es claro que la respuesta est\u00e1 en otro lado. En quienes, pese al relato del oficialismo del endeudamiento, consiguieron con mucho sacrificio de todos los argentinos sanear las cuentas, disminuir el d\u00e9ficit fiscal, ir conteniendo la inflaci\u00f3n a medida que iban disminuyendo los subsidios y sincerando las tarifas. <\/p>\n\n\n\n<p>Fueron a\u00f1os dif\u00edciles, pero \u00edbamos por el buen camino. El actual gobierno desand\u00f3 todo ese camino y atras\u00f3 toda posibilidad de seguir mejorando a niveles impensados, como ning\u00fan pa\u00eds en la regi\u00f3n a quienes tambi\u00e9n afectaron la cuarentena como la guerra. Pero ning\u00fan gobierno de la regi\u00f3n fue tan ineficaz como este. \u00bfPor qu\u00e9? Porque nunca le import\u00f3, su \u00fanico objetivo siempre fue la impunidad de la Vice, y para ello trabajaron, a ello se abocaron sin importar nada m\u00e1s. Y esto es exactamente lo que har\u00edan si siguiesen en el Gobierno, ya lo dijo Wado De Pedro en una entrevista, solo vive para satisfacer el mandato de Cristina.<\/p>\n","protected":false},"excerpt":{"rendered":"<p>Por D\u00e9bora Lacasa &#8211; Nos encontramos a muy pocos d\u00edas de las definiciones pol\u00edticas por las Alianzas y las candidaturas. &#8230; <a title=\"D\u00e9bora Lacasa: \u00abTiempos de definiciones\u00bb\" class=\"read-more\" href=\"https:\/\/www.hoymercedes.com.ar\/principal\/2023\/06\/04\/debora-lacasa-tiempos-de-definiciones\/\" aria-label=\"Leer m\u00e1s sobre D\u00e9bora Lacasa: \u00abTiempos de definiciones\u00bb\">Leer m\u00e1s<\/a><\/p>\n","protected":false},"author":1,"featured_media":152423,"comment_status":"closed","ping_status":"open","sticky":false,"template":"","format":"standard","meta":{"_monsterinsights_skip_tracking":false,"_monsterinsights_sitenote_active":false,"_monsterinsights_sitenote_note":"","_monsterinsights_sitenote_category":0,"jetpack_post_was_ever_published":false,"_jetpack_newsletter_access":"","_jetpack_dont_email_post_to_subs":false,"_jetpack_newsletter_tier_id":0,"_jetpack_memberships_contains_paywalled_content":false,"_jetpack_memberships_contains_paid_content":false,"footnotes":"","jetpack_publicize_message":"","jetpack_publicize_feature_enabled":true,"jetpack_social_post_already_shared":true,"jetpack_social_options":{"image_generator_settings":{"template":"highway","default_image_id":0,"font":"","enabled":false},"version":2},"_wpas_customize_per_network":false},"categories":[5],"tags":[8748,5319],"class_list":["post-163000","post","type-post","status-publish","format-standard","has-post-thumbnail","hentry","category-politica","tag-opinion","tag-politica-2","generate-columns","tablet-grid-50","mobile-grid-100","grid-parent","grid-50"],"jetpack_publicize_connections":[],"jetpack_featured_media_url":"https:\/\/www.hoymercedes.com.ar\/principal\/wp-content\/uploads\/2022\/08\/debora-lacasa-2.jpeg","wps_subtitle":"","jetpack_sharing_enabled":true,"_links":{"self":[{"href":"https:\/\/www.hoymercedes.com.ar\/principal\/wp-json\/wp\/v2\/posts\/163000","targetHints":{"allow":["GET"]}}],"collection":[{"href":"https:\/\/www.hoymercedes.com.ar\/principal\/wp-json\/wp\/v2\/posts"}],"about":[{"href":"https:\/\/www.hoymercedes.com.ar\/principal\/wp-json\/wp\/v2\/types\/post"}],"author":[{"embeddable":true,"href":"https:\/\/www.hoymercedes.com.ar\/principal\/wp-json\/wp\/v2\/users\/1"}],"replies":[{"embeddable":true,"href":"https:\/\/www.hoymercedes.com.ar\/principal\/wp-json\/wp\/v2\/comments?post=163000"}],"version-history":[{"count":0,"href":"https:\/\/www.hoymercedes.com.ar\/principal\/wp-json\/wp\/v2\/posts\/163000\/revisions"}],"wp:featuredmedia":[{"embeddable":true,"href":"https:\/\/www.hoymercedes.com.ar\/principal\/wp-json\/wp\/v2\/media\/152423"}],"wp:attachment":[{"href":"https:\/\/www.hoymercedes.com.ar\/principal\/wp-json\/wp\/v2\/media?parent=163000"}],"wp:term":[{"taxonomy":"category","embeddable":true,"href":"https:\/\/www.hoymercedes.com.ar\/principal\/wp-json\/wp\/v2\/categories?post=163000"},{"taxonomy":"post_tag","embeddable":true,"href":"https:\/\/www.hoymercedes.com.ar\/principal\/wp-json\/wp\/v2\/tags?post=163000"}],"curies":[{"name":"wp","href":"https:\/\/api.w.org\/{rel}","templated":true}]}}