{"id":163023,"date":"2023-06-04T15:06:00","date_gmt":"2023-06-04T18:06:00","guid":{"rendered":"https:\/\/www.hoymercedes.com.ar\/principal\/?p=163023"},"modified":"2023-06-04T21:11:20","modified_gmt":"2023-06-05T00:11:20","slug":"la-cem-en-el-aniversario-de-los-70-anos-de-feba","status":"publish","type":"post","link":"https:\/\/www.hoymercedes.com.ar\/principal\/2023\/06\/04\/la-cem-en-el-aniversario-de-los-70-anos-de-feba\/","title":{"rendered":"La CEM en el aniversario de los 70 a\u00f1os de FEBA"},"content":{"rendered":"\n<p>Integrantes de la C\u00e1mara Econ\u00f3mica Mercedina estuvieron en el festejo del 70 aniversario de la Federaci\u00f3n Econ\u00f3mica de la Provincia de Buenos Aires (FEBA). El gerente Ariel Pietrucha, la referente de la subcomisi\u00f3n de Mujeres Natalia Facciolo, y el contador Pablo Perazzo, tesorero de la CEM, fueron parte de las actividades en Lomas de Zamora.<\/p>\n\n\n\n<figure class=\"wp-block-image size-large\"><img loading=\"lazy\" decoding=\"async\" width=\"1024\" height=\"726\" data-attachment-id=\"163024\" data-permalink=\"https:\/\/www.hoymercedes.com.ar\/principal\/2023\/06\/04\/la-cem-en-el-aniversario-de-los-70-anos-de-feba\/imagen-de-whatsapp-2023-06-03-a-las-19-46-04\/#main\" data-orig-file=\"https:\/\/www.hoymercedes.com.ar\/principal\/wp-content\/uploads\/2023\/06\/Imagen-de-WhatsApp-2023-06-03-a-las-19.46.04.jpg\" data-orig-size=\"1121,795\" data-comments-opened=\"0\" data-image-meta=\"{&quot;aperture&quot;:&quot;0&quot;,&quot;credit&quot;:&quot;&quot;,&quot;camera&quot;:&quot;&quot;,&quot;caption&quot;:&quot;&quot;,&quot;created_timestamp&quot;:&quot;0&quot;,&quot;copyright&quot;:&quot;&quot;,&quot;focal_length&quot;:&quot;0&quot;,&quot;iso&quot;:&quot;0&quot;,&quot;shutter_speed&quot;:&quot;0&quot;,&quot;title&quot;:&quot;&quot;,&quot;orientation&quot;:&quot;0&quot;}\" data-image-title=\"Imagen-de-WhatsApp-2023-06-03-a-las-19.46.04\" data-image-description=\"\" data-image-caption=\"\" data-large-file=\"https:\/\/www.hoymercedes.com.ar\/principal\/wp-content\/uploads\/2023\/06\/Imagen-de-WhatsApp-2023-06-03-a-las-19.46.04-1024x726.jpg\" src=\"https:\/\/www.hoymercedes.com.ar\/principal\/wp-content\/uploads\/2023\/06\/Imagen-de-WhatsApp-2023-06-03-a-las-19.46.04-1024x726.jpg\" alt=\"\" class=\"wp-image-163024\" srcset=\"https:\/\/www.hoymercedes.com.ar\/principal\/wp-content\/uploads\/2023\/06\/Imagen-de-WhatsApp-2023-06-03-a-las-19.46.04-1024x726.jpg 1024w, https:\/\/www.hoymercedes.com.ar\/principal\/wp-content\/uploads\/2023\/06\/Imagen-de-WhatsApp-2023-06-03-a-las-19.46.04-630x447.jpg 630w, https:\/\/www.hoymercedes.com.ar\/principal\/wp-content\/uploads\/2023\/06\/Imagen-de-WhatsApp-2023-06-03-a-las-19.46.04-150x106.jpg 150w, https:\/\/www.hoymercedes.com.ar\/principal\/wp-content\/uploads\/2023\/06\/Imagen-de-WhatsApp-2023-06-03-a-las-19.46.04-120x85.jpg 120w, https:\/\/www.hoymercedes.com.ar\/principal\/wp-content\/uploads\/2023\/06\/Imagen-de-WhatsApp-2023-06-03-a-las-19.46.04.jpg 1121w\" sizes=\"auto, (max-width: 1024px) 100vw, 1024px\" \/><\/figure>\n\n\n\n<p>Con la presencia de casi 500 personas, de 80 localidades del territorio bonaerense, la Federaci\u00f3n Econ\u00f3mica de la provincia de Buenos Aires (FEBA) celebr\u00f3 su 70 aniversario. El presidente, Camilo Alberto Kahale, realiz\u00f3 la apertura del evento. <\/p>\n\n\n\n<p>Kahale manifest\u00f3 su orgullo y emoci\u00f3n por ser presidente de la Federaci\u00f3n, al tiempo que resalt\u00f3 el trabajo del Personal y de los dirigentes que la componen: \u201cFEBA sin los dirigentes que hoy est\u00e1n en las bases no existir\u00eda\u201d.  \u201cLuchen en sus c\u00e1maras, participen; mu\u00e9strenle a los comerciantes, industriales, a las empresas de servicios todo lo que hace FEBA. Lo que nos trazaron los fundadores hace 70 a\u00f1os hoy lo seguimos haciendo\u201d, asegur\u00f3 Kahale.<\/p>\n\n\n\n<p>En el evento estuvieron: Marina Lesci, intendenta Lomas de Zamora; Alfredo Gonz\u00e1lez, presidente de la Confederaci\u00f3n Argentina de la Mediana Empresa (CAME); Federico Oterm\u00edn, presidente de la Honorable C\u00e1mara de Diputados de la Provincia de Buenos Aires; y Silvina Batakis, presidenta del Banco Naci\u00f3n. <\/p>\n\n\n\n<p>Tambi\u00e9n participaron Mariano De Miguel, titular del Banco Argentino de Desarrollo; Juan Cuattromo, presidente del Banco Provincia; Mariela Bembi, subsecretaria de Industria, Pymes y Cooperativas; Ariel Aguilar, subsecretario de Desarrollo Comercial y Promoci\u00f3n de Inversiones; Ver\u00f3nica Wejchenberg, titular del Fondo de Garant\u00edas Buenos Aires (FOGABA); Mart\u00edn Choren, Jefe de Gabinete de Lomas de Zamora; y Adri\u00e1n Santarelli, senador provincial.<\/p>\n","protected":false},"excerpt":{"rendered":"<p>Integrantes de la C\u00e1mara Econ\u00f3mica Mercedina estuvieron en el festejo del 70 aniversario de la Federaci\u00f3n Econ\u00f3mica de la Provincia de Buenos Aires (FEBA). <\/p>\n","protected":false},"author":1,"featured_media":163024,"comment_status":"closed","ping_status":"open","sticky":false,"template":"","format":"standard","meta":{"_monsterinsights_skip_tracking":false,"_monsterinsights_sitenote_active":false,"_monsterinsights_sitenote_note":"","_monsterinsights_sitenote_category":0,"jetpack_post_was_ever_published":false,"_jetpack_newsletter_access":"","_jetpack_dont_email_post_to_subs":false,"_jetpack_newsletter_tier_id":0,"_jetpack_memberships_contains_paywalled_content":false,"_jetpack_memberships_contains_paid_content":false,"footnotes":"","jetpack_publicize_message":"","jetpack_publicize_feature_enabled":true,"jetpack_social_post_already_shared":true,"jetpack_social_options":{"image_generator_settings":{"template":"highway","default_image_id":0,"font":"","enabled":false},"version":2},"_wpas_customize_per_network":false},"categories":[8],"tags":[],"class_list":["post-163023","post","type-post","status-publish","format-standard","has-post-thumbnail","hentry","category-sociedad","generate-columns","tablet-grid-50","mobile-grid-100","grid-parent","grid-50"],"jetpack_publicize_connections":[],"jetpack_featured_media_url":"https:\/\/www.hoymercedes.com.ar\/principal\/wp-content\/uploads\/2023\/06\/Imagen-de-WhatsApp-2023-06-03-a-las-19.46.04.jpg","wps_subtitle":"","jetpack_sharing_enabled":true,"_links":{"self":[{"href":"https:\/\/www.hoymercedes.com.ar\/principal\/wp-json\/wp\/v2\/posts\/163023","targetHints":{"allow":["GET"]}}],"collection":[{"href":"https:\/\/www.hoymercedes.com.ar\/principal\/wp-json\/wp\/v2\/posts"}],"about":[{"href":"https:\/\/www.hoymercedes.com.ar\/principal\/wp-json\/wp\/v2\/types\/post"}],"author":[{"embeddable":true,"href":"https:\/\/www.hoymercedes.com.ar\/principal\/wp-json\/wp\/v2\/users\/1"}],"replies":[{"embeddable":true,"href":"https:\/\/www.hoymercedes.com.ar\/principal\/wp-json\/wp\/v2\/comments?post=163023"}],"version-history":[{"count":0,"href":"https:\/\/www.hoymercedes.com.ar\/principal\/wp-json\/wp\/v2\/posts\/163023\/revisions"}],"wp:featuredmedia":[{"embeddable":true,"href":"https:\/\/www.hoymercedes.com.ar\/principal\/wp-json\/wp\/v2\/media\/163024"}],"wp:attachment":[{"href":"https:\/\/www.hoymercedes.com.ar\/principal\/wp-json\/wp\/v2\/media?parent=163023"}],"wp:term":[{"taxonomy":"category","embeddable":true,"href":"https:\/\/www.hoymercedes.com.ar\/principal\/wp-json\/wp\/v2\/categories?post=163023"},{"taxonomy":"post_tag","embeddable":true,"href":"https:\/\/www.hoymercedes.com.ar\/principal\/wp-json\/wp\/v2\/tags?post=163023"}],"curies":[{"name":"wp","href":"https:\/\/api.w.org\/{rel}","templated":true}]}}