{"id":16305,"date":"2012-09-20T09:45:09","date_gmt":"2012-09-20T09:45:09","guid":{"rendered":"http:\/\/www.hoymercedes.com.ar\/principal\/?p=16305"},"modified":"2012-09-20T00:07:55","modified_gmt":"2012-09-20T00:07:55","slug":"ustarroz-y-san-pedro-saludan-a-todos-los-jubilados","status":"publish","type":"post","link":"https:\/\/www.hoymercedes.com.ar\/principal\/2012\/09\/20\/ustarroz-y-san-pedro-saludan-a-todos-los-jubilados\/","title":{"rendered":"Ustarr\u00f3z y San Pedro saludan a todos los jubilados"},"content":{"rendered":"<p><a href=\"https:\/\/www.hoymercedes.com.ar\/principal\/wp-content\/uploads\/2012\/09\/FernandoSanPedro-JefeUdaiMercedes.jpg\"><img loading=\"lazy\" decoding=\"async\" data-attachment-id=\"16308\" data-permalink=\"https:\/\/www.hoymercedes.com.ar\/principal\/2012\/09\/20\/ustarroz-y-san-pedro-saludan-a-todos-los-jubilados\/fernandosanpedro-jefeudaimercedes\/#main\" data-orig-file=\"https:\/\/www.hoymercedes.com.ar\/principal\/wp-content\/uploads\/2012\/09\/FernandoSanPedro-JefeUdaiMercedes.jpg\" data-orig-size=\"614,461\" data-comments-opened=\"1\" data-image-meta=\"{&quot;aperture&quot;:&quot;2.6&quot;,&quot;credit&quot;:&quot;&quot;,&quot;camera&quot;:&quot;GT-B5510L&quot;,&quot;caption&quot;:&quot;&quot;,&quot;created_timestamp&quot;:&quot;1343217605&quot;,&quot;copyright&quot;:&quot;&quot;,&quot;focal_length&quot;:&quot;2.79&quot;,&quot;iso&quot;:&quot;125&quot;,&quot;shutter_speed&quot;:&quot;0.055555555555556&quot;,&quot;title&quot;:&quot;&quot;}\" data-image-title=\"FernandoSanPedro-JefeUdaiMercedes\" data-image-description=\"\" data-image-caption=\"\" data-large-file=\"https:\/\/www.hoymercedes.com.ar\/principal\/wp-content\/uploads\/2012\/09\/FernandoSanPedro-JefeUdaiMercedes.jpg\" class=\"aligncenter size-full wp-image-16308\" title=\"FernandoSanPedro-JefeUdaiMercedes\" src=\"https:\/\/www.hoymercedes.com.ar\/principal\/wp-content\/uploads\/2012\/09\/FernandoSanPedro-JefeUdaiMercedes.jpg\" alt=\"\" width=\"614\" height=\"461\" \/><\/a><\/p>\n<p>Desde la instituci\u00f3n del Estado que nuclea a los jubilados de nuestro pa\u00eds hacen llegar, por medio del Jefe Regional y del Jefe de la UDAI local un saludo a todos los jubilados.<\/p>\n<p>El mensaje es el siguiente:<\/p>\n<p>El jefe Regional de Anses Dr. Juan Ignacio Ustarroz, el director de la UDAI Mercedes Fernando San Pedro y toda la familia que integran esta instituci\u00f3n saludan a todos los jubilados de la ciudad de Mercedes con motivo de festejarse este 20 de septiembre el d\u00eda del jubilado, trabajando siempre por el bien com\u00fan de los adultos mayores, integrando e incluyendolos en nuestra sociedad.<\/p>\n","protected":false},"excerpt":{"rendered":"<p>Desde la instituci\u00f3n del Estado que nuclea a los jubilados de nuestro pa\u00eds hacen llegar, por medio del Jefe Regional &#8230; <a title=\"Ustarr\u00f3z y San Pedro saludan a todos los jubilados\" class=\"read-more\" href=\"https:\/\/www.hoymercedes.com.ar\/principal\/2012\/09\/20\/ustarroz-y-san-pedro-saludan-a-todos-los-jubilados\/\" aria-label=\"Leer m\u00e1s sobre Ustarr\u00f3z y San Pedro saludan a todos los jubilados\">Leer m\u00e1s<\/a><\/p>\n","protected":false},"author":1,"featured_media":0,"comment_status":"open","ping_status":"open","sticky":false,"template":"","format":"standard","meta":{"_monsterinsights_skip_tracking":false,"_monsterinsights_sitenote_active":false,"_monsterinsights_sitenote_note":"","_monsterinsights_sitenote_category":0,"jetpack_post_was_ever_published":false,"_jetpack_newsletter_access":"","_jetpack_dont_email_post_to_subs":false,"_jetpack_newsletter_tier_id":0,"_jetpack_memberships_contains_paywalled_content":false,"_jetpack_memberships_contains_paid_content":false,"footnotes":"","jetpack_publicize_message":"","jetpack_publicize_feature_enabled":true,"jetpack_social_post_already_shared":false,"jetpack_social_options":{"image_generator_settings":{"template":"highway","default_image_id":0,"font":"","enabled":false},"version":2},"_wpas_customize_per_network":false},"categories":[8],"tags":[35,2570,585],"class_list":["post-16305","post","type-post","status-publish","format-standard","hentry","category-sociedad","tag-anses-mercedes","tag-fernando-san-pedro","tag-juan-ustarroz","generate-columns","tablet-grid-50","mobile-grid-100","grid-parent","grid-50"],"jetpack_publicize_connections":[],"jetpack_featured_media_url":"","wps_subtitle":"","jetpack_sharing_enabled":true,"_links":{"self":[{"href":"https:\/\/www.hoymercedes.com.ar\/principal\/wp-json\/wp\/v2\/posts\/16305","targetHints":{"allow":["GET"]}}],"collection":[{"href":"https:\/\/www.hoymercedes.com.ar\/principal\/wp-json\/wp\/v2\/posts"}],"about":[{"href":"https:\/\/www.hoymercedes.com.ar\/principal\/wp-json\/wp\/v2\/types\/post"}],"author":[{"embeddable":true,"href":"https:\/\/www.hoymercedes.com.ar\/principal\/wp-json\/wp\/v2\/users\/1"}],"replies":[{"embeddable":true,"href":"https:\/\/www.hoymercedes.com.ar\/principal\/wp-json\/wp\/v2\/comments?post=16305"}],"version-history":[{"count":0,"href":"https:\/\/www.hoymercedes.com.ar\/principal\/wp-json\/wp\/v2\/posts\/16305\/revisions"}],"wp:attachment":[{"href":"https:\/\/www.hoymercedes.com.ar\/principal\/wp-json\/wp\/v2\/media?parent=16305"}],"wp:term":[{"taxonomy":"category","embeddable":true,"href":"https:\/\/www.hoymercedes.com.ar\/principal\/wp-json\/wp\/v2\/categories?post=16305"},{"taxonomy":"post_tag","embeddable":true,"href":"https:\/\/www.hoymercedes.com.ar\/principal\/wp-json\/wp\/v2\/tags?post=16305"}],"curies":[{"name":"wp","href":"https:\/\/api.w.org\/{rel}","templated":true}]}}