{"id":163051,"date":"2023-06-05T15:19:00","date_gmt":"2023-06-05T18:19:00","guid":{"rendered":"https:\/\/www.hoymercedes.com.ar\/principal\/?p=163051"},"modified":"2023-06-05T17:30:17","modified_gmt":"2023-06-05T20:30:17","slug":"ajedrez-ultimas-rondas-para-el-torneo-abierto-memoria","status":"publish","type":"post","link":"https:\/\/www.hoymercedes.com.ar\/principal\/2023\/06\/05\/ajedrez-ultimas-rondas-para-el-torneo-abierto-memoria\/","title":{"rendered":"Ajedrez: \u00daltimas rondas para el Torneo abierto \u201cMemoria\u201d"},"content":{"rendered":"\n<p><strong><em>El viernes se disput\u00f3 la quinta ronda en las instalaciones del Club Del Progreso. Solo quedan dos por delante con importantes cruces para perfilar al ganador.<\/em><\/strong><\/p>\n\n\n<div class=\"wp-block-image\">\n<figure class=\"aligncenter size-full\"><img loading=\"lazy\" decoding=\"async\" width=\"695\" height=\"464\" data-attachment-id=\"163052\" data-permalink=\"https:\/\/www.hoymercedes.com.ar\/principal\/2023\/06\/05\/ajedrez-ultimas-rondas-para-el-torneo-abierto-memoria\/dajedrez-696x520\/#main\" data-orig-file=\"https:\/\/www.hoymercedes.com.ar\/principal\/wp-content\/uploads\/2023\/06\/dajedrez-696x520-1.jpg\" data-orig-size=\"695,464\" data-comments-opened=\"0\" data-image-meta=\"{&quot;aperture&quot;:&quot;0&quot;,&quot;credit&quot;:&quot;&quot;,&quot;camera&quot;:&quot;&quot;,&quot;caption&quot;:&quot;&quot;,&quot;created_timestamp&quot;:&quot;1685985816&quot;,&quot;copyright&quot;:&quot;&quot;,&quot;focal_length&quot;:&quot;0&quot;,&quot;iso&quot;:&quot;0&quot;,&quot;shutter_speed&quot;:&quot;0&quot;,&quot;title&quot;:&quot;&quot;,&quot;orientation&quot;:&quot;1&quot;}\" data-image-title=\"dajedrez-696&amp;#215;520\" data-image-description=\"\" data-image-caption=\"\" data-large-file=\"https:\/\/www.hoymercedes.com.ar\/principal\/wp-content\/uploads\/2023\/06\/dajedrez-696x520-1.jpg\" src=\"https:\/\/www.hoymercedes.com.ar\/principal\/wp-content\/uploads\/2023\/06\/dajedrez-696x520-1.jpg\" alt=\"\" class=\"wp-image-163052\" srcset=\"https:\/\/www.hoymercedes.com.ar\/principal\/wp-content\/uploads\/2023\/06\/dajedrez-696x520-1.jpg 695w, https:\/\/www.hoymercedes.com.ar\/principal\/wp-content\/uploads\/2023\/06\/dajedrez-696x520-1-630x421.jpg 630w, https:\/\/www.hoymercedes.com.ar\/principal\/wp-content\/uploads\/2023\/06\/dajedrez-696x520-1-150x100.jpg 150w\" sizes=\"auto, (max-width: 695px) 100vw, 695px\" \/><\/figure>\n<\/div>\n\n\n<p>El d\u00eda viernes se llev\u00f3 a cabo la quinta ronda del tradicional abierto de ajedrez memoria el cual se realiza en las instalaciones del Club Del Progreso.<\/p>\n\n\n\n<p>Los resultados fueron los siguientes: <br>1 Salinardi Pablo (Chivilcoy) vs Gioscio Martin 1-0<br>2 Saralegui Enrique vs Viola Francisco \u00bd-\u00bd<br>3 Mazzocchi Facundo vs Ferreiro Patricio 1-0<br>4 Picardi Daniel vs Gioscio Jorge 1-0<br>5 Rapp Iv\u00e1n vs Garaglia Rub\u00e9n (San Andr\u00e9s de Giles) 0-1<br>6 Pellati Jos\u00e9 (San Andr\u00e9s de Giles) vs Custo Leandro (San Fernando) 1-0<br>7 Bori Guillermo vs Godoy Juan 0-1<br>8 Marenco Mateo vs Dulevich Daniel 1-0<br>9 Cabral Juan (San Andr\u00e9s de Giles) vs Ya\u00f1ez Luisa (Agote) 0-1<br>10 Denza Nicol\u00e1s vs \u00c1vila Juan 1-0<br>11 Morales Spinelli Agust\u00edn LIBRE<\/p>\n\n\n\n<p><strong>Sexta Ronda\u00a0<\/strong><br>1 Viola Francisco vs Salinardi Pablo (Chivilcoy)<br>2 Gioscio Mart\u00edn vs Mazzocchi Facundo<br>3 Picardi Daniel vs Saralegui Enrique<br>4 Godoy Juan vs Pellati Jos\u00e9 (San Andr\u00e9s de Giles)<br>5 Garaglia Rub\u00e9n (San Andr\u00e9s de Giles) vs Ya\u00f1ez Luisa (Agote)<br>6 Ferreiro Patricio vs Rapp Iv\u00e1n<br>7 Gioscio Jorge vs Marenco Mateo<br>8 Morales Spinelli Agust\u00edn vs Bori Guillermo<br>9 Custo Leandro (San Fernando) vs Denza Nicol\u00e1s<br>10 Dulevich Daniel vs Cabral Juan Manuel (San Andr\u00e9s de Giles)<br>11 Juan Avila LIBRE (suma un punto)<\/p>\n\n\n\n<p><strong>Posiciones:<\/strong>\u00a0Viola Francisco 4, Salinardi Pablo 4, Gioscio Mart\u00edn 3.5, Saralegui Enrique 3.5, Picardi Daniel 3.5, Mazzocchi Facundo 3.5, Garaglia Rub\u00e9n 3, Godoy Juan 3, Pellati Jos\u00e9 3, Rapp Iv\u00e1n 2.5, Ferreiro Patricio 2.5, Marenco Mateo 2.5, Gioscio Jorge 2.5, Ya\u00f1ez Luisa 2.5, Morales Spinelli Agust\u00edn 2, Bori Guillermo 2, Juan Avila 2, Custo Leandro 2, Denza Nicol\u00e1s 1.5, Dulevich Daniel 1.5, Cabral Juan Manuel 1.<\/p>\n\n\n\n<p>Colaboraci\u00f3n: Mariano Oyarz\u00fa<\/p>\n","protected":false},"excerpt":{"rendered":"<p>El viernes se disput\u00f3 la quinta ronda en las instalaciones del Club Del Progreso. Solo quedan dos por delante con &#8230; <a title=\"Ajedrez: \u00daltimas rondas para el Torneo abierto \u201cMemoria\u201d\" class=\"read-more\" href=\"https:\/\/www.hoymercedes.com.ar\/principal\/2023\/06\/05\/ajedrez-ultimas-rondas-para-el-torneo-abierto-memoria\/\" aria-label=\"Leer m\u00e1s sobre Ajedrez: \u00daltimas rondas para el Torneo abierto \u201cMemoria\u201d\">Leer m\u00e1s<\/a><\/p>\n","protected":false},"author":1,"featured_media":163052,"comment_status":"closed","ping_status":"open","sticky":false,"template":"","format":"standard","meta":{"_monsterinsights_skip_tracking":false,"_monsterinsights_sitenote_active":false,"_monsterinsights_sitenote_note":"","_monsterinsights_sitenote_category":0,"jetpack_post_was_ever_published":false,"_jetpack_newsletter_access":"","_jetpack_dont_email_post_to_subs":false,"_jetpack_newsletter_tier_id":0,"_jetpack_memberships_contains_paywalled_content":false,"_jetpack_memberships_contains_paid_content":false,"footnotes":"","jetpack_publicize_message":"","jetpack_publicize_feature_enabled":true,"jetpack_social_post_already_shared":true,"jetpack_social_options":{"image_generator_settings":{"template":"highway","default_image_id":0,"font":"","enabled":false},"version":2},"_wpas_customize_per_network":false},"categories":[8],"tags":[],"class_list":["post-163051","post","type-post","status-publish","format-standard","has-post-thumbnail","hentry","category-sociedad","generate-columns","tablet-grid-50","mobile-grid-100","grid-parent","grid-50"],"jetpack_publicize_connections":[],"jetpack_featured_media_url":"https:\/\/www.hoymercedes.com.ar\/principal\/wp-content\/uploads\/2023\/06\/dajedrez-696x520-1.jpg","wps_subtitle":"","jetpack_sharing_enabled":true,"_links":{"self":[{"href":"https:\/\/www.hoymercedes.com.ar\/principal\/wp-json\/wp\/v2\/posts\/163051","targetHints":{"allow":["GET"]}}],"collection":[{"href":"https:\/\/www.hoymercedes.com.ar\/principal\/wp-json\/wp\/v2\/posts"}],"about":[{"href":"https:\/\/www.hoymercedes.com.ar\/principal\/wp-json\/wp\/v2\/types\/post"}],"author":[{"embeddable":true,"href":"https:\/\/www.hoymercedes.com.ar\/principal\/wp-json\/wp\/v2\/users\/1"}],"replies":[{"embeddable":true,"href":"https:\/\/www.hoymercedes.com.ar\/principal\/wp-json\/wp\/v2\/comments?post=163051"}],"version-history":[{"count":0,"href":"https:\/\/www.hoymercedes.com.ar\/principal\/wp-json\/wp\/v2\/posts\/163051\/revisions"}],"wp:featuredmedia":[{"embeddable":true,"href":"https:\/\/www.hoymercedes.com.ar\/principal\/wp-json\/wp\/v2\/media\/163052"}],"wp:attachment":[{"href":"https:\/\/www.hoymercedes.com.ar\/principal\/wp-json\/wp\/v2\/media?parent=163051"}],"wp:term":[{"taxonomy":"category","embeddable":true,"href":"https:\/\/www.hoymercedes.com.ar\/principal\/wp-json\/wp\/v2\/categories?post=163051"},{"taxonomy":"post_tag","embeddable":true,"href":"https:\/\/www.hoymercedes.com.ar\/principal\/wp-json\/wp\/v2\/tags?post=163051"}],"curies":[{"name":"wp","href":"https:\/\/api.w.org\/{rel}","templated":true}]}}