{"id":163157,"date":"2023-06-07T23:56:51","date_gmt":"2023-06-08T02:56:51","guid":{"rendered":"https:\/\/www.hoymercedes.com.ar\/principal\/?p=163157"},"modified":"2023-06-07T23:56:53","modified_gmt":"2023-06-08T02:56:53","slug":"mechas-solidarias-perfecciona-sus-tecnicas","status":"publish","type":"post","link":"https:\/\/www.hoymercedes.com.ar\/principal\/2023\/06\/07\/mechas-solidarias-perfecciona-sus-tecnicas\/","title":{"rendered":"Mechas Solidarias \u00abperfecciona\u00bb sus t\u00e9cnicas"},"content":{"rendered":"\n<p>Desde el Municipio de Mercedes informaron que los integrantes del Programa Mechas Solidarias est\u00e1n \u00abinnovando y perfeccionando\u00bb las t\u00e9cnicas para la fabricaci\u00f3n de nuevas pelucas para las acciones solidarias. <\/p>\n\n\n<div class=\"wp-block-image\">\n<figure class=\"aligncenter size-full\"><img loading=\"lazy\" decoding=\"async\" width=\"670\" height=\"447\" data-attachment-id=\"163159\" data-permalink=\"https:\/\/www.hoymercedes.com.ar\/principal\/2023\/06\/07\/mechas-solidarias-perfecciona-sus-tecnicas\/mechassolidarias-3\/#main\" data-orig-file=\"https:\/\/www.hoymercedes.com.ar\/principal\/wp-content\/uploads\/2023\/06\/MechasSolidarias.jpeg\" data-orig-size=\"670,447\" data-comments-opened=\"0\" data-image-meta=\"{&quot;aperture&quot;:&quot;0&quot;,&quot;credit&quot;:&quot;&quot;,&quot;camera&quot;:&quot;&quot;,&quot;caption&quot;:&quot;&quot;,&quot;created_timestamp&quot;:&quot;1686180872&quot;,&quot;copyright&quot;:&quot;&quot;,&quot;focal_length&quot;:&quot;0&quot;,&quot;iso&quot;:&quot;0&quot;,&quot;shutter_speed&quot;:&quot;0&quot;,&quot;title&quot;:&quot;&quot;,&quot;orientation&quot;:&quot;1&quot;}\" data-image-title=\"MechasSolidarias\" data-image-description=\"\" data-image-caption=\"\" data-large-file=\"https:\/\/www.hoymercedes.com.ar\/principal\/wp-content\/uploads\/2023\/06\/MechasSolidarias.jpeg\" src=\"https:\/\/www.hoymercedes.com.ar\/principal\/wp-content\/uploads\/2023\/06\/MechasSolidarias.jpeg\" alt=\"\" class=\"wp-image-163159\" srcset=\"https:\/\/www.hoymercedes.com.ar\/principal\/wp-content\/uploads\/2023\/06\/MechasSolidarias.jpeg 670w, https:\/\/www.hoymercedes.com.ar\/principal\/wp-content\/uploads\/2023\/06\/MechasSolidarias-630x420.jpeg 630w, https:\/\/www.hoymercedes.com.ar\/principal\/wp-content\/uploads\/2023\/06\/MechasSolidarias-150x100.jpeg 150w\" sizes=\"auto, (max-width: 670px) 100vw, 670px\" \/><\/figure>\n<\/div>\n\n\n<p>De acuerdo a la informaci\u00f3n municipal, la estilista colaboradora del programa, Sol P\u00e9rez, explica que trabajan \u00aben un casco de piel sint\u00e9tica artesanal con cabello inyectado\u201d- \u00abEstos cascos nos permiten entregar pelucas que se asemejan a\u00fan m\u00e1s a una cabellera natural, permiti\u00e9ndole a quien la use peinarla y estilizarla como sol\u00eda hacer con su cabello\u201d, explica.<\/p>\n\n\n\n<p>\u00abNos pone muy contentas estos avances que sumamos a nuestro banco de pelucas, apliques, vinchas, sombreros, boinas y turbantes. Lo hacemos con mucho amor tanto para pacientes oncol\u00f3gicos o con distintos tipos de alopecia\u201d, agrega Sol P\u00e9rez. \u00a0<\/p>\n\n\n\n<p>\u00abEs un trabajo y compromiso de equipo, con\u00a0\u00a0Meche, Viv\u00ed, Claudia y China, con un enorme coraz\u00f3n y compromiso con el proyecto\u00bb, resalt\u00f3 la estilista. \u00a0<\/p>\n\n\n\n<p>Es importante apuntar que el proyecto \u201cMechas Solidarias\u201d tiene como objetivo poder proporcionar una soluci\u00f3n a pacientes con enfermedades las cuales traen aparejada la ca\u00edda del cabello. Las personas interesadas en colaborar pueden contactarse con las integrantes del Programa a trav\u00e9s de la p\u00e1gina de Facebook \u201cMechas Solidarias Mercedes\u201d o por whatsapp al n\u00famero de Sol 1139307748. \u00a0<\/p>\n","protected":false},"excerpt":{"rendered":"<p>Desde el Municipio de Mercedes informaron que los integrantes del Programa Mechas Solidarias est\u00e1n \u00abinnovando y perfeccionando\u00bb las t\u00e9cnicas para &#8230; <a title=\"Mechas Solidarias \u00abperfecciona\u00bb sus t\u00e9cnicas\" class=\"read-more\" href=\"https:\/\/www.hoymercedes.com.ar\/principal\/2023\/06\/07\/mechas-solidarias-perfecciona-sus-tecnicas\/\" aria-label=\"Leer m\u00e1s sobre Mechas Solidarias \u00abperfecciona\u00bb sus t\u00e9cnicas\">Leer m\u00e1s<\/a><\/p>\n","protected":false},"author":1,"featured_media":163159,"comment_status":"closed","ping_status":"open","sticky":false,"template":"","format":"standard","meta":{"_monsterinsights_skip_tracking":false,"_monsterinsights_sitenote_active":false,"_monsterinsights_sitenote_note":"","_monsterinsights_sitenote_category":0,"jetpack_post_was_ever_published":false,"_jetpack_newsletter_access":"","_jetpack_dont_email_post_to_subs":false,"_jetpack_newsletter_tier_id":0,"_jetpack_memberships_contains_paywalled_content":false,"_jetpack_memberships_contains_paid_content":false,"footnotes":"","jetpack_publicize_message":"","jetpack_publicize_feature_enabled":true,"jetpack_social_post_already_shared":true,"jetpack_social_options":{"image_generator_settings":{"template":"highway","default_image_id":0,"font":"","enabled":false},"version":2},"_wpas_customize_per_network":false},"categories":[8],"tags":[],"class_list":["post-163157","post","type-post","status-publish","format-standard","has-post-thumbnail","hentry","category-sociedad","generate-columns","tablet-grid-50","mobile-grid-100","grid-parent","grid-50"],"jetpack_publicize_connections":[],"jetpack_featured_media_url":"https:\/\/www.hoymercedes.com.ar\/principal\/wp-content\/uploads\/2023\/06\/MechasSolidarias.jpeg","wps_subtitle":"","jetpack_sharing_enabled":true,"_links":{"self":[{"href":"https:\/\/www.hoymercedes.com.ar\/principal\/wp-json\/wp\/v2\/posts\/163157","targetHints":{"allow":["GET"]}}],"collection":[{"href":"https:\/\/www.hoymercedes.com.ar\/principal\/wp-json\/wp\/v2\/posts"}],"about":[{"href":"https:\/\/www.hoymercedes.com.ar\/principal\/wp-json\/wp\/v2\/types\/post"}],"author":[{"embeddable":true,"href":"https:\/\/www.hoymercedes.com.ar\/principal\/wp-json\/wp\/v2\/users\/1"}],"replies":[{"embeddable":true,"href":"https:\/\/www.hoymercedes.com.ar\/principal\/wp-json\/wp\/v2\/comments?post=163157"}],"version-history":[{"count":0,"href":"https:\/\/www.hoymercedes.com.ar\/principal\/wp-json\/wp\/v2\/posts\/163157\/revisions"}],"wp:featuredmedia":[{"embeddable":true,"href":"https:\/\/www.hoymercedes.com.ar\/principal\/wp-json\/wp\/v2\/media\/163159"}],"wp:attachment":[{"href":"https:\/\/www.hoymercedes.com.ar\/principal\/wp-json\/wp\/v2\/media?parent=163157"}],"wp:term":[{"taxonomy":"category","embeddable":true,"href":"https:\/\/www.hoymercedes.com.ar\/principal\/wp-json\/wp\/v2\/categories?post=163157"},{"taxonomy":"post_tag","embeddable":true,"href":"https:\/\/www.hoymercedes.com.ar\/principal\/wp-json\/wp\/v2\/tags?post=163157"}],"curies":[{"name":"wp","href":"https:\/\/api.w.org\/{rel}","templated":true}]}}