{"id":163207,"date":"2023-06-09T19:12:28","date_gmt":"2023-06-09T22:12:28","guid":{"rendered":"https:\/\/www.hoymercedes.com.ar\/principal\/?p=163207"},"modified":"2023-06-09T19:12:31","modified_gmt":"2023-06-09T22:12:31","slug":"seguridad-vial-marcha-de-velas-en-el-aniversario-de-estrellas-amarillas-mercedes","status":"publish","type":"post","link":"https:\/\/www.hoymercedes.com.ar\/principal\/2023\/06\/09\/seguridad-vial-marcha-de-velas-en-el-aniversario-de-estrellas-amarillas-mercedes\/","title":{"rendered":"Seguridad Vial: Marcha de velas en el aniversario de Estrellas Amarillas Mercedes"},"content":{"rendered":"\n<p>Este s\u00e1bado 10 de junio, el Grupo Estrellas Amarillas est\u00e1 conmemorando su s\u00e9ptimo aniversario. Es as\u00ed que en horas de la tarde, estar\u00e1n moviliz\u00e1ndose con sus velas encendidas desde la Plaza San Mart\u00edn, hasta la Plaza San Lu\u00eds donde se encuentra la estatua que recuerda a las v\u00edctimas fatales de siniestros viales. <\/p>\n\n\n\n<p>\u00abNos encantar\u00eda que nos acompa\u00f1en. Por amor a la vida, y para que a otro no le pase. Nos encantar\u00eda que las familias, los amigos, la comunidad acompa\u00f1e y que no est\u00e9n de este lado. Esperaremos que se ilumine el Palacio Municipal, primero. Desde las 18:30 horas, en plaza San Mart\u00edn para marchar a partir de la hora 19\u00bb, invitan desde el grupo Estrellas Amarillas. <\/p>\n\n\n\n<p><strong>Caravana pasada<\/strong><br>En tanto, el \u00faltimo domingo, el grupo Estrellas Amarillas Mercedes llev\u00f3 adelante una caravana de concientizaci\u00f3n por las avenidas principales, para iniciar y terminar el circuito en la Plaza San Mart\u00edn. <\/p>\n\n\n<div class=\"wp-block-image\">\n<figure class=\"aligncenter size-full\"><img loading=\"lazy\" decoding=\"async\" width=\"800\" height=\"533\" data-attachment-id=\"163150\" data-permalink=\"https:\/\/www.hoymercedes.com.ar\/principal\/2023\/06\/07\/pablo-blasberg-expone-en-el-teatro-talia-2\/img_20230604_160550214\/#main\" data-orig-file=\"https:\/\/www.hoymercedes.com.ar\/principal\/wp-content\/uploads\/2023\/06\/IMG_20230604_160550214.jpg\" data-orig-size=\"800,533\" data-comments-opened=\"0\" data-image-meta=\"{&quot;aperture&quot;:&quot;0&quot;,&quot;credit&quot;:&quot;&quot;,&quot;camera&quot;:&quot;&quot;,&quot;caption&quot;:&quot;&quot;,&quot;created_timestamp&quot;:&quot;1685894750&quot;,&quot;copyright&quot;:&quot;&quot;,&quot;focal_length&quot;:&quot;0&quot;,&quot;iso&quot;:&quot;0&quot;,&quot;shutter_speed&quot;:&quot;0&quot;,&quot;title&quot;:&quot;&quot;,&quot;orientation&quot;:&quot;1&quot;}\" data-image-title=\"IMG_20230604_160550214\" data-image-description=\"\" data-image-caption=\"\" data-large-file=\"https:\/\/www.hoymercedes.com.ar\/principal\/wp-content\/uploads\/2023\/06\/IMG_20230604_160550214.jpg\" src=\"https:\/\/www.hoymercedes.com.ar\/principal\/wp-content\/uploads\/2023\/06\/IMG_20230604_160550214.jpg\" alt=\"\" class=\"wp-image-163150\" srcset=\"https:\/\/www.hoymercedes.com.ar\/principal\/wp-content\/uploads\/2023\/06\/IMG_20230604_160550214.jpg 800w, https:\/\/www.hoymercedes.com.ar\/principal\/wp-content\/uploads\/2023\/06\/IMG_20230604_160550214-630x420.jpg 630w, https:\/\/www.hoymercedes.com.ar\/principal\/wp-content\/uploads\/2023\/06\/IMG_20230604_160550214-150x100.jpg 150w, https:\/\/www.hoymercedes.com.ar\/principal\/wp-content\/uploads\/2023\/06\/IMG_20230604_160550214-700x465.jpg 700w\" sizes=\"auto, (max-width: 800px) 100vw, 800px\" \/><\/figure>\n<\/div>\n\n\n<p><strong>Actividades en el mes de la seguridad vial<\/strong><\/p>\n\n\n\n<p>Durante el mes de junio, a nivel nacional se llevan adelante diferentes actividades en torno a la Seguridad Vial. Desde el Grupo Estrellas Amarillas Mercedes realizar\u00e1n diferentes actividades sum\u00e1ndose a las propuestas por el Municipio y el \u00e1rea de Seguridad. <\/p>\n\n\n\n<p>El mi\u00e9rcoles 14 de junio, a la hora 17, el Teatro Argentino ser\u00e1 sede de la proyecci\u00f3n de los cortometrajes realizados en el marco de la campa\u00f1a oficial nacional \u00abHistorias de Alcohol al Volante\u00bb. <\/p>\n\n\n\n<p>En tanto, el s\u00e1bado 24 de junio, en el Bosque de la Conciencia, a la vera del R\u00edo Luj\u00e1n detr\u00e1s de La Pulper\u00eda se har\u00e1 un acto con la colocaci\u00f3n de nuevas placas que recuerdan a las v\u00edctimas fatales de siniestros viales. Cabe recordar que el a\u00f1o pasado, las placas originales fueron vandalizadas por desconocidos. <\/p>\n\n\n<div class=\"wp-block-image\">\n<figure class=\"aligncenter size-full\"><img loading=\"lazy\" decoding=\"async\" width=\"800\" height=\"533\" data-attachment-id=\"163149\" data-permalink=\"https:\/\/www.hoymercedes.com.ar\/principal\/2023\/06\/07\/pablo-blasberg-expone-en-el-teatro-talia-2\/img_20230604_162727164_hdr\/#main\" data-orig-file=\"https:\/\/www.hoymercedes.com.ar\/principal\/wp-content\/uploads\/2023\/06\/IMG_20230604_162727164_HDR.jpg\" data-orig-size=\"800,533\" data-comments-opened=\"0\" data-image-meta=\"{&quot;aperture&quot;:&quot;0&quot;,&quot;credit&quot;:&quot;&quot;,&quot;camera&quot;:&quot;&quot;,&quot;caption&quot;:&quot;&quot;,&quot;created_timestamp&quot;:&quot;1685896047&quot;,&quot;copyright&quot;:&quot;&quot;,&quot;focal_length&quot;:&quot;0&quot;,&quot;iso&quot;:&quot;0&quot;,&quot;shutter_speed&quot;:&quot;0&quot;,&quot;title&quot;:&quot;&quot;,&quot;orientation&quot;:&quot;1&quot;}\" data-image-title=\"IMG_20230604_162727164_HDR\" data-image-description=\"\" data-image-caption=\"\" data-large-file=\"https:\/\/www.hoymercedes.com.ar\/principal\/wp-content\/uploads\/2023\/06\/IMG_20230604_162727164_HDR.jpg\" src=\"https:\/\/www.hoymercedes.com.ar\/principal\/wp-content\/uploads\/2023\/06\/IMG_20230604_162727164_HDR.jpg\" alt=\"\" class=\"wp-image-163149\" srcset=\"https:\/\/www.hoymercedes.com.ar\/principal\/wp-content\/uploads\/2023\/06\/IMG_20230604_162727164_HDR.jpg 800w, https:\/\/www.hoymercedes.com.ar\/principal\/wp-content\/uploads\/2023\/06\/IMG_20230604_162727164_HDR-630x420.jpg 630w, https:\/\/www.hoymercedes.com.ar\/principal\/wp-content\/uploads\/2023\/06\/IMG_20230604_162727164_HDR-150x100.jpg 150w, https:\/\/www.hoymercedes.com.ar\/principal\/wp-content\/uploads\/2023\/06\/IMG_20230604_162727164_HDR-700x465.jpg 700w\" sizes=\"auto, (max-width: 800px) 100vw, 800px\" \/><\/figure>\n<\/div>","protected":false},"excerpt":{"rendered":"<p>Este s\u00e1bado 10 de junio, el Grupo Estrellas Amarillas est\u00e1 conmemorando su s\u00e9ptimo aniversario. Es as\u00ed que en horas de &#8230; <a title=\"Seguridad Vial: Marcha de velas en el aniversario de Estrellas Amarillas Mercedes\" class=\"read-more\" href=\"https:\/\/www.hoymercedes.com.ar\/principal\/2023\/06\/09\/seguridad-vial-marcha-de-velas-en-el-aniversario-de-estrellas-amarillas-mercedes\/\" aria-label=\"Leer m\u00e1s sobre Seguridad Vial: Marcha de velas en el aniversario de Estrellas Amarillas Mercedes\">Leer m\u00e1s<\/a><\/p>\n","protected":false},"author":1,"featured_media":163149,"comment_status":"closed","ping_status":"open","sticky":false,"template":"","format":"standard","meta":{"_monsterinsights_skip_tracking":false,"_monsterinsights_sitenote_active":false,"_monsterinsights_sitenote_note":"","_monsterinsights_sitenote_category":0,"jetpack_post_was_ever_published":false,"_jetpack_newsletter_access":"","_jetpack_dont_email_post_to_subs":false,"_jetpack_newsletter_tier_id":0,"_jetpack_memberships_contains_paywalled_content":false,"_jetpack_memberships_contains_paid_content":false,"footnotes":"","jetpack_publicize_message":"","jetpack_publicize_feature_enabled":true,"jetpack_social_post_already_shared":true,"jetpack_social_options":{"image_generator_settings":{"template":"highway","default_image_id":0,"font":"","enabled":false},"version":2},"_wpas_customize_per_network":false},"categories":[8],"tags":[],"class_list":["post-163207","post","type-post","status-publish","format-standard","has-post-thumbnail","hentry","category-sociedad","generate-columns","tablet-grid-50","mobile-grid-100","grid-parent","grid-50"],"jetpack_publicize_connections":[],"jetpack_featured_media_url":"https:\/\/www.hoymercedes.com.ar\/principal\/wp-content\/uploads\/2023\/06\/IMG_20230604_162727164_HDR.jpg","wps_subtitle":"","jetpack_sharing_enabled":true,"_links":{"self":[{"href":"https:\/\/www.hoymercedes.com.ar\/principal\/wp-json\/wp\/v2\/posts\/163207","targetHints":{"allow":["GET"]}}],"collection":[{"href":"https:\/\/www.hoymercedes.com.ar\/principal\/wp-json\/wp\/v2\/posts"}],"about":[{"href":"https:\/\/www.hoymercedes.com.ar\/principal\/wp-json\/wp\/v2\/types\/post"}],"author":[{"embeddable":true,"href":"https:\/\/www.hoymercedes.com.ar\/principal\/wp-json\/wp\/v2\/users\/1"}],"replies":[{"embeddable":true,"href":"https:\/\/www.hoymercedes.com.ar\/principal\/wp-json\/wp\/v2\/comments?post=163207"}],"version-history":[{"count":0,"href":"https:\/\/www.hoymercedes.com.ar\/principal\/wp-json\/wp\/v2\/posts\/163207\/revisions"}],"wp:featuredmedia":[{"embeddable":true,"href":"https:\/\/www.hoymercedes.com.ar\/principal\/wp-json\/wp\/v2\/media\/163149"}],"wp:attachment":[{"href":"https:\/\/www.hoymercedes.com.ar\/principal\/wp-json\/wp\/v2\/media?parent=163207"}],"wp:term":[{"taxonomy":"category","embeddable":true,"href":"https:\/\/www.hoymercedes.com.ar\/principal\/wp-json\/wp\/v2\/categories?post=163207"},{"taxonomy":"post_tag","embeddable":true,"href":"https:\/\/www.hoymercedes.com.ar\/principal\/wp-json\/wp\/v2\/tags?post=163207"}],"curies":[{"name":"wp","href":"https:\/\/api.w.org\/{rel}","templated":true}]}}