{"id":163230,"date":"2023-06-10T22:00:43","date_gmt":"2023-06-11T01:00:43","guid":{"rendered":"https:\/\/www.hoymercedes.com.ar\/principal\/?p=163230"},"modified":"2023-06-10T22:00:47","modified_gmt":"2023-06-11T01:00:47","slug":"historia-y-literatura-como-tema-de-la-charla-de-barisone","status":"publish","type":"post","link":"https:\/\/www.hoymercedes.com.ar\/principal\/2023\/06\/10\/historia-y-literatura-como-tema-de-la-charla-de-barisone\/","title":{"rendered":"Historia y literatura como tema de la charla de Barisone"},"content":{"rendered":"\n<p>En la tarde de este s\u00e1bado, el profesor y doctor en Letras Jos\u00e9 Barisone brind\u00f3 una conferencia ante un grupo de asistentes al Instituto Belgraniano. La literatura hispanomericana a lo largo de la historia y en la historia como marco y contexto para la ficci\u00f3n y la \u00abnon fiction\u00bb fue el centro de la disertaci\u00f3n del docente. <\/p>\n\n\n<div class=\"wp-block-image\">\n<figure class=\"aligncenter size-full\"><img loading=\"lazy\" decoding=\"async\" width=\"800\" height=\"533\" data-attachment-id=\"163239\" data-permalink=\"https:\/\/www.hoymercedes.com.ar\/principal\/2023\/06\/10\/historia-y-literatura-como-tema-de-la-charla-de-barisone\/barisone\/#main\" data-orig-file=\"https:\/\/www.hoymercedes.com.ar\/principal\/wp-content\/uploads\/2023\/06\/barisone.jpg\" data-orig-size=\"800,533\" data-comments-opened=\"0\" data-image-meta=\"{&quot;aperture&quot;:&quot;0&quot;,&quot;credit&quot;:&quot;&quot;,&quot;camera&quot;:&quot;&quot;,&quot;caption&quot;:&quot;&quot;,&quot;created_timestamp&quot;:&quot;1686420503&quot;,&quot;copyright&quot;:&quot;&quot;,&quot;focal_length&quot;:&quot;0&quot;,&quot;iso&quot;:&quot;0&quot;,&quot;shutter_speed&quot;:&quot;0&quot;,&quot;title&quot;:&quot;&quot;,&quot;orientation&quot;:&quot;1&quot;}\" data-image-title=\"barisone\" data-image-description=\"\" data-image-caption=\"\" data-large-file=\"https:\/\/www.hoymercedes.com.ar\/principal\/wp-content\/uploads\/2023\/06\/barisone.jpg\" src=\"https:\/\/www.hoymercedes.com.ar\/principal\/wp-content\/uploads\/2023\/06\/barisone.jpg\" alt=\"\" class=\"wp-image-163239\" srcset=\"https:\/\/www.hoymercedes.com.ar\/principal\/wp-content\/uploads\/2023\/06\/barisone.jpg 800w, https:\/\/www.hoymercedes.com.ar\/principal\/wp-content\/uploads\/2023\/06\/barisone-630x420.jpg 630w, https:\/\/www.hoymercedes.com.ar\/principal\/wp-content\/uploads\/2023\/06\/barisone-150x100.jpg 150w, https:\/\/www.hoymercedes.com.ar\/principal\/wp-content\/uploads\/2023\/06\/barisone-700x465.jpg 700w\" sizes=\"auto, (max-width: 800px) 100vw, 800px\" \/><\/figure>\n<\/div>\n\n\n<p>Por casi una hora, Barisone expuso sobre la tem\u00e1tica. A medida que disertaba recorri\u00f3 distintos textos, destacando su contexto hist\u00f3rico, as\u00ed como su relevancia para la historia hispanoamericana. Las Cr\u00f3nicas de Indias, como inicio de la disertaci\u00f3n, hasta los textos escritos por los pueblos originarios latinoamericanos en las lenguas originarias y traducciones en el espa\u00f1ol de la actualidad. Pasando por textos como Cien A\u00f1os de Soledad o Casa Tomada, evocando textos de Carlos Fuentes o C\u00e9sar Arias, as\u00ed como autores peruanos y bolivianos. <\/p>\n\n\n\n<p>Barisone fue desarrollando diferentes textos de ficci\u00f3n, novelas contextualizadas en hechos hist\u00f3ricos, as\u00ed como la \u00abnon fiction\u00bb de Walsh. Al momento de las interacci\u00f3n y preguntas de los presentes, las obras ambientadas o con referencias a Manuel Belgrano fueron una tem\u00e1tica obligada para lo cual el encuentro se extendi\u00f3 con la moderaci\u00f3n de la profesora de historia y referente del Instituto Belgraniano, M\u00f3nica Brown. <\/p>\n","protected":false},"excerpt":{"rendered":"<p>En la tarde de este s\u00e1bado, el profesor y doctor en Letras Jos\u00e9 Barisone brind\u00f3 una conferencia ante un grupo &#8230; <a title=\"Historia y literatura como tema de la charla de Barisone\" class=\"read-more\" href=\"https:\/\/www.hoymercedes.com.ar\/principal\/2023\/06\/10\/historia-y-literatura-como-tema-de-la-charla-de-barisone\/\" aria-label=\"Leer m\u00e1s sobre Historia y literatura como tema de la charla de Barisone\">Leer m\u00e1s<\/a><\/p>\n","protected":false},"author":1,"featured_media":163239,"comment_status":"closed","ping_status":"open","sticky":false,"template":"","format":"standard","meta":{"_monsterinsights_skip_tracking":false,"_monsterinsights_sitenote_active":false,"_monsterinsights_sitenote_note":"","_monsterinsights_sitenote_category":0,"jetpack_post_was_ever_published":false,"_jetpack_newsletter_access":"","_jetpack_dont_email_post_to_subs":false,"_jetpack_newsletter_tier_id":0,"_jetpack_memberships_contains_paywalled_content":false,"_jetpack_memberships_contains_paid_content":false,"footnotes":"","jetpack_publicize_message":"","jetpack_publicize_feature_enabled":true,"jetpack_social_post_already_shared":true,"jetpack_social_options":{"image_generator_settings":{"template":"highway","default_image_id":0,"font":"","enabled":false},"version":2},"_wpas_customize_per_network":false},"categories":[104],"tags":[7805],"class_list":["post-163230","post","type-post","status-publish","format-standard","has-post-thumbnail","hentry","category-cultura","tag-cultura","generate-columns","tablet-grid-50","mobile-grid-100","grid-parent","grid-50"],"jetpack_publicize_connections":[],"jetpack_featured_media_url":"https:\/\/www.hoymercedes.com.ar\/principal\/wp-content\/uploads\/2023\/06\/barisone.jpg","wps_subtitle":"","jetpack_sharing_enabled":true,"_links":{"self":[{"href":"https:\/\/www.hoymercedes.com.ar\/principal\/wp-json\/wp\/v2\/posts\/163230","targetHints":{"allow":["GET"]}}],"collection":[{"href":"https:\/\/www.hoymercedes.com.ar\/principal\/wp-json\/wp\/v2\/posts"}],"about":[{"href":"https:\/\/www.hoymercedes.com.ar\/principal\/wp-json\/wp\/v2\/types\/post"}],"author":[{"embeddable":true,"href":"https:\/\/www.hoymercedes.com.ar\/principal\/wp-json\/wp\/v2\/users\/1"}],"replies":[{"embeddable":true,"href":"https:\/\/www.hoymercedes.com.ar\/principal\/wp-json\/wp\/v2\/comments?post=163230"}],"version-history":[{"count":0,"href":"https:\/\/www.hoymercedes.com.ar\/principal\/wp-json\/wp\/v2\/posts\/163230\/revisions"}],"wp:featuredmedia":[{"embeddable":true,"href":"https:\/\/www.hoymercedes.com.ar\/principal\/wp-json\/wp\/v2\/media\/163239"}],"wp:attachment":[{"href":"https:\/\/www.hoymercedes.com.ar\/principal\/wp-json\/wp\/v2\/media?parent=163230"}],"wp:term":[{"taxonomy":"category","embeddable":true,"href":"https:\/\/www.hoymercedes.com.ar\/principal\/wp-json\/wp\/v2\/categories?post=163230"},{"taxonomy":"post_tag","embeddable":true,"href":"https:\/\/www.hoymercedes.com.ar\/principal\/wp-json\/wp\/v2\/tags?post=163230"}],"curies":[{"name":"wp","href":"https:\/\/api.w.org\/{rel}","templated":true}]}}