{"id":163355,"date":"2023-06-15T14:42:45","date_gmt":"2023-06-15T17:42:45","guid":{"rendered":"https:\/\/www.hoymercedes.com.ar\/principal\/?p=163355"},"modified":"2023-06-15T14:42:47","modified_gmt":"2023-06-15T17:42:47","slug":"en-julio-sale-a-la-venta-el-bono-de-bomberos-voluntarios","status":"publish","type":"post","link":"https:\/\/www.hoymercedes.com.ar\/principal\/2023\/06\/15\/en-julio-sale-a-la-venta-el-bono-de-bomberos-voluntarios\/","title":{"rendered":"En julio sale a la venta el bono de Bomberos Voluntarios"},"content":{"rendered":"\n<p>Los Bomberos Voluntarios de Mercedes adelantaron que en pocas semanas se vienen los Bonos Contribuci\u00f3n 2023\/2024<\/p>\n\n\n\n<p>Anunciaron que a principios de julio, se podr\u00e1n adquirir y que el primer sorteo ser\u00e1 el \u00faltimo fin de semana de gosto.<\/p>\n\n\n\n<p>En tanto, invitan a los vecinos a asociarse de a trav\u00e9s del siguiente  link: <a rel=\"noreferrer noopener\" href=\"https:\/\/forms.gle\/6kb98oc9SvyF9kmw9?fbclid=IwAR0BeJDXq4s7iajv2dAVQL8hA4KtByNpfGKfKOFapyrCc0XnvjYjAIUCdyk\" target=\"_blank\">forms.gle\/<\/a>6kb98oc9SvyF9kmw9. Membres\u00edas desde 500$<\/p>\n\n\n<div class=\"wp-block-image\">\n<figure class=\"aligncenter size-full\"><img loading=\"lazy\" decoding=\"async\" width=\"526\" height=\"526\" data-attachment-id=\"163356\" data-permalink=\"https:\/\/www.hoymercedes.com.ar\/principal\/2023\/06\/15\/en-julio-sale-a-la-venta-el-bono-de-bomberos-voluntarios\/image-14-5\/#main\" data-orig-file=\"https:\/\/www.hoymercedes.com.ar\/principal\/wp-content\/uploads\/2023\/06\/image-14.png\" data-orig-size=\"526,526\" data-comments-opened=\"0\" data-image-meta=\"{&quot;aperture&quot;:&quot;0&quot;,&quot;credit&quot;:&quot;&quot;,&quot;camera&quot;:&quot;&quot;,&quot;caption&quot;:&quot;&quot;,&quot;created_timestamp&quot;:&quot;0&quot;,&quot;copyright&quot;:&quot;&quot;,&quot;focal_length&quot;:&quot;0&quot;,&quot;iso&quot;:&quot;0&quot;,&quot;shutter_speed&quot;:&quot;0&quot;,&quot;title&quot;:&quot;&quot;,&quot;orientation&quot;:&quot;0&quot;}\" data-image-title=\"image-14\" data-image-description=\"\" data-image-caption=\"\" data-large-file=\"https:\/\/www.hoymercedes.com.ar\/principal\/wp-content\/uploads\/2023\/06\/image-14.png\" src=\"https:\/\/www.hoymercedes.com.ar\/principal\/wp-content\/uploads\/2023\/06\/image-14.png\" alt=\"\" class=\"wp-image-163356\" srcset=\"https:\/\/www.hoymercedes.com.ar\/principal\/wp-content\/uploads\/2023\/06\/image-14.png 526w, https:\/\/www.hoymercedes.com.ar\/principal\/wp-content\/uploads\/2023\/06\/image-14-150x150.png 150w\" sizes=\"auto, (max-width: 526px) 100vw, 526px\" \/><\/figure>\n<\/div>","protected":false},"excerpt":{"rendered":"<p>Los Bomberos Voluntarios de Mercedes adelantaron que en pocas semanas se vienen los Bonos Contribuci\u00f3n 2023\/2024 Anunciaron que a principios &#8230; <a title=\"En julio sale a la venta el bono de Bomberos Voluntarios\" class=\"read-more\" href=\"https:\/\/www.hoymercedes.com.ar\/principal\/2023\/06\/15\/en-julio-sale-a-la-venta-el-bono-de-bomberos-voluntarios\/\" aria-label=\"Leer m\u00e1s sobre En julio sale a la venta el bono de Bomberos Voluntarios\">Leer m\u00e1s<\/a><\/p>\n","protected":false},"author":1,"featured_media":163356,"comment_status":"closed","ping_status":"open","sticky":false,"template":"","format":"standard","meta":{"_monsterinsights_skip_tracking":false,"_monsterinsights_sitenote_active":false,"_monsterinsights_sitenote_note":"","_monsterinsights_sitenote_category":0,"jetpack_post_was_ever_published":false,"_jetpack_newsletter_access":"","_jetpack_dont_email_post_to_subs":false,"_jetpack_newsletter_tier_id":0,"_jetpack_memberships_contains_paywalled_content":false,"_jetpack_memberships_contains_paid_content":false,"footnotes":"","jetpack_publicize_message":"","jetpack_publicize_feature_enabled":true,"jetpack_social_post_already_shared":true,"jetpack_social_options":{"image_generator_settings":{"template":"highway","default_image_id":0,"font":"","enabled":false},"version":2},"_wpas_customize_per_network":false},"categories":[8],"tags":[],"class_list":["post-163355","post","type-post","status-publish","format-standard","has-post-thumbnail","hentry","category-sociedad","generate-columns","tablet-grid-50","mobile-grid-100","grid-parent","grid-50"],"jetpack_publicize_connections":[],"jetpack_featured_media_url":"https:\/\/www.hoymercedes.com.ar\/principal\/wp-content\/uploads\/2023\/06\/image-14.png","wps_subtitle":"","jetpack_sharing_enabled":true,"_links":{"self":[{"href":"https:\/\/www.hoymercedes.com.ar\/principal\/wp-json\/wp\/v2\/posts\/163355","targetHints":{"allow":["GET"]}}],"collection":[{"href":"https:\/\/www.hoymercedes.com.ar\/principal\/wp-json\/wp\/v2\/posts"}],"about":[{"href":"https:\/\/www.hoymercedes.com.ar\/principal\/wp-json\/wp\/v2\/types\/post"}],"author":[{"embeddable":true,"href":"https:\/\/www.hoymercedes.com.ar\/principal\/wp-json\/wp\/v2\/users\/1"}],"replies":[{"embeddable":true,"href":"https:\/\/www.hoymercedes.com.ar\/principal\/wp-json\/wp\/v2\/comments?post=163355"}],"version-history":[{"count":0,"href":"https:\/\/www.hoymercedes.com.ar\/principal\/wp-json\/wp\/v2\/posts\/163355\/revisions"}],"wp:featuredmedia":[{"embeddable":true,"href":"https:\/\/www.hoymercedes.com.ar\/principal\/wp-json\/wp\/v2\/media\/163356"}],"wp:attachment":[{"href":"https:\/\/www.hoymercedes.com.ar\/principal\/wp-json\/wp\/v2\/media?parent=163355"}],"wp:term":[{"taxonomy":"category","embeddable":true,"href":"https:\/\/www.hoymercedes.com.ar\/principal\/wp-json\/wp\/v2\/categories?post=163355"},{"taxonomy":"post_tag","embeddable":true,"href":"https:\/\/www.hoymercedes.com.ar\/principal\/wp-json\/wp\/v2\/tags?post=163355"}],"curies":[{"name":"wp","href":"https:\/\/api.w.org\/{rel}","templated":true}]}}