{"id":163441,"date":"2023-06-17T18:21:25","date_gmt":"2023-06-17T21:21:25","guid":{"rendered":"https:\/\/www.hoymercedes.com.ar\/principal\/?p=163441"},"modified":"2023-06-17T18:21:28","modified_gmt":"2023-06-17T21:21:28","slug":"interna-de-jxc-mosso-les-gana-a-ruiz-y-cabral","status":"publish","type":"post","link":"https:\/\/www.hoymercedes.com.ar\/principal\/2023\/06\/17\/interna-de-jxc-mosso-les-gana-a-ruiz-y-cabral\/","title":{"rendered":"Interna de JxC: Mosso les gana a Ruiz y Cabral"},"content":{"rendered":"\n<p>Tres encuestas, las tres telef\u00f3nicas y encargadas por distintos sectores de la oposici\u00f3n local, arrojaron lo que para algunos es una sorpresa: en la carrera por convertirse en el candidato a intendente de Mercedes por Juntos por el Cambio, Carlos Mosso les gana la interna a Evangelina Cabral (ambos encolumnados a nivel nacional con Patricia Bullrich) y tambi\u00e9n a Noelia Ruiz, que responde al ala encabezada por el precandidato a presidente Horacio Rodr\u00edguez Larreta.<\/p>\n\n\n\n<p>\u201cEl sector de Patricia tendr\u00e1 un solo candidato, Mosso o Cabral. Nosotros propondremos que se miren las encuestas y nos decidamos por el que mida mejor. Hasta el momento, Mosso mide m\u00e1s que Evangelina\u201d, se sincer\u00f3 Cristina Gottifredi, d\u00edas atr\u00e1s, en Dato Posta.<\/p>\n\n\n\n<p>Por esa indecisi\u00f3n, ninguno de los dos fue invitado al acto que Bullrich realiz\u00f3 el viernes en la localidad vecina de Luj\u00e1n.<\/p>\n\n\n\n<p>La aparici\u00f3n de Mosso en la punta de las encuestas es una gran sorpresa: primero, porque si se trata de la interna en la l\u00ednea Bullrich, Cabral tiene mayor exposici\u00f3n en su condici\u00f3n de presidenta del Honorable Concejo Deliberante y adem\u00e1s, en teor\u00eda, la favorece su mayor llegada a los precandidatos nacionales por relaciones familiares.<\/p>\n\n\n\n<p>Si en cambio se trata de la \u201cpelea\u201d con Ruiz, el despliegue medi\u00e1tico de la candidata de Rodr\u00edguez Larreta parec\u00eda, en principio, situarla en un mejor lugar. Sin embargo sigue con un baj\u00edsimo nivel de conocimiento por parte de los vecinos. \u201cNoelia Ruiz no pertenece a la ciudad, no es una vecina mercedina\u201d, dijo a medios locales el concejal de JxC Gustavo Mangoni, quien trabaja para que \u201cEvangelina sea la pr\u00f3xima intendenta porque tiene gesti\u00f3n y conoce la ciudad\u201d.<\/p>\n\n\n\n<p>\u201cCarlos Mosso es un chico valioso que trabaja muy bien, que conoce la calle y que camina, y creemos que tendr\u00eda que acompa\u00f1ar a Evangelina en la lista, se potenciar\u00edan mucho y lo necesitamos\u201d, pidi\u00f3 tambi\u00e9n, aunque las encuestas van en sentido contrario. \u201cNo hay que olvidarse de que nosotros somos los mercedinos. Noelia Ruiz hace poco tiempo que est\u00e1 en la ciudad. Tampoco creo que est\u00e9 a la altura de poder dirigir una ciudad, de tener el conocimiento acabado de la problem\u00e1tica y de la idiosincracia del mercedino\u201d, concluy\u00f3 en DatoPosta Radio. <\/p>\n\n\n\n<p>M\u00e1s all\u00e1 de los n\u00fameros, la idea de unir los esfuerzos de los dos precandidatos \u00abbullrichistas\u00bb requerir\u00e1 de mucho di\u00e1logo, porque en distintas oportunidades Mosso fue cr\u00edtico de la tarea de su compa\u00f1era Cabral (\u00abfue una desprolijidad su pedido de licencia\u00bb, dijo en su momento); y adem\u00e1s su intenci\u00f3n de convertirse en intendente de Mercedes naci\u00f3 luego de que Evangelina, el a\u00f1o pasado, anunciara p\u00fablicamente su renuncia a ser candidata a jefa comunal.<\/p>\n\n\n\n<p>A nivel nacional, entre los mercedinos Bullrich tambi\u00e9n tiene m\u00e1s intenci\u00f3n de voto que Rodr\u00edguez Larreta, lo que completa la explicaci\u00f3n del triunfo transitorio de Mosso sobre sus dos rivales.<\/p>\n\n\n\n<p>Para medir mejor la intenci\u00f3n de los vecinos en la interna de JxC, en estos d\u00edas una consultora llegada desde La Plata est\u00e1 realizando una encuesta a nivel presencial, barrio por barrio, aunque todav\u00eda no se sabe cu\u00e1l de los sectores la encarg\u00f3.<\/p>\n","protected":false},"excerpt":{"rendered":"<p>Tres encuestas, las tres telef\u00f3nicas y encargadas por distintos sectores de la oposici\u00f3n local, arrojaron lo que para algunos es &#8230; <a title=\"Interna de JxC: Mosso les gana a Ruiz y Cabral\" class=\"read-more\" href=\"https:\/\/www.hoymercedes.com.ar\/principal\/2023\/06\/17\/interna-de-jxc-mosso-les-gana-a-ruiz-y-cabral\/\" aria-label=\"Leer m\u00e1s sobre Interna de JxC: Mosso les gana a Ruiz y Cabral\">Leer m\u00e1s<\/a><\/p>\n","protected":false},"author":1,"featured_media":163083,"comment_status":"closed","ping_status":"open","sticky":false,"template":"","format":"standard","meta":{"_monsterinsights_skip_tracking":false,"_monsterinsights_sitenote_active":false,"_monsterinsights_sitenote_note":"","_monsterinsights_sitenote_category":0,"jetpack_post_was_ever_published":false,"_jetpack_newsletter_access":"","_jetpack_dont_email_post_to_subs":false,"_jetpack_newsletter_tier_id":0,"_jetpack_memberships_contains_paywalled_content":false,"_jetpack_memberships_contains_paid_content":false,"footnotes":"","jetpack_publicize_message":"","jetpack_publicize_feature_enabled":true,"jetpack_social_post_already_shared":true,"jetpack_social_options":{"image_generator_settings":{"template":"highway","default_image_id":0,"font":"","enabled":false},"version":2},"_wpas_customize_per_network":false},"categories":[8],"tags":[3052],"class_list":["post-163441","post","type-post","status-publish","format-standard","has-post-thumbnail","hentry","category-sociedad","tag-carlos-mosso","generate-columns","tablet-grid-50","mobile-grid-100","grid-parent","grid-50"],"jetpack_publicize_connections":[],"jetpack_featured_media_url":"https:\/\/www.hoymercedes.com.ar\/principal\/wp-content\/uploads\/2023\/06\/Pro-mosso-2.jpg","wps_subtitle":"Pol\u00edtica","jetpack_sharing_enabled":true,"_links":{"self":[{"href":"https:\/\/www.hoymercedes.com.ar\/principal\/wp-json\/wp\/v2\/posts\/163441","targetHints":{"allow":["GET"]}}],"collection":[{"href":"https:\/\/www.hoymercedes.com.ar\/principal\/wp-json\/wp\/v2\/posts"}],"about":[{"href":"https:\/\/www.hoymercedes.com.ar\/principal\/wp-json\/wp\/v2\/types\/post"}],"author":[{"embeddable":true,"href":"https:\/\/www.hoymercedes.com.ar\/principal\/wp-json\/wp\/v2\/users\/1"}],"replies":[{"embeddable":true,"href":"https:\/\/www.hoymercedes.com.ar\/principal\/wp-json\/wp\/v2\/comments?post=163441"}],"version-history":[{"count":0,"href":"https:\/\/www.hoymercedes.com.ar\/principal\/wp-json\/wp\/v2\/posts\/163441\/revisions"}],"wp:featuredmedia":[{"embeddable":true,"href":"https:\/\/www.hoymercedes.com.ar\/principal\/wp-json\/wp\/v2\/media\/163083"}],"wp:attachment":[{"href":"https:\/\/www.hoymercedes.com.ar\/principal\/wp-json\/wp\/v2\/media?parent=163441"}],"wp:term":[{"taxonomy":"category","embeddable":true,"href":"https:\/\/www.hoymercedes.com.ar\/principal\/wp-json\/wp\/v2\/categories?post=163441"},{"taxonomy":"post_tag","embeddable":true,"href":"https:\/\/www.hoymercedes.com.ar\/principal\/wp-json\/wp\/v2\/tags?post=163441"}],"curies":[{"name":"wp","href":"https:\/\/api.w.org\/{rel}","templated":true}]}}