{"id":163556,"date":"2023-06-20T21:20:00","date_gmt":"2023-06-21T00:20:00","guid":{"rendered":"https:\/\/www.hoymercedes.com.ar\/principal\/?p=163556"},"modified":"2023-06-20T20:49:08","modified_gmt":"2023-06-20T23:49:08","slug":"futbol-femenino-pabellon-quedo-como-el-unico-puntero","status":"publish","type":"post","link":"https:\/\/www.hoymercedes.com.ar\/principal\/2023\/06\/20\/futbol-femenino-pabellon-quedo-como-el-unico-puntero\/","title":{"rendered":"F\u00fatbol femenino: Pabell\u00f3n quedo como el \u00fanico puntero"},"content":{"rendered":"\n<p><strong><em>Las de Marcos Paz lograron superar a Palometas y se aseguraron el primer puesto. Defensores debi\u00f3 viajar a J\u00e1uregui pero solo logr\u00f3 un empate ante Flandria.<\/em><\/strong><\/p>\n\n\n<div class=\"wp-block-image\">\n<figure class=\"aligncenter size-full\"><img loading=\"lazy\" decoding=\"async\" width=\"800\" height=\"533\" data-attachment-id=\"163526\" data-permalink=\"https:\/\/www.hoymercedes.com.ar\/principal\/2023\/06\/20\/hockey-ateneo-logra-dos-goleadas-en-brandsen\/futbol-femenino-2006\/#main\" data-orig-file=\"https:\/\/www.hoymercedes.com.ar\/principal\/wp-content\/uploads\/2023\/06\/futbol-femenino-2006.jpg\" data-orig-size=\"800,533\" data-comments-opened=\"0\" data-image-meta=\"{&quot;aperture&quot;:&quot;0&quot;,&quot;credit&quot;:&quot;&quot;,&quot;camera&quot;:&quot;&quot;,&quot;caption&quot;:&quot;&quot;,&quot;created_timestamp&quot;:&quot;1687265966&quot;,&quot;copyright&quot;:&quot;&quot;,&quot;focal_length&quot;:&quot;0&quot;,&quot;iso&quot;:&quot;0&quot;,&quot;shutter_speed&quot;:&quot;0&quot;,&quot;title&quot;:&quot;&quot;,&quot;orientation&quot;:&quot;1&quot;}\" data-image-title=\"futbol femenino 2006\" data-image-description=\"\" data-image-caption=\"\" data-large-file=\"https:\/\/www.hoymercedes.com.ar\/principal\/wp-content\/uploads\/2023\/06\/futbol-femenino-2006.jpg\" src=\"https:\/\/www.hoymercedes.com.ar\/principal\/wp-content\/uploads\/2023\/06\/futbol-femenino-2006.jpg\" alt=\"\" class=\"wp-image-163526\" srcset=\"https:\/\/www.hoymercedes.com.ar\/principal\/wp-content\/uploads\/2023\/06\/futbol-femenino-2006.jpg 800w, https:\/\/www.hoymercedes.com.ar\/principal\/wp-content\/uploads\/2023\/06\/futbol-femenino-2006-630x420.jpg 630w, https:\/\/www.hoymercedes.com.ar\/principal\/wp-content\/uploads\/2023\/06\/futbol-femenino-2006-150x100.jpg 150w, https:\/\/www.hoymercedes.com.ar\/principal\/wp-content\/uploads\/2023\/06\/futbol-femenino-2006-700x465.jpg 700w\" sizes=\"auto, (max-width: 800px) 100vw, 800px\" \/><\/figure>\n<\/div>\n\n\n<p>Durante la jornada del s\u00e1bado se llev\u00f3 a cabo la d\u00e9cima jornada del torneo apertura para la primera divisi\u00f3n del F\u00fatbol Femenino, organizado por la Liga Mercedina de F\u00fatbol.<\/p>\n\n\n\n<p>En la previa, Pabell\u00f3n Argentino y Defensores Jrs llegaban como \u00fanicos l\u00edderes de la categor\u00eda e igualados en la cantidad de puntos.<\/p>\n\n\n\n<p>Pero luego de los resultados del pasado s\u00e1bado, las chicas de Marcos Paz lograron tomar ventaja tras superar a Palometas de visitante en las \u00faltimas horas de la tarde.<\/p>\n\n\n\n<p>Por su parte, el \u201cCeleste\u201d debi\u00f3 viajar a J\u00e1uregui para enfrentar a Flandria pero solo logr\u00f3 traerse un empate que lo deja como escolta de Pabell\u00f3n.<\/p>\n\n\n\n<p>No obstante, solo restan cinco fechas por delante y ambos deber\u00e1n tener su jornada libre, dado que son de los pocos clubes que cuentan con la totalidad de partidos jugados hasta el momento.<\/p>\n\n\n\n<p>Un poco m\u00e1s atr\u00e1s los siguen de cerca Flandria, El Front\u00f3n y Club Mercedes quienes se podr\u00edan sumar a la disputa en las \u00faltimas jornadas.<\/p>\n\n\n\n<p><strong>Resultados<\/strong><br>Palometas 0.<br>Pabell\u00f3n Argentino 2: Noelia Molina y Josefina Santamar\u00eda.<\/p>\n\n\n\n<p>Flandria 1: Stefan\u00eda Gatica.<br>Defensores 1: Cintia Aranda.<\/p>\n\n\n\n<p>Mercedes 0.<br>El Front\u00f3n 4: Luciana L\u00f3pez, Camila Narice, Funes y Delfina D\u00edaz de penal.<\/p>\n\n\n\n<p>La Tijera 2: Maitena Correa y Milagro Gim\u00e9nez.<br>Carteros 2: Antonella B\u00edsfoto y Katia Roda.<\/p>\n\n\n\n<p>Uni\u00f3n 1: Sof\u00eda Ivachich.<br>AMEFIP 0.<\/p>\n\n\n\n<p><strong>Posiciones:<\/strong> Pabell\u00f3n Argentino (10) 28 pts, Defensores (10) 26 pts, El Front\u00f3n (9) 22 pts, Flandria (9) 19 pts, Mercedes (9) 16 pts, Trocha (8) 13 pts, Atl. Marcos Paz (9) 11 pts, Carteros (9) 11 pts, El Tim\u00f3n (7) 8 pts, Palometas (9) 8 pts, Uni\u00f3n (8) 7 pts, Dep. Gowland (7) 5 pts, AMEFIP (10) 5 pts, V\u00e9lez (8) 4 pts, La Tijera (9) 1 pts.<br>*Ref: (Partidos jugados).<\/p>\n\n\n\n<p><strong>Pr\u00f3xima fecha<\/strong><br>Uni\u00f3n vs. La Tijera.<br>Carteros vs. V\u00e9lez.<br>Trocha vs. Mercedes.<br>El Front\u00f3n vs. El Tim\u00f3n.<br>Deportivo Gowland vs. Flandria.<br>Defensores vs. Palometas.<br>Pabell\u00f3n vs. Atl\u00e9tico Marcos Paz.<br>Libre: AMEFIP.<\/p>\n\n\n\n<p>Colaboraci\u00f3n Mariano Oyarz\u00fa<\/p>\n","protected":false},"excerpt":{"rendered":"<p>Las de Marcos Paz lograron superar a Palometas y se aseguraron el primer puesto. Defensores debi\u00f3 viajar a J\u00e1uregui pero &#8230; <a title=\"F\u00fatbol femenino: Pabell\u00f3n quedo como el \u00fanico puntero\" class=\"read-more\" href=\"https:\/\/www.hoymercedes.com.ar\/principal\/2023\/06\/20\/futbol-femenino-pabellon-quedo-como-el-unico-puntero\/\" aria-label=\"Leer m\u00e1s sobre F\u00fatbol femenino: Pabell\u00f3n quedo como el \u00fanico puntero\">Leer m\u00e1s<\/a><\/p>\n","protected":false},"author":1,"featured_media":163526,"comment_status":"closed","ping_status":"open","sticky":false,"template":"","format":"standard","meta":{"_monsterinsights_skip_tracking":false,"_monsterinsights_sitenote_active":false,"_monsterinsights_sitenote_note":"","_monsterinsights_sitenote_category":0,"jetpack_post_was_ever_published":false,"_jetpack_newsletter_access":"","_jetpack_dont_email_post_to_subs":false,"_jetpack_newsletter_tier_id":0,"_jetpack_memberships_contains_paywalled_content":false,"_jetpack_memberships_contains_paid_content":false,"footnotes":"","jetpack_publicize_message":"","jetpack_publicize_feature_enabled":true,"jetpack_social_post_already_shared":true,"jetpack_social_options":{"image_generator_settings":{"template":"highway","default_image_id":0,"font":"","enabled":false},"version":2},"_wpas_customize_per_network":false},"categories":[21],"tags":[204,1003],"class_list":["post-163556","post","type-post","status-publish","format-standard","has-post-thumbnail","hentry","category-deportes","tag-deportes-2","tag-futbol","generate-columns","tablet-grid-50","mobile-grid-100","grid-parent","grid-50"],"jetpack_publicize_connections":[],"jetpack_featured_media_url":"https:\/\/www.hoymercedes.com.ar\/principal\/wp-content\/uploads\/2023\/06\/futbol-femenino-2006.jpg","wps_subtitle":"","jetpack_sharing_enabled":true,"_links":{"self":[{"href":"https:\/\/www.hoymercedes.com.ar\/principal\/wp-json\/wp\/v2\/posts\/163556","targetHints":{"allow":["GET"]}}],"collection":[{"href":"https:\/\/www.hoymercedes.com.ar\/principal\/wp-json\/wp\/v2\/posts"}],"about":[{"href":"https:\/\/www.hoymercedes.com.ar\/principal\/wp-json\/wp\/v2\/types\/post"}],"author":[{"embeddable":true,"href":"https:\/\/www.hoymercedes.com.ar\/principal\/wp-json\/wp\/v2\/users\/1"}],"replies":[{"embeddable":true,"href":"https:\/\/www.hoymercedes.com.ar\/principal\/wp-json\/wp\/v2\/comments?post=163556"}],"version-history":[{"count":0,"href":"https:\/\/www.hoymercedes.com.ar\/principal\/wp-json\/wp\/v2\/posts\/163556\/revisions"}],"wp:featuredmedia":[{"embeddable":true,"href":"https:\/\/www.hoymercedes.com.ar\/principal\/wp-json\/wp\/v2\/media\/163526"}],"wp:attachment":[{"href":"https:\/\/www.hoymercedes.com.ar\/principal\/wp-json\/wp\/v2\/media?parent=163556"}],"wp:term":[{"taxonomy":"category","embeddable":true,"href":"https:\/\/www.hoymercedes.com.ar\/principal\/wp-json\/wp\/v2\/categories?post=163556"},{"taxonomy":"post_tag","embeddable":true,"href":"https:\/\/www.hoymercedes.com.ar\/principal\/wp-json\/wp\/v2\/tags?post=163556"}],"curies":[{"name":"wp","href":"https:\/\/api.w.org\/{rel}","templated":true}]}}