{"id":163617,"date":"2023-06-22T13:03:42","date_gmt":"2023-06-22T16:03:42","guid":{"rendered":"https:\/\/www.hoymercedes.com.ar\/principal\/?p=163617"},"modified":"2023-06-22T13:03:45","modified_gmt":"2023-06-22T16:03:45","slug":"abogados-jura-a-nuevos-profesionales-matriculados","status":"publish","type":"post","link":"https:\/\/www.hoymercedes.com.ar\/principal\/2023\/06\/22\/abogados-jura-a-nuevos-profesionales-matriculados\/","title":{"rendered":"Abogados: Jura a nuevos profesionales matriculados"},"content":{"rendered":"\n<p>Desde el Colegio de Abogados del Departamento Judicial Mercedes anunciaron y diferon la bienvenida a los nuevos profesionales de la abogac\u00eda que se suman a la instituci\u00f3n como matriculados. Cada uno prest\u00f3 juramento ante una de las abogadas integrantes de la Comisi\u00f3n Directiva del Colegio. <\/p>\n\n\n\n<p>Los nuevos matriculados del CADJMe son: Dra. Anabella Zicaro; Dra. Dana Ail\u00e9n Brusa; Dra. Mar\u00eda Soledad Morello; Dr. Juan Cruz Rosello; Dr. Santiago Reynaldo Bruzzone; Dr. Sebasti\u00e1n Nahuel Puliti; Dra. Jorgelina Adriana Aime; Dra. Mar\u00eda Daniela Rodr\u00edguez; Dra. Sof\u00eda Arce; Dr. Agust\u00edn Taranto; Dr. Juli\u00e1n \u00c1lvarez y Dra. \u00c1ngeles Estefan\u00eda Moyano<\/p>\n\n\n<div class=\"wp-block-image\">\n<figure class=\"aligncenter size-full\"><img loading=\"lazy\" decoding=\"async\" width=\"800\" height=\"531\" data-attachment-id=\"163619\" data-permalink=\"https:\/\/www.hoymercedes.com.ar\/principal\/2023\/06\/22\/abogados-jura-a-nuevos-profesionales-matriculados\/fb_img_1687448842301_copy_800x531\/#main\" data-orig-file=\"https:\/\/www.hoymercedes.com.ar\/principal\/wp-content\/uploads\/2023\/06\/FB_IMG_1687448842301_copy_800x531.jpg\" data-orig-size=\"800,531\" data-comments-opened=\"0\" data-image-meta=\"{&quot;aperture&quot;:&quot;0&quot;,&quot;credit&quot;:&quot;&quot;,&quot;camera&quot;:&quot;&quot;,&quot;caption&quot;:&quot;&quot;,&quot;created_timestamp&quot;:&quot;0&quot;,&quot;copyright&quot;:&quot;&quot;,&quot;focal_length&quot;:&quot;0&quot;,&quot;iso&quot;:&quot;0&quot;,&quot;shutter_speed&quot;:&quot;0&quot;,&quot;title&quot;:&quot;&quot;,&quot;orientation&quot;:&quot;0&quot;}\" data-image-title=\"FB_IMG_1687448842301_copy_800x531\" data-image-description=\"\" data-image-caption=\"\" data-large-file=\"https:\/\/www.hoymercedes.com.ar\/principal\/wp-content\/uploads\/2023\/06\/FB_IMG_1687448842301_copy_800x531.jpg\" src=\"https:\/\/www.hoymercedes.com.ar\/principal\/wp-content\/uploads\/2023\/06\/FB_IMG_1687448842301_copy_800x531.jpg\" alt=\"\" class=\"wp-image-163619\" srcset=\"https:\/\/www.hoymercedes.com.ar\/principal\/wp-content\/uploads\/2023\/06\/FB_IMG_1687448842301_copy_800x531.jpg 800w, https:\/\/www.hoymercedes.com.ar\/principal\/wp-content\/uploads\/2023\/06\/FB_IMG_1687448842301_copy_800x531-630x418.jpg 630w, https:\/\/www.hoymercedes.com.ar\/principal\/wp-content\/uploads\/2023\/06\/FB_IMG_1687448842301_copy_800x531-150x100.jpg 150w, https:\/\/www.hoymercedes.com.ar\/principal\/wp-content\/uploads\/2023\/06\/FB_IMG_1687448842301_copy_800x531-700x465.jpg 700w\" sizes=\"auto, (max-width: 800px) 100vw, 800px\" \/><\/figure>\n<\/div>","protected":false},"excerpt":{"rendered":"<p>Desde el Colegio de Abogados del Departamento Judicial Mercedes anunciaron y diferon la bienvenida a los nuevos profesionales de la &#8230; <a title=\"Abogados: Jura a nuevos profesionales matriculados\" class=\"read-more\" href=\"https:\/\/www.hoymercedes.com.ar\/principal\/2023\/06\/22\/abogados-jura-a-nuevos-profesionales-matriculados\/\" aria-label=\"Leer m\u00e1s sobre Abogados: Jura a nuevos profesionales matriculados\">Leer m\u00e1s<\/a><\/p>\n","protected":false},"author":1,"featured_media":163619,"comment_status":"closed","ping_status":"open","sticky":false,"template":"","format":"standard","meta":{"_monsterinsights_skip_tracking":false,"_monsterinsights_sitenote_active":false,"_monsterinsights_sitenote_note":"","_monsterinsights_sitenote_category":0,"jetpack_post_was_ever_published":false,"_jetpack_newsletter_access":"","_jetpack_dont_email_post_to_subs":false,"_jetpack_newsletter_tier_id":0,"_jetpack_memberships_contains_paywalled_content":false,"_jetpack_memberships_contains_paid_content":false,"footnotes":"","jetpack_publicize_message":"","jetpack_publicize_feature_enabled":true,"jetpack_social_post_already_shared":true,"jetpack_social_options":{"image_generator_settings":{"template":"highway","default_image_id":0,"font":"","enabled":false},"version":2},"_wpas_customize_per_network":false},"categories":[8],"tags":[],"class_list":["post-163617","post","type-post","status-publish","format-standard","has-post-thumbnail","hentry","category-sociedad","generate-columns","tablet-grid-50","mobile-grid-100","grid-parent","grid-50"],"jetpack_publicize_connections":[],"jetpack_featured_media_url":"https:\/\/www.hoymercedes.com.ar\/principal\/wp-content\/uploads\/2023\/06\/FB_IMG_1687448842301_copy_800x531.jpg","wps_subtitle":"","jetpack_sharing_enabled":true,"_links":{"self":[{"href":"https:\/\/www.hoymercedes.com.ar\/principal\/wp-json\/wp\/v2\/posts\/163617","targetHints":{"allow":["GET"]}}],"collection":[{"href":"https:\/\/www.hoymercedes.com.ar\/principal\/wp-json\/wp\/v2\/posts"}],"about":[{"href":"https:\/\/www.hoymercedes.com.ar\/principal\/wp-json\/wp\/v2\/types\/post"}],"author":[{"embeddable":true,"href":"https:\/\/www.hoymercedes.com.ar\/principal\/wp-json\/wp\/v2\/users\/1"}],"replies":[{"embeddable":true,"href":"https:\/\/www.hoymercedes.com.ar\/principal\/wp-json\/wp\/v2\/comments?post=163617"}],"version-history":[{"count":0,"href":"https:\/\/www.hoymercedes.com.ar\/principal\/wp-json\/wp\/v2\/posts\/163617\/revisions"}],"wp:featuredmedia":[{"embeddable":true,"href":"https:\/\/www.hoymercedes.com.ar\/principal\/wp-json\/wp\/v2\/media\/163619"}],"wp:attachment":[{"href":"https:\/\/www.hoymercedes.com.ar\/principal\/wp-json\/wp\/v2\/media?parent=163617"}],"wp:term":[{"taxonomy":"category","embeddable":true,"href":"https:\/\/www.hoymercedes.com.ar\/principal\/wp-json\/wp\/v2\/categories?post=163617"},{"taxonomy":"post_tag","embeddable":true,"href":"https:\/\/www.hoymercedes.com.ar\/principal\/wp-json\/wp\/v2\/tags?post=163617"}],"curies":[{"name":"wp","href":"https:\/\/api.w.org\/{rel}","templated":true}]}}