{"id":163626,"date":"2023-06-22T14:59:00","date_gmt":"2023-06-22T17:59:00","guid":{"rendered":"https:\/\/www.hoymercedes.com.ar\/principal\/?p=163626"},"modified":"2023-06-22T14:17:19","modified_gmt":"2023-06-22T17:17:19","slug":"siguen-elementos-y-flash-en-el-cine-mercedes","status":"publish","type":"post","link":"https:\/\/www.hoymercedes.com.ar\/principal\/2023\/06\/22\/siguen-elementos-y-flash-en-el-cine-mercedes\/","title":{"rendered":"Siguen \u00abElementos\u00bb y \u00abFlash\u00bb en el Cine Mercedes"},"content":{"rendered":"\n<p>El Cine Mercedes anunci\u00f3 la continuidad de la proyecci\u00f3n de dos pel\u00edculas esperadas por el p\u00fablico general. En las funciones de las 17:30, la pel\u00edcula de animaci\u00f3n \u00abElementos\u00bb se podr\u00e1 ver desde el viernes 23 al martes 27 de junio. Los mismos d\u00edas, pero en las funciones de la hora 20, podr\u00e1 verse \u00abFlash\u00bb. <\/p>\n\n\n<div class=\"wp-block-image\">\n<figure class=\"aligncenter size-full\"><img loading=\"lazy\" decoding=\"async\" width=\"717\" height=\"800\" data-attachment-id=\"163627\" data-permalink=\"https:\/\/www.hoymercedes.com.ar\/principal\/2023\/06\/22\/siguen-elementos-y-flash-en-el-cine-mercedes\/gacetilla-cine-mercedes-36-2\/#main\" data-orig-file=\"https:\/\/www.hoymercedes.com.ar\/principal\/wp-content\/uploads\/2023\/06\/Gacetilla-Cine-Mercedes-36.jpg\" data-orig-size=\"717,800\" data-comments-opened=\"0\" data-image-meta=\"{&quot;aperture&quot;:&quot;0&quot;,&quot;credit&quot;:&quot;&quot;,&quot;camera&quot;:&quot;&quot;,&quot;caption&quot;:&quot;&quot;,&quot;created_timestamp&quot;:&quot;0&quot;,&quot;copyright&quot;:&quot;&quot;,&quot;focal_length&quot;:&quot;0&quot;,&quot;iso&quot;:&quot;0&quot;,&quot;shutter_speed&quot;:&quot;0&quot;,&quot;title&quot;:&quot;&quot;,&quot;orientation&quot;:&quot;1&quot;}\" data-image-title=\"Gacetilla Cine Mercedes (36)\" data-image-description=\"\" data-image-caption=\"\" data-large-file=\"https:\/\/www.hoymercedes.com.ar\/principal\/wp-content\/uploads\/2023\/06\/Gacetilla-Cine-Mercedes-36.jpg\" src=\"https:\/\/www.hoymercedes.com.ar\/principal\/wp-content\/uploads\/2023\/06\/Gacetilla-Cine-Mercedes-36.jpg\" alt=\"\" class=\"wp-image-163627\" srcset=\"https:\/\/www.hoymercedes.com.ar\/principal\/wp-content\/uploads\/2023\/06\/Gacetilla-Cine-Mercedes-36.jpg 717w, https:\/\/www.hoymercedes.com.ar\/principal\/wp-content\/uploads\/2023\/06\/Gacetilla-Cine-Mercedes-36-556x620.jpg 556w, https:\/\/www.hoymercedes.com.ar\/principal\/wp-content\/uploads\/2023\/06\/Gacetilla-Cine-Mercedes-36-134x150.jpg 134w\" sizes=\"auto, (max-width: 717px) 100vw, 717px\" \/><\/figure>\n<\/div>\n\n\n<p>Sinopsis \u00abElementos\u00bb Ambientado en Ciudad Elemento, donde conviven habitantes de fuego, agua, tierra y aire. La protagonista de la historia es Candela, una joven fuerte, ingeniosa y con car\u00e1cter, cuya amistad con un chico divertido, sensible y tranquilo, llamado Nilo, cambia su perspectiva sobre el mundo en el que viven.<\/p>\n\n\n\n<p>Sinopsis \u00abFlash\u00bb: Los mundos chocan en \u00abFlash\u00bb cuando Barry utiliza sus superpoderes para viajar en el tiempo y cambiar los acontecimientos del pasado. Barry intenta salvar a su familia, pero sin saberlo altera el futuro y queda atrapado en una realidad en la que el general Zod ha regresado y amenaza con la aniquilaci\u00f3n, pero en la que no hay Superh\u00e9roes a los que recurrir. A menos que Barry pueda persuadir a un Batman muy diferente para que salga de su retiro y rescate a un kryptoniano encarcelado&#8230; aunque no sea el que est\u00e1 buscando. En \u00faltima instancia, para salvar el mundo en el que se encuentra y regresar al futuro que conoce, la \u00fanica esperanza de Barry es luchar por seguir vivo. Pero \u00bfeste \u00faltimo sacrificio ser\u00e1 suficiente para reiniciar el universo?\u00a0<\/p>\n","protected":false},"excerpt":{"rendered":"<p>El Cine Mercedes anunci\u00f3 la continuidad de la proyecci\u00f3n de dos pel\u00edculas esperadas por el p\u00fablico general. En las funciones &#8230; <a title=\"Siguen \u00abElementos\u00bb y \u00abFlash\u00bb en el Cine Mercedes\" class=\"read-more\" href=\"https:\/\/www.hoymercedes.com.ar\/principal\/2023\/06\/22\/siguen-elementos-y-flash-en-el-cine-mercedes\/\" aria-label=\"Leer m\u00e1s sobre Siguen \u00abElementos\u00bb y \u00abFlash\u00bb en el Cine Mercedes\">Leer m\u00e1s<\/a><\/p>\n","protected":false},"author":1,"featured_media":163628,"comment_status":"closed","ping_status":"open","sticky":false,"template":"","format":"standard","meta":{"_monsterinsights_skip_tracking":false,"_monsterinsights_sitenote_active":false,"_monsterinsights_sitenote_note":"","_monsterinsights_sitenote_category":0,"jetpack_post_was_ever_published":false,"_jetpack_newsletter_access":"","_jetpack_dont_email_post_to_subs":false,"_jetpack_newsletter_tier_id":0,"_jetpack_memberships_contains_paywalled_content":false,"_jetpack_memberships_contains_paid_content":false,"footnotes":"","jetpack_publicize_message":"","jetpack_publicize_feature_enabled":true,"jetpack_social_post_already_shared":true,"jetpack_social_options":{"image_generator_settings":{"template":"highway","default_image_id":0,"font":"","enabled":false},"version":2},"_wpas_customize_per_network":false},"categories":[104],"tags":[7805],"class_list":["post-163626","post","type-post","status-publish","format-standard","has-post-thumbnail","hentry","category-cultura","tag-cultura","generate-columns","tablet-grid-50","mobile-grid-100","grid-parent","grid-50"],"jetpack_publicize_connections":[],"jetpack_featured_media_url":"https:\/\/www.hoymercedes.com.ar\/principal\/wp-content\/uploads\/2023\/06\/FLASH.jpg","wps_subtitle":"","jetpack_sharing_enabled":true,"_links":{"self":[{"href":"https:\/\/www.hoymercedes.com.ar\/principal\/wp-json\/wp\/v2\/posts\/163626","targetHints":{"allow":["GET"]}}],"collection":[{"href":"https:\/\/www.hoymercedes.com.ar\/principal\/wp-json\/wp\/v2\/posts"}],"about":[{"href":"https:\/\/www.hoymercedes.com.ar\/principal\/wp-json\/wp\/v2\/types\/post"}],"author":[{"embeddable":true,"href":"https:\/\/www.hoymercedes.com.ar\/principal\/wp-json\/wp\/v2\/users\/1"}],"replies":[{"embeddable":true,"href":"https:\/\/www.hoymercedes.com.ar\/principal\/wp-json\/wp\/v2\/comments?post=163626"}],"version-history":[{"count":0,"href":"https:\/\/www.hoymercedes.com.ar\/principal\/wp-json\/wp\/v2\/posts\/163626\/revisions"}],"wp:featuredmedia":[{"embeddable":true,"href":"https:\/\/www.hoymercedes.com.ar\/principal\/wp-json\/wp\/v2\/media\/163628"}],"wp:attachment":[{"href":"https:\/\/www.hoymercedes.com.ar\/principal\/wp-json\/wp\/v2\/media?parent=163626"}],"wp:term":[{"taxonomy":"category","embeddable":true,"href":"https:\/\/www.hoymercedes.com.ar\/principal\/wp-json\/wp\/v2\/categories?post=163626"},{"taxonomy":"post_tag","embeddable":true,"href":"https:\/\/www.hoymercedes.com.ar\/principal\/wp-json\/wp\/v2\/tags?post=163626"}],"curies":[{"name":"wp","href":"https:\/\/api.w.org\/{rel}","templated":true}]}}