{"id":163636,"date":"2023-06-22T21:42:18","date_gmt":"2023-06-23T00:42:18","guid":{"rendered":"https:\/\/www.hoymercedes.com.ar\/principal\/?p=163636"},"modified":"2023-06-22T21:42:20","modified_gmt":"2023-06-23T00:42:20","slug":"grave-siniestro-vial-en-ruta-no41","status":"publish","type":"post","link":"https:\/\/www.hoymercedes.com.ar\/principal\/2023\/06\/22\/grave-siniestro-vial-en-ruta-no41\/","title":{"rendered":"Grave siniestro vial en ruta n\u00ba41"},"content":{"rendered":"\n<figure class=\"wp-block-image size-large\"><img loading=\"lazy\" decoding=\"async\" width=\"1024\" height=\"768\" data-attachment-id=\"163637\" data-permalink=\"https:\/\/www.hoymercedes.com.ar\/principal\/2023\/06\/22\/grave-siniestro-vial-en-ruta-no41\/siniestrovial-41y29\/#main\" data-orig-file=\"https:\/\/www.hoymercedes.com.ar\/principal\/wp-content\/uploads\/2023\/06\/Siniestrovial-41y29.jpeg\" data-orig-size=\"1280,960\" data-comments-opened=\"0\" data-image-meta=\"{&quot;aperture&quot;:&quot;0&quot;,&quot;credit&quot;:&quot;&quot;,&quot;camera&quot;:&quot;&quot;,&quot;caption&quot;:&quot;&quot;,&quot;created_timestamp&quot;:&quot;0&quot;,&quot;copyright&quot;:&quot;&quot;,&quot;focal_length&quot;:&quot;0&quot;,&quot;iso&quot;:&quot;0&quot;,&quot;shutter_speed&quot;:&quot;0&quot;,&quot;title&quot;:&quot;&quot;,&quot;orientation&quot;:&quot;0&quot;}\" data-image-title=\"Siniestrovial-41y29\" data-image-description=\"\" data-image-caption=\"\" data-large-file=\"https:\/\/www.hoymercedes.com.ar\/principal\/wp-content\/uploads\/2023\/06\/Siniestrovial-41y29-1024x768.jpeg\" src=\"https:\/\/www.hoymercedes.com.ar\/principal\/wp-content\/uploads\/2023\/06\/Siniestrovial-41y29-1024x768.jpeg\" alt=\"\" class=\"wp-image-163637\" srcset=\"https:\/\/www.hoymercedes.com.ar\/principal\/wp-content\/uploads\/2023\/06\/Siniestrovial-41y29-1024x768.jpeg 1024w, https:\/\/www.hoymercedes.com.ar\/principal\/wp-content\/uploads\/2023\/06\/Siniestrovial-41y29-630x473.jpeg 630w, https:\/\/www.hoymercedes.com.ar\/principal\/wp-content\/uploads\/2023\/06\/Siniestrovial-41y29-150x113.jpeg 150w, https:\/\/www.hoymercedes.com.ar\/principal\/wp-content\/uploads\/2023\/06\/Siniestrovial-41y29.jpeg 1280w\" sizes=\"auto, (max-width: 1024px) 100vw, 1024px\" \/><\/figure>\n\n\n\n<p>Un Cami\u00f3n y un Renault 12 quedaron involucrados en un grav\u00edsimo siniestro vial en cruce de ruta provincial n\u00ba41 y calle 29 con lesiones graves para los ocupantes del autom\u00f3vil. Debieron actuar 5 ambulancias, polic\u00eda vial, bomberos y proceder en el control del paso vehicular por las consecuencias del impacto.<\/p>\n\n\n\n<p>Alrededor de las 19.30hs se produjo un fort\u00edsimo siniestro vial. Las primeras expresiones extra oficiales dieron cuenta de que el autom\u00f3vil habr\u00eda ingresado por calle de tierra, extensi\u00f3n de avenida 29, a la altura del Almac\u00e9n de Racci, a Ruta Provincial N\u00ba41, sin percatarse del andar de un cami\u00f3n sentido Giles \u2013 Mercedes, gener\u00e1ndose un impacto frontal\/lateral de importantes consecuencias.<\/p>\n\n\n\n<p>En el cami\u00f3n viajaba un hombre mayor de edad oriundo de la localidad de Suipacha. Termin\u00f3 fuera de la calzada y con su parte delantera volcada, quedando el acoplado en pie.<\/p>\n\n\n\n<figure class=\"wp-block-image size-full\"><img loading=\"lazy\" decoding=\"async\" width=\"836\" height=\"573\" data-attachment-id=\"163638\" data-permalink=\"https:\/\/www.hoymercedes.com.ar\/principal\/2023\/06\/22\/grave-siniestro-vial-en-ruta-no41\/siniestrovial29-41-2\/#main\" data-orig-file=\"https:\/\/www.hoymercedes.com.ar\/principal\/wp-content\/uploads\/2023\/06\/siniestrovial29-41.2.jpeg\" data-orig-size=\"836,573\" data-comments-opened=\"0\" data-image-meta=\"{&quot;aperture&quot;:&quot;0&quot;,&quot;credit&quot;:&quot;&quot;,&quot;camera&quot;:&quot;&quot;,&quot;caption&quot;:&quot;&quot;,&quot;created_timestamp&quot;:&quot;0&quot;,&quot;copyright&quot;:&quot;&quot;,&quot;focal_length&quot;:&quot;0&quot;,&quot;iso&quot;:&quot;0&quot;,&quot;shutter_speed&quot;:&quot;0&quot;,&quot;title&quot;:&quot;&quot;,&quot;orientation&quot;:&quot;0&quot;}\" data-image-title=\"siniestrovial29-41.2\" data-image-description=\"\" data-image-caption=\"\" data-large-file=\"https:\/\/www.hoymercedes.com.ar\/principal\/wp-content\/uploads\/2023\/06\/siniestrovial29-41.2.jpeg\" src=\"https:\/\/www.hoymercedes.com.ar\/principal\/wp-content\/uploads\/2023\/06\/siniestrovial29-41.2.jpeg\" alt=\"\" class=\"wp-image-163638\" srcset=\"https:\/\/www.hoymercedes.com.ar\/principal\/wp-content\/uploads\/2023\/06\/siniestrovial29-41.2.jpeg 836w, https:\/\/www.hoymercedes.com.ar\/principal\/wp-content\/uploads\/2023\/06\/siniestrovial29-41.2-630x432.jpeg 630w, https:\/\/www.hoymercedes.com.ar\/principal\/wp-content\/uploads\/2023\/06\/siniestrovial29-41.2-150x103.jpeg 150w\" sizes=\"auto, (max-width: 836px) 100vw, 836px\" \/><\/figure>\n\n\n\n<p>En el Renault 12 viajaban un masculino, dos mujeres y dos menores de edad. Este grupo es el que debi\u00f3 ser atendido por el hospital local con heridas de distinta gravedad.<\/p>\n\n\n\n<ul class=\"wp-block-list\">\n<li>En desarrollo<\/li>\n<\/ul>\n","protected":false},"excerpt":{"rendered":"<p>Un Cami\u00f3n y un Renault 12 quedaron involucrados en un grav\u00edsimo siniestro vial en cruce de ruta provincial n\u00ba41 y &#8230; <a title=\"Grave siniestro vial en ruta n\u00ba41\" class=\"read-more\" href=\"https:\/\/www.hoymercedes.com.ar\/principal\/2023\/06\/22\/grave-siniestro-vial-en-ruta-no41\/\" aria-label=\"Leer m\u00e1s sobre Grave siniestro vial en ruta n\u00ba41\">Leer m\u00e1s<\/a><\/p>\n","protected":false},"author":1,"featured_media":163637,"comment_status":"closed","ping_status":"open","sticky":false,"template":"","format":"standard","meta":{"_monsterinsights_skip_tracking":false,"_monsterinsights_sitenote_active":false,"_monsterinsights_sitenote_note":"","_monsterinsights_sitenote_category":0,"jetpack_post_was_ever_published":false,"_jetpack_newsletter_access":"","_jetpack_dont_email_post_to_subs":false,"_jetpack_newsletter_tier_id":0,"_jetpack_memberships_contains_paywalled_content":false,"_jetpack_memberships_contains_paid_content":false,"footnotes":"","jetpack_publicize_message":"","jetpack_publicize_feature_enabled":true,"jetpack_social_post_already_shared":true,"jetpack_social_options":{"image_generator_settings":{"template":"highway","default_image_id":0,"font":"","enabled":false},"version":2},"_wpas_customize_per_network":false},"categories":[85],"tags":[10395],"class_list":["post-163636","post","type-post","status-publish","format-standard","has-post-thumbnail","hentry","category-policial","tag-siniestro-vial","generate-columns","tablet-grid-50","mobile-grid-100","grid-parent","grid-50"],"jetpack_publicize_connections":[],"jetpack_featured_media_url":"https:\/\/www.hoymercedes.com.ar\/principal\/wp-content\/uploads\/2023\/06\/Siniestrovial-41y29.jpeg","wps_subtitle":"Siniestro vial","jetpack_sharing_enabled":true,"_links":{"self":[{"href":"https:\/\/www.hoymercedes.com.ar\/principal\/wp-json\/wp\/v2\/posts\/163636","targetHints":{"allow":["GET"]}}],"collection":[{"href":"https:\/\/www.hoymercedes.com.ar\/principal\/wp-json\/wp\/v2\/posts"}],"about":[{"href":"https:\/\/www.hoymercedes.com.ar\/principal\/wp-json\/wp\/v2\/types\/post"}],"author":[{"embeddable":true,"href":"https:\/\/www.hoymercedes.com.ar\/principal\/wp-json\/wp\/v2\/users\/1"}],"replies":[{"embeddable":true,"href":"https:\/\/www.hoymercedes.com.ar\/principal\/wp-json\/wp\/v2\/comments?post=163636"}],"version-history":[{"count":0,"href":"https:\/\/www.hoymercedes.com.ar\/principal\/wp-json\/wp\/v2\/posts\/163636\/revisions"}],"wp:featuredmedia":[{"embeddable":true,"href":"https:\/\/www.hoymercedes.com.ar\/principal\/wp-json\/wp\/v2\/media\/163637"}],"wp:attachment":[{"href":"https:\/\/www.hoymercedes.com.ar\/principal\/wp-json\/wp\/v2\/media?parent=163636"}],"wp:term":[{"taxonomy":"category","embeddable":true,"href":"https:\/\/www.hoymercedes.com.ar\/principal\/wp-json\/wp\/v2\/categories?post=163636"},{"taxonomy":"post_tag","embeddable":true,"href":"https:\/\/www.hoymercedes.com.ar\/principal\/wp-json\/wp\/v2\/tags?post=163636"}],"curies":[{"name":"wp","href":"https:\/\/api.w.org\/{rel}","templated":true}]}}