{"id":16369,"date":"2012-09-23T16:24:05","date_gmt":"2012-09-23T16:24:05","guid":{"rendered":"http:\/\/www.hoymercedes.com.ar\/principal\/?p=16369"},"modified":"2012-09-23T16:38:16","modified_gmt":"2012-09-23T16:38:16","slug":"jose-cestari-presento-proyectos-para-diversas-mejoras","status":"publish","type":"post","link":"https:\/\/www.hoymercedes.com.ar\/principal\/2012\/09\/23\/jose-cestari-presento-proyectos-para-diversas-mejoras\/","title":{"rendered":"Jos\u00e9 Cestari present\u00f3 proyectos para diversas mejoras"},"content":{"rendered":"<p>Desde el bloque del Movimiento Independiente Comunal de la Ciudad de Mercedes dan a conocer sus propuestas elevadas al m\u00e1ximo \u00f3rgano de gobierno de la ciudad con el objetivo de llevar mejorar a distintas barriadas.<\/p>\n<p>Dos proyectos buscan atender las diversas problem\u00e1ticas existentes en distintos puntos de la ciudad. Este tipo de\u00a0documentos\u00a0suelen ser generados y difundidos por el edil Jos\u00e9 Cestari.<\/p>\n<p>En calle 56 propone el mejoramiento de calles exponiendo Cestari los siguientes argumentos: \u00abConsiderando, que los vecinos necesitan v\u00edas de tr\u00e1nsito accesibles, especialmente los d\u00edas de precipitaciones y posteriores a estos, para trasladarse con seguridad a diferentes lugares.\u00a0Que los vecinos tienen derecho a recibir el servicio de atenci\u00f3n m\u00e9dica a trav\u00e9s de ambulancias que puedan transitar v\u00edas de comunicaci\u00f3n accesibles. Que los vecinos que estudian, trabajan o tienen que desplazarse (en veh\u00edculos propios, taxis, remises, etc.) por otros motivos necesitan un camino transitable para ir y volver a sus hogares.\u00bb propone el\u00a0\u00a0mejoramiento de la calle 56 entre 29 y 31, Barrio San Jos\u00e9.<\/p>\n<p>En relaci\u00f3n a la calle 11 el referente del MIC sostiene en su argumentaci\u00f3n: \u00bb Considerando que se llev\u00f3 a cabo una profundizaci\u00f3n de las zanjas de desag\u00fce pluvial aleda\u00f1as a las v\u00edas del ex ferrocarril Sarmiento entre las calles 11 y la Avenida 17 (Sector norte y sur). Que se dejaron los mont\u00edculos con la tierra extra\u00edda de las zanjas a ambos lados de la misma, el pasto creci\u00f3 y se consolidaron las lomas de tierra.\u00a0Que los d\u00edas de precipitaciones y los posteriores queda acumulada el agua en el sector norte entre la calle 15 y la Avenida 17. Que esta situaci\u00f3n ambiental es propicia para la propagaci\u00f3n de insectos y roedores que pueden ser portadores de enfermedades que afecten la calidad de vida de los vecinos del Barrio del Molino.\u00bb solicita un mejoramiento integral de la zona<\/p>\n<p>&nbsp;<\/p>\n<p>&nbsp;<\/p>\n<p>&nbsp;<\/p>\n<p>&nbsp;<\/p>\n","protected":false},"excerpt":{"rendered":"<p>Desde el bloque del Movimiento Independiente Comunal de la Ciudad de Mercedes dan a conocer sus propuestas elevadas al m\u00e1ximo &#8230; <a title=\"Jos\u00e9 Cestari present\u00f3 proyectos para diversas mejoras\" class=\"read-more\" href=\"https:\/\/www.hoymercedes.com.ar\/principal\/2012\/09\/23\/jose-cestari-presento-proyectos-para-diversas-mejoras\/\" aria-label=\"Leer m\u00e1s sobre Jos\u00e9 Cestari present\u00f3 proyectos para diversas mejoras\">Leer m\u00e1s<\/a><\/p>\n","protected":false},"author":1,"featured_media":0,"comment_status":"open","ping_status":"open","sticky":false,"template":"","format":"standard","meta":{"_monsterinsights_skip_tracking":false,"_monsterinsights_sitenote_active":false,"_monsterinsights_sitenote_note":"","_monsterinsights_sitenote_category":0,"jetpack_post_was_ever_published":false,"_jetpack_newsletter_access":"","_jetpack_dont_email_post_to_subs":false,"_jetpack_newsletter_tier_id":0,"_jetpack_memberships_contains_paywalled_content":false,"_jetpack_memberships_contains_paid_content":false,"footnotes":"","jetpack_publicize_message":"","jetpack_publicize_feature_enabled":true,"jetpack_social_post_already_shared":false,"jetpack_social_options":{"image_generator_settings":{"template":"highway","default_image_id":0,"font":"","enabled":false},"version":2},"_wpas_customize_per_network":false},"categories":[5],"tags":[321,1956],"class_list":["post-16369","post","type-post","status-publish","format-standard","hentry","category-politica","tag-jose-cestari","tag-mic-mercedes","generate-columns","tablet-grid-50","mobile-grid-100","grid-parent","grid-50"],"jetpack_publicize_connections":[],"jetpack_featured_media_url":"","wps_subtitle":"","jetpack_sharing_enabled":true,"_links":{"self":[{"href":"https:\/\/www.hoymercedes.com.ar\/principal\/wp-json\/wp\/v2\/posts\/16369","targetHints":{"allow":["GET"]}}],"collection":[{"href":"https:\/\/www.hoymercedes.com.ar\/principal\/wp-json\/wp\/v2\/posts"}],"about":[{"href":"https:\/\/www.hoymercedes.com.ar\/principal\/wp-json\/wp\/v2\/types\/post"}],"author":[{"embeddable":true,"href":"https:\/\/www.hoymercedes.com.ar\/principal\/wp-json\/wp\/v2\/users\/1"}],"replies":[{"embeddable":true,"href":"https:\/\/www.hoymercedes.com.ar\/principal\/wp-json\/wp\/v2\/comments?post=16369"}],"version-history":[{"count":0,"href":"https:\/\/www.hoymercedes.com.ar\/principal\/wp-json\/wp\/v2\/posts\/16369\/revisions"}],"wp:attachment":[{"href":"https:\/\/www.hoymercedes.com.ar\/principal\/wp-json\/wp\/v2\/media?parent=16369"}],"wp:term":[{"taxonomy":"category","embeddable":true,"href":"https:\/\/www.hoymercedes.com.ar\/principal\/wp-json\/wp\/v2\/categories?post=16369"},{"taxonomy":"post_tag","embeddable":true,"href":"https:\/\/www.hoymercedes.com.ar\/principal\/wp-json\/wp\/v2\/tags?post=16369"}],"curies":[{"name":"wp","href":"https:\/\/api.w.org\/{rel}","templated":true}]}}