{"id":163701,"date":"2023-06-24T11:08:38","date_gmt":"2023-06-24T14:08:38","guid":{"rendered":"https:\/\/www.hoymercedes.com.ar\/principal\/?p=163701"},"modified":"2023-06-24T11:08:41","modified_gmt":"2023-06-24T14:08:41","slug":"llevan-adelante-simulacro-de-siniestro-y-capacitacion-en-atencion-en-la-via-publica","status":"publish","type":"post","link":"https:\/\/www.hoymercedes.com.ar\/principal\/2023\/06\/24\/llevan-adelante-simulacro-de-siniestro-y-capacitacion-en-atencion-en-la-via-publica\/","title":{"rendered":"Llevan adelante simulacro de siniestro y capacitaci\u00f3n en atenci\u00f3n en la v\u00eda p\u00fablica \u00a0"},"content":{"rendered":"\n<p>Desde la Secretar\u00eda de Seguridad se inform\u00f3 que este s\u00e1bado por la ma\u00f1ana se llevar\u00e1 a cabo un simulacr de emergencias en la v\u00eda p\u00fablica. Con 100 inscriptos, los participantes tendr\u00e1n una etapa te\u00f3rica y luego, pasado el mediod\u00eda en avenida 2, entre la 1 y la 11 (delante el Mart\u00edn Rodr\u00edguez) realizar\u00e1n el simulacro y por lo tanto, la calle estar\u00e1 cortada al tr\u00e1nsito. <\/p>\n\n\n\n<p>La acci\u00f3n tiene organizaci\u00f3n de la Direcci\u00f3n Provincial de Defensa Civil, Subsecretar\u00eda de Emergencias y Ministerio de Seguridad de la Provincia de Buenos Aires y a nivel local de la Direcci\u00f3n de Protecci\u00f3n Civil a cargo de Agustina Lor\u00e9. &nbsp;<\/p>\n\n\n\n<p>Se advierte, adem\u00e1s, a las y los vecinos que, en caso de observar movimientos de ambulancias y personal de seguridad, salud, bomberos, protecci\u00f3n civil, etc, en la zona de avenida 2 entre 1 a 11 no asustarse, se trata de las tareas de simulacro. &nbsp;<\/p>\n\n\n<div class=\"wp-block-image\">\n<figure class=\"aligncenter size-full\"><img loading=\"lazy\" decoding=\"async\" width=\"526\" height=\"806\" data-attachment-id=\"163702\" data-permalink=\"https:\/\/www.hoymercedes.com.ar\/principal\/2023\/06\/24\/llevan-adelante-simulacro-de-siniestro-y-capacitacion-en-atencion-en-la-via-publica\/image-23-4\/#main\" data-orig-file=\"https:\/\/www.hoymercedes.com.ar\/principal\/wp-content\/uploads\/2023\/06\/image-23.png\" data-orig-size=\"526,806\" data-comments-opened=\"0\" data-image-meta=\"{&quot;aperture&quot;:&quot;0&quot;,&quot;credit&quot;:&quot;&quot;,&quot;camera&quot;:&quot;&quot;,&quot;caption&quot;:&quot;&quot;,&quot;created_timestamp&quot;:&quot;0&quot;,&quot;copyright&quot;:&quot;&quot;,&quot;focal_length&quot;:&quot;0&quot;,&quot;iso&quot;:&quot;0&quot;,&quot;shutter_speed&quot;:&quot;0&quot;,&quot;title&quot;:&quot;&quot;,&quot;orientation&quot;:&quot;0&quot;}\" data-image-title=\"image-23\" data-image-description=\"\" data-image-caption=\"\" data-large-file=\"https:\/\/www.hoymercedes.com.ar\/principal\/wp-content\/uploads\/2023\/06\/image-23.png\" src=\"https:\/\/www.hoymercedes.com.ar\/principal\/wp-content\/uploads\/2023\/06\/image-23.png\" alt=\"\" class=\"wp-image-163702\" srcset=\"https:\/\/www.hoymercedes.com.ar\/principal\/wp-content\/uploads\/2023\/06\/image-23.png 526w, https:\/\/www.hoymercedes.com.ar\/principal\/wp-content\/uploads\/2023\/06\/image-23-405x620.png 405w, https:\/\/www.hoymercedes.com.ar\/principal\/wp-content\/uploads\/2023\/06\/image-23-98x150.png 98w\" sizes=\"auto, (max-width: 526px) 100vw, 526px\" \/><\/figure>\n<\/div>","protected":false},"excerpt":{"rendered":"<p>Desde la Secretar\u00eda de Seguridad se inform\u00f3 que este s\u00e1bado por la ma\u00f1ana se llevar\u00e1 a cabo un simulacr de &#8230; <a title=\"Llevan adelante simulacro de siniestro y capacitaci\u00f3n en atenci\u00f3n en la v\u00eda p\u00fablica \u00a0\" class=\"read-more\" href=\"https:\/\/www.hoymercedes.com.ar\/principal\/2023\/06\/24\/llevan-adelante-simulacro-de-siniestro-y-capacitacion-en-atencion-en-la-via-publica\/\" aria-label=\"Leer m\u00e1s sobre Llevan adelante simulacro de siniestro y capacitaci\u00f3n en atenci\u00f3n en la v\u00eda p\u00fablica \u00a0\">Leer m\u00e1s<\/a><\/p>\n","protected":false},"author":1,"featured_media":163702,"comment_status":"closed","ping_status":"open","sticky":false,"template":"","format":"standard","meta":{"_monsterinsights_skip_tracking":false,"_monsterinsights_sitenote_active":false,"_monsterinsights_sitenote_note":"","_monsterinsights_sitenote_category":0,"jetpack_post_was_ever_published":false,"_jetpack_newsletter_access":"","_jetpack_dont_email_post_to_subs":false,"_jetpack_newsletter_tier_id":0,"_jetpack_memberships_contains_paywalled_content":false,"_jetpack_memberships_contains_paid_content":false,"footnotes":"","jetpack_publicize_message":"","jetpack_publicize_feature_enabled":true,"jetpack_social_post_already_shared":true,"jetpack_social_options":{"image_generator_settings":{"template":"highway","default_image_id":0,"font":"","enabled":false},"version":2},"_wpas_customize_per_network":false},"categories":[30],"tags":[244],"class_list":["post-163701","post","type-post","status-publish","format-standard","has-post-thumbnail","hentry","category-municipio","tag-municipio-2","generate-columns","tablet-grid-50","mobile-grid-100","grid-parent","grid-50"],"jetpack_publicize_connections":[],"jetpack_featured_media_url":"https:\/\/www.hoymercedes.com.ar\/principal\/wp-content\/uploads\/2023\/06\/image-23.png","wps_subtitle":"","jetpack_sharing_enabled":true,"_links":{"self":[{"href":"https:\/\/www.hoymercedes.com.ar\/principal\/wp-json\/wp\/v2\/posts\/163701","targetHints":{"allow":["GET"]}}],"collection":[{"href":"https:\/\/www.hoymercedes.com.ar\/principal\/wp-json\/wp\/v2\/posts"}],"about":[{"href":"https:\/\/www.hoymercedes.com.ar\/principal\/wp-json\/wp\/v2\/types\/post"}],"author":[{"embeddable":true,"href":"https:\/\/www.hoymercedes.com.ar\/principal\/wp-json\/wp\/v2\/users\/1"}],"replies":[{"embeddable":true,"href":"https:\/\/www.hoymercedes.com.ar\/principal\/wp-json\/wp\/v2\/comments?post=163701"}],"version-history":[{"count":0,"href":"https:\/\/www.hoymercedes.com.ar\/principal\/wp-json\/wp\/v2\/posts\/163701\/revisions"}],"wp:featuredmedia":[{"embeddable":true,"href":"https:\/\/www.hoymercedes.com.ar\/principal\/wp-json\/wp\/v2\/media\/163702"}],"wp:attachment":[{"href":"https:\/\/www.hoymercedes.com.ar\/principal\/wp-json\/wp\/v2\/media?parent=163701"}],"wp:term":[{"taxonomy":"category","embeddable":true,"href":"https:\/\/www.hoymercedes.com.ar\/principal\/wp-json\/wp\/v2\/categories?post=163701"},{"taxonomy":"post_tag","embeddable":true,"href":"https:\/\/www.hoymercedes.com.ar\/principal\/wp-json\/wp\/v2\/tags?post=163701"}],"curies":[{"name":"wp","href":"https:\/\/api.w.org\/{rel}","templated":true}]}}