{"id":163710,"date":"2023-06-23T15:37:00","date_gmt":"2023-06-23T18:37:00","guid":{"rendered":"https:\/\/www.hoymercedes.com.ar\/principal\/?p=163710"},"modified":"2023-06-24T11:47:52","modified_gmt":"2023-06-24T14:47:52","slug":"el-colegio-de-abogados-celebro-sus-107-anos-con-una-charla-del-dr-vero","status":"publish","type":"post","link":"https:\/\/www.hoymercedes.com.ar\/principal\/2023\/06\/23\/el-colegio-de-abogados-celebro-sus-107-anos-con-una-charla-del-dr-vero\/","title":{"rendered":"El Colegio de Abogados celebr\u00f3 sus 107 a\u00f1os con una charla del Dr. Vero"},"content":{"rendered":"\n<p>El d\u00eda mi\u00e9rcoles pasado, el Colegio de Abogados del Departamento Judicial de Mercedes llev\u00f3 a cabo el acto central en celebraci\u00f3n de los 107 a\u00f1os de la fundaci\u00f3n de la instituci\u00f3n, hecho ocurrido el 23 de junio de 1916.<\/p>\n\n\n<div class=\"wp-block-image\">\n<figure class=\"aligncenter size-full\"><img loading=\"lazy\" decoding=\"async\" width=\"800\" height=\"533\" data-attachment-id=\"163685\" data-permalink=\"https:\/\/www.hoymercedes.com.ar\/principal\/2023\/06\/23\/realizan-capacitacion-gratuita-en-coaching-ontologico-y-corporalidad\/img_20230622_192946172_hdr_copy_800x533\/#main\" data-orig-file=\"https:\/\/www.hoymercedes.com.ar\/principal\/wp-content\/uploads\/2023\/06\/IMG_20230622_192946172_HDR_copy_800x533.jpg\" data-orig-size=\"800,533\" data-comments-opened=\"0\" data-image-meta=\"{&quot;aperture&quot;:&quot;0&quot;,&quot;credit&quot;:&quot;&quot;,&quot;camera&quot;:&quot;&quot;,&quot;caption&quot;:&quot;&quot;,&quot;created_timestamp&quot;:&quot;0&quot;,&quot;copyright&quot;:&quot;&quot;,&quot;focal_length&quot;:&quot;0&quot;,&quot;iso&quot;:&quot;0&quot;,&quot;shutter_speed&quot;:&quot;0&quot;,&quot;title&quot;:&quot;&quot;,&quot;orientation&quot;:&quot;0&quot;}\" data-image-title=\"IMG_20230622_192946172_HDR_copy_800x533\" data-image-description=\"\" data-image-caption=\"\" data-large-file=\"https:\/\/www.hoymercedes.com.ar\/principal\/wp-content\/uploads\/2023\/06\/IMG_20230622_192946172_HDR_copy_800x533.jpg\" src=\"https:\/\/www.hoymercedes.com.ar\/principal\/wp-content\/uploads\/2023\/06\/IMG_20230622_192946172_HDR_copy_800x533.jpg\" alt=\"\" class=\"wp-image-163685\" srcset=\"https:\/\/www.hoymercedes.com.ar\/principal\/wp-content\/uploads\/2023\/06\/IMG_20230622_192946172_HDR_copy_800x533.jpg 800w, https:\/\/www.hoymercedes.com.ar\/principal\/wp-content\/uploads\/2023\/06\/IMG_20230622_192946172_HDR_copy_800x533-630x420.jpg 630w, https:\/\/www.hoymercedes.com.ar\/principal\/wp-content\/uploads\/2023\/06\/IMG_20230622_192946172_HDR_copy_800x533-150x100.jpg 150w, https:\/\/www.hoymercedes.com.ar\/principal\/wp-content\/uploads\/2023\/06\/IMG_20230622_192946172_HDR_copy_800x533-700x465.jpg 700w\" sizes=\"auto, (max-width: 800px) 100vw, 800px\" \/><\/figure>\n<\/div>\n\n\n<p>El acto acad\u00e9mico se desarroll\u00f3 en el Sal\u00f3n de Actos \u201cDr. Arturo Acu\u00f1a Anzorena\u201d y la disertaci\u00f3n estuvo a cargo del ex Presidente de la instituci\u00f3n, Dr. Horacio Alberto Vero, bajo el t\u00edtulo \u201cAbogac\u00eda y Colegiaci\u00f3n. Nuevos Desaf\u00edos\u201d.<\/p>\n\n\n\n<p>Luego de las palabras de bienvenida, a cargo del Vice Presidente, Dr. Enrique Omar S\u00e1nchez, el expositor se refiri\u00f3 a los or\u00edgenes del Colegio mercedino, a los hitos m\u00e1s destacados en diferentes \u00e9pocas, trazando luego un paralelismo entre los tiempos pasados y los actuales tanto para el ejercicio profesional como para la labor de los Colegios, abordando finalmente los nuevos desaf\u00edos y escenarios que vislumbra para la abogac\u00eda y la Colegiaci\u00f3n.<\/p>\n\n\n\n<p>Participaron del evento, integrantes del Consejo Directivo, de las Comisiones de Extensi\u00f3n Socio-Cultural y de Abogac\u00eda Joven del Colegio, representantes de entidades profesionales, miembros del Poder Judicial y abogados de la matr\u00edcula, comparti\u00e9ndose finalmente un Vino de Honor.<\/p>\n\n\n\n<p>Fuente: CADJM<\/p>\n","protected":false},"excerpt":{"rendered":"<p>El d\u00eda mi\u00e9rcoles pasado, el Colegio de Abogados del Departamento Judicial de Mercedes llev\u00f3 a cabo el acto central en &#8230; <a title=\"El Colegio de Abogados celebr\u00f3 sus 107 a\u00f1os con una charla del Dr. Vero\" class=\"read-more\" href=\"https:\/\/www.hoymercedes.com.ar\/principal\/2023\/06\/23\/el-colegio-de-abogados-celebro-sus-107-anos-con-una-charla-del-dr-vero\/\" aria-label=\"Leer m\u00e1s sobre El Colegio de Abogados celebr\u00f3 sus 107 a\u00f1os con una charla del Dr. Vero\">Leer m\u00e1s<\/a><\/p>\n","protected":false},"author":1,"featured_media":163685,"comment_status":"closed","ping_status":"open","sticky":false,"template":"","format":"standard","meta":{"_monsterinsights_skip_tracking":false,"_monsterinsights_sitenote_active":false,"_monsterinsights_sitenote_note":"","_monsterinsights_sitenote_category":0,"jetpack_post_was_ever_published":false,"_jetpack_newsletter_access":"","_jetpack_dont_email_post_to_subs":false,"_jetpack_newsletter_tier_id":0,"_jetpack_memberships_contains_paywalled_content":false,"_jetpack_memberships_contains_paid_content":false,"footnotes":"","jetpack_publicize_message":"","jetpack_publicize_feature_enabled":true,"jetpack_social_post_already_shared":true,"jetpack_social_options":{"image_generator_settings":{"template":"highway","default_image_id":0,"font":"","enabled":false},"version":2},"_wpas_customize_per_network":false},"categories":[8],"tags":[],"class_list":["post-163710","post","type-post","status-publish","format-standard","has-post-thumbnail","hentry","category-sociedad","generate-columns","tablet-grid-50","mobile-grid-100","grid-parent","grid-50"],"jetpack_publicize_connections":[],"jetpack_featured_media_url":"https:\/\/www.hoymercedes.com.ar\/principal\/wp-content\/uploads\/2023\/06\/IMG_20230622_192946172_HDR_copy_800x533.jpg","wps_subtitle":"","jetpack_sharing_enabled":true,"_links":{"self":[{"href":"https:\/\/www.hoymercedes.com.ar\/principal\/wp-json\/wp\/v2\/posts\/163710","targetHints":{"allow":["GET"]}}],"collection":[{"href":"https:\/\/www.hoymercedes.com.ar\/principal\/wp-json\/wp\/v2\/posts"}],"about":[{"href":"https:\/\/www.hoymercedes.com.ar\/principal\/wp-json\/wp\/v2\/types\/post"}],"author":[{"embeddable":true,"href":"https:\/\/www.hoymercedes.com.ar\/principal\/wp-json\/wp\/v2\/users\/1"}],"replies":[{"embeddable":true,"href":"https:\/\/www.hoymercedes.com.ar\/principal\/wp-json\/wp\/v2\/comments?post=163710"}],"version-history":[{"count":0,"href":"https:\/\/www.hoymercedes.com.ar\/principal\/wp-json\/wp\/v2\/posts\/163710\/revisions"}],"wp:featuredmedia":[{"embeddable":true,"href":"https:\/\/www.hoymercedes.com.ar\/principal\/wp-json\/wp\/v2\/media\/163685"}],"wp:attachment":[{"href":"https:\/\/www.hoymercedes.com.ar\/principal\/wp-json\/wp\/v2\/media?parent=163710"}],"wp:term":[{"taxonomy":"category","embeddable":true,"href":"https:\/\/www.hoymercedes.com.ar\/principal\/wp-json\/wp\/v2\/categories?post=163710"},{"taxonomy":"post_tag","embeddable":true,"href":"https:\/\/www.hoymercedes.com.ar\/principal\/wp-json\/wp\/v2\/tags?post=163710"}],"curies":[{"name":"wp","href":"https:\/\/api.w.org\/{rel}","templated":true}]}}