{"id":163713,"date":"2023-06-23T21:49:00","date_gmt":"2023-06-24T00:49:00","guid":{"rendered":"https:\/\/www.hoymercedes.com.ar\/principal\/?p=163713"},"modified":"2023-06-24T20:11:15","modified_gmt":"2023-06-24T23:11:15","slug":"presentacion-oficial-del-disco-de-lea-flores","status":"publish","type":"post","link":"https:\/\/www.hoymercedes.com.ar\/principal\/2023\/06\/23\/presentacion-oficial-del-disco-de-lea-flores\/","title":{"rendered":"Presentaci\u00f3n oficial del disco de Lea Flores"},"content":{"rendered":"\n<p>(Por Fernando Viloria) El s\u00e1bado 17 de junio en el Club Cultural Bula de CABA, a partir de las 19 horas, Lea Flores, tambi\u00e9n cantante y alma mater de Da Skate, present\u00f3 oficialmente su disco de vinilo ante un recinto completo de fans que conocen sus canciones y cantaron junto a \u00e9l. <\/p>\n\n\n<div class=\"wp-block-image\">\n<figure class=\"aligncenter size-full\"><img loading=\"lazy\" decoding=\"async\" width=\"800\" height=\"750\" data-attachment-id=\"163715\" data-permalink=\"https:\/\/www.hoymercedes.com.ar\/principal\/2023\/06\/23\/presentacion-oficial-del-disco-de-lea-flores\/lea-flores-en-vivo\/#main\" data-orig-file=\"https:\/\/www.hoymercedes.com.ar\/principal\/wp-content\/uploads\/2023\/06\/LEA-FLORES-EN-VIVO.jpg\" data-orig-size=\"800,750\" data-comments-opened=\"0\" data-image-meta=\"{&quot;aperture&quot;:&quot;0&quot;,&quot;credit&quot;:&quot;&quot;,&quot;camera&quot;:&quot;&quot;,&quot;caption&quot;:&quot;&quot;,&quot;created_timestamp&quot;:&quot;0&quot;,&quot;copyright&quot;:&quot;&quot;,&quot;focal_length&quot;:&quot;0&quot;,&quot;iso&quot;:&quot;0&quot;,&quot;shutter_speed&quot;:&quot;0&quot;,&quot;title&quot;:&quot;&quot;,&quot;orientation&quot;:&quot;0&quot;}\" data-image-title=\"LEA FLORES EN VIVO\" data-image-description=\"\" data-image-caption=\"\" data-large-file=\"https:\/\/www.hoymercedes.com.ar\/principal\/wp-content\/uploads\/2023\/06\/LEA-FLORES-EN-VIVO.jpg\" src=\"https:\/\/www.hoymercedes.com.ar\/principal\/wp-content\/uploads\/2023\/06\/LEA-FLORES-EN-VIVO.jpg\" alt=\"\" class=\"wp-image-163715\" srcset=\"https:\/\/www.hoymercedes.com.ar\/principal\/wp-content\/uploads\/2023\/06\/LEA-FLORES-EN-VIVO.jpg 800w, https:\/\/www.hoymercedes.com.ar\/principal\/wp-content\/uploads\/2023\/06\/LEA-FLORES-EN-VIVO-630x591.jpg 630w, https:\/\/www.hoymercedes.com.ar\/principal\/wp-content\/uploads\/2023\/06\/LEA-FLORES-EN-VIVO-150x141.jpg 150w\" sizes=\"auto, (max-width: 800px) 100vw, 800px\" \/><\/figure>\n<\/div>\n\n\n<p>Lo acompa\u00f1aron en esta fecha las bandas Sea Lo que Sea, que adem\u00e1s de sus propios temas nos movieron con canciones de Todos tus Muertos. Luego Tan de Golpe realiz\u00f3 un set compacto y din\u00e1mico muy aplaudido para que Conejo continuara sumando energ\u00eda para una tarde especial y de camarader\u00eda hardcore. <\/p>\n\n\n\n<p>Las instalaciones del local porte\u00f1o se fueron colmando de asistentes que tambi\u00e9n pasaron por la feria de remeras y material de las bandas para llevarse un regalo. Lea Flores arranc\u00f3 la velada con Marcos Porcar en guitarra, Sebasti\u00e1n Yarte en guitarra, Gast\u00f3n Gazzotti en bater\u00eda y Luciano Ismael en bajo y coros pusieron los acordes de \u201cL\u00e1zaro ven fuera\u201d y se sucedieron 20 canciones con mucha pasi\u00f3n y contundencia despertando algarab\u00eda y gran participaci\u00f3n del p\u00fablico, donde la l\u00ednea del escenario no es barrera sino territorio en com\u00fan para cantar con Lea y saltar del escenario a la marea humana contenedora y fraternal. Una fiesta total y merecida.&nbsp;<\/p>\n\n\n\n<p>Excelente el covers de Nirvana \u201cSliver\u201d muy festejado por todos, como \u201cTodo est\u00e1 al rev\u00e9s\u201d de Attaque 77, rememorando alegr\u00edas de la adolescencia. Tambi\u00e9n hubo temas de Da Skate y en uno de ellos fue invitada Eugenia Valle para tocar el bajo en \u201cUn segundo para los dos\u201d que junto a \u201cLa prueba de Charpy\u201d y\u201dEnfocarte en lo importante\u201d sumaron otros matices al ser interpretadas por esta formaci\u00f3n de su proyecto solista. Y cerraron con \u201cLo m\u00e1s lindo estar\u00e1 en lo Simple\u201d. Toda una expresi\u00f3n de principios.&nbsp;<\/p>\n\n\n\n<p>A pesar que fueron cuatro bandas y cuatro horas de recital, el tiempo corri\u00f3 r\u00e1pido y nos quedamos con ganas de m\u00e1s que seguramente pronto podremos disfrutar de otro show. Lea Flores toc\u00f3 el viernes 23 con Da Skate en La Plata, una plaza musical que visitan desde hace a\u00f1os con una gran repercusi\u00f3n y convocatoria.&nbsp;<\/p>\n\n\n<div class=\"wp-block-image\">\n<figure class=\"aligncenter size-full\"><img loading=\"lazy\" decoding=\"async\" width=\"800\" height=\"532\" data-attachment-id=\"163714\" data-permalink=\"https:\/\/www.hoymercedes.com.ar\/principal\/2023\/06\/23\/presentacion-oficial-del-disco-de-lea-flores\/lea-flores\/#main\" data-orig-file=\"https:\/\/www.hoymercedes.com.ar\/principal\/wp-content\/uploads\/2023\/06\/LEA-FLORES.jpg\" data-orig-size=\"800,532\" data-comments-opened=\"0\" data-image-meta=\"{&quot;aperture&quot;:&quot;0&quot;,&quot;credit&quot;:&quot;&quot;,&quot;camera&quot;:&quot;&quot;,&quot;caption&quot;:&quot;&quot;,&quot;created_timestamp&quot;:&quot;1687606418&quot;,&quot;copyright&quot;:&quot;&quot;,&quot;focal_length&quot;:&quot;0&quot;,&quot;iso&quot;:&quot;0&quot;,&quot;shutter_speed&quot;:&quot;0&quot;,&quot;title&quot;:&quot;&quot;,&quot;orientation&quot;:&quot;1&quot;}\" data-image-title=\"LEA FLORES\" data-image-description=\"\" data-image-caption=\"\" data-large-file=\"https:\/\/www.hoymercedes.com.ar\/principal\/wp-content\/uploads\/2023\/06\/LEA-FLORES.jpg\" src=\"https:\/\/www.hoymercedes.com.ar\/principal\/wp-content\/uploads\/2023\/06\/LEA-FLORES.jpg\" alt=\"\" class=\"wp-image-163714\" srcset=\"https:\/\/www.hoymercedes.com.ar\/principal\/wp-content\/uploads\/2023\/06\/LEA-FLORES.jpg 800w, https:\/\/www.hoymercedes.com.ar\/principal\/wp-content\/uploads\/2023\/06\/LEA-FLORES-630x419.jpg 630w, https:\/\/www.hoymercedes.com.ar\/principal\/wp-content\/uploads\/2023\/06\/LEA-FLORES-150x100.jpg 150w, https:\/\/www.hoymercedes.com.ar\/principal\/wp-content\/uploads\/2023\/06\/LEA-FLORES-700x465.jpg 700w\" sizes=\"auto, (max-width: 800px) 100vw, 800px\" \/><\/figure>\n<\/div>\n\n\n<p>Las \u00faltimas novedades son que Lea Flores ya subi\u00f3 en las plataformas digitales de m\u00fasica un EP \u201cHibiscus\u201d con reversiones de sus canciones con Marcos Porcar&nbsp; en guitarras ac\u00fasticas y banjo, Luciano Ismael en caj\u00f3n peruano, bajo y coros. Las reversiones ac\u00fasticas fueron totalmente grabadas en los estudios Equilibrio de nuestra ciudad por Marcos Porcar que tambi\u00e9n los mezcl\u00f3 y masteriz\u00f3. Las otras canciones que lo integran quedaron fuera del disco \u201cMercedes 6600\u201d, como \u201c17 a\u00f1os\u201d y una sentida \u201dNo apagues el Fuego de Buscar\u201d una fant\u00e1stica versi\u00f3n con piano de Lucas Ben\u00edtez, m\u00fasico que ya despego del plano, en un registro de su calidad vocal se comparte como legado en homenaje.&nbsp;<\/p>\n\n\n\n<p>Fotos: Santi Vive Le Rock&nbsp;<\/p>\n","protected":false},"excerpt":{"rendered":"<p>(Por Fernando Viloria) El s\u00e1bado 17 de junio en el Club Cultual Bula de CABA, a partir de las 19 horas, Lea Flores, tambi\u00e9n cantante y alma mater de Da Skate, present\u00f3 oficialmente su disco de vinilo ante un recinto completo de fans que conocen sus canciones y cantaron junto a \u00e9l. <\/p>\n","protected":false},"author":1,"featured_media":163714,"comment_status":"closed","ping_status":"open","sticky":false,"template":"","format":"standard","meta":{"_monsterinsights_skip_tracking":false,"_monsterinsights_sitenote_active":false,"_monsterinsights_sitenote_note":"","_monsterinsights_sitenote_category":0,"jetpack_post_was_ever_published":false,"_jetpack_newsletter_access":"","_jetpack_dont_email_post_to_subs":false,"_jetpack_newsletter_tier_id":0,"_jetpack_memberships_contains_paywalled_content":false,"_jetpack_memberships_contains_paid_content":false,"footnotes":"","jetpack_publicize_message":"","jetpack_publicize_feature_enabled":true,"jetpack_social_post_already_shared":true,"jetpack_social_options":{"image_generator_settings":{"template":"highway","default_image_id":0,"font":"","enabled":false},"version":2},"_wpas_customize_per_network":false},"categories":[104],"tags":[7805],"class_list":["post-163713","post","type-post","status-publish","format-standard","has-post-thumbnail","hentry","category-cultura","tag-cultura","generate-columns","tablet-grid-50","mobile-grid-100","grid-parent","grid-50"],"jetpack_publicize_connections":[],"jetpack_featured_media_url":"https:\/\/www.hoymercedes.com.ar\/principal\/wp-content\/uploads\/2023\/06\/LEA-FLORES.jpg","wps_subtitle":"","jetpack_sharing_enabled":true,"_links":{"self":[{"href":"https:\/\/www.hoymercedes.com.ar\/principal\/wp-json\/wp\/v2\/posts\/163713","targetHints":{"allow":["GET"]}}],"collection":[{"href":"https:\/\/www.hoymercedes.com.ar\/principal\/wp-json\/wp\/v2\/posts"}],"about":[{"href":"https:\/\/www.hoymercedes.com.ar\/principal\/wp-json\/wp\/v2\/types\/post"}],"author":[{"embeddable":true,"href":"https:\/\/www.hoymercedes.com.ar\/principal\/wp-json\/wp\/v2\/users\/1"}],"replies":[{"embeddable":true,"href":"https:\/\/www.hoymercedes.com.ar\/principal\/wp-json\/wp\/v2\/comments?post=163713"}],"version-history":[{"count":0,"href":"https:\/\/www.hoymercedes.com.ar\/principal\/wp-json\/wp\/v2\/posts\/163713\/revisions"}],"wp:featuredmedia":[{"embeddable":true,"href":"https:\/\/www.hoymercedes.com.ar\/principal\/wp-json\/wp\/v2\/media\/163714"}],"wp:attachment":[{"href":"https:\/\/www.hoymercedes.com.ar\/principal\/wp-json\/wp\/v2\/media?parent=163713"}],"wp:term":[{"taxonomy":"category","embeddable":true,"href":"https:\/\/www.hoymercedes.com.ar\/principal\/wp-json\/wp\/v2\/categories?post=163713"},{"taxonomy":"post_tag","embeddable":true,"href":"https:\/\/www.hoymercedes.com.ar\/principal\/wp-json\/wp\/v2\/tags?post=163713"}],"curies":[{"name":"wp","href":"https:\/\/api.w.org\/{rel}","templated":true}]}}