{"id":163734,"date":"2023-06-24T16:30:00","date_gmt":"2023-06-24T19:30:00","guid":{"rendered":"https:\/\/www.hoymercedes.com.ar\/principal\/?p=163734"},"modified":"2023-06-25T10:39:51","modified_gmt":"2023-06-25T13:39:51","slug":"muestra-con-la-mirda-del-entorno-como-material","status":"publish","type":"post","link":"https:\/\/www.hoymercedes.com.ar\/principal\/2023\/06\/24\/muestra-con-la-mirda-del-entorno-como-material\/","title":{"rendered":"Muestra con la mirada del \u00abentorno como material\u00bb"},"content":{"rendered":"\n<p>Desde el viernes 30 de junio, estar\u00e1 abierta la muestra de artes visuales \u00abEl entorno como material\u00bb, una propuesta que suma las miradas de quienes realizaron el taller coordinado por Marcela Cueto y Paula F\u00edgoli. Le exposici\u00f3n podr\u00e1 verse durante el pr\u00f3ximo fin de semana en el Estudio de Arte Cueto. <\/p>\n\n\n<div class=\"wp-block-image\">\n<figure class=\"aligncenter size-full\"><img loading=\"lazy\" decoding=\"async\" width=\"800\" height=\"533\" data-attachment-id=\"163735\" data-permalink=\"https:\/\/www.hoymercedes.com.ar\/principal\/2023\/06\/24\/muestra-con-la-mirda-del-entorno-como-material\/muestra-cueto-paual-1\/#main\" data-orig-file=\"https:\/\/www.hoymercedes.com.ar\/principal\/wp-content\/uploads\/2023\/06\/muestra-cueto-paual-1.jpg\" data-orig-size=\"800,533\" data-comments-opened=\"0\" data-image-meta=\"{&quot;aperture&quot;:&quot;0&quot;,&quot;credit&quot;:&quot;&quot;,&quot;camera&quot;:&quot;&quot;,&quot;caption&quot;:&quot;&quot;,&quot;created_timestamp&quot;:&quot;1687601376&quot;,&quot;copyright&quot;:&quot;&quot;,&quot;focal_length&quot;:&quot;0&quot;,&quot;iso&quot;:&quot;0&quot;,&quot;shutter_speed&quot;:&quot;0&quot;,&quot;title&quot;:&quot;&quot;,&quot;orientation&quot;:&quot;1&quot;}\" data-image-title=\"muestra cueto paual 1\" data-image-description=\"\" data-image-caption=\"\" data-large-file=\"https:\/\/www.hoymercedes.com.ar\/principal\/wp-content\/uploads\/2023\/06\/muestra-cueto-paual-1.jpg\" src=\"https:\/\/www.hoymercedes.com.ar\/principal\/wp-content\/uploads\/2023\/06\/muestra-cueto-paual-1.jpg\" alt=\"\" class=\"wp-image-163735\" srcset=\"https:\/\/www.hoymercedes.com.ar\/principal\/wp-content\/uploads\/2023\/06\/muestra-cueto-paual-1.jpg 800w, https:\/\/www.hoymercedes.com.ar\/principal\/wp-content\/uploads\/2023\/06\/muestra-cueto-paual-1-630x420.jpg 630w, https:\/\/www.hoymercedes.com.ar\/principal\/wp-content\/uploads\/2023\/06\/muestra-cueto-paual-1-150x100.jpg 150w, https:\/\/www.hoymercedes.com.ar\/principal\/wp-content\/uploads\/2023\/06\/muestra-cueto-paual-1-700x465.jpg 700w\" sizes=\"auto, (max-width: 800px) 100vw, 800px\" \/><\/figure>\n<\/div>\n\n\n<p>\u00abTerminaron los encuentros de taller y llega el momento de compartir los procesos de cada participante con la comunidad, en una muestra que reunir\u00e1 miradas, reflexiones y sentires que se activaron en &#8216;El entorno como material. Una mirada desde Mercedes'\u00bb, explican las docentes Cueto y F\u00edgoli.<\/p>\n\n\n\n<p>Con propuestas de interpretaci\u00f3n, caminatas y trabajo en el lugar, recorrimos Altamira y la ribera del R\u00edo Luj\u00e1n (en el caso del r\u00edo, con el acompa\u00f1amiento de la agrupaci\u00f3n SOS H\u00e1bitat) fueron los encuentros realizados tanto en el taller como en espacios al aire libre del proyecto pedag\u00f3gico que desarrollaron Marcela Cueto y Paula F\u00edgoli, con el apoyo del Fondo Nacional de las Artes mediante las Becas creaci\u00f3n 2022. <\/p>\n\n\n\n<p>La muestra \u00abEl entorno como material\u00bb, se llevar\u00e1 a cabo en Estudio de Arte Cueto (calle 19 N\u00b0 427) y estar\u00e1 abierta al p\u00fablico los d\u00edas viernes 30 de junio, de 19 a 22 hs, y el s\u00e1bado 1 y el domingo 2 de julio,\u00a0de\u00a018\u00a0a\u00a021\u00a0hs.<\/p>\n\n\n<div class=\"wp-block-image\">\n<figure class=\"aligncenter size-full\"><img loading=\"lazy\" decoding=\"async\" width=\"800\" height=\"800\" data-attachment-id=\"163736\" data-permalink=\"https:\/\/www.hoymercedes.com.ar\/principal\/2023\/06\/24\/muestra-con-la-mirda-del-entorno-como-material\/muestra-cueto-paula\/#main\" data-orig-file=\"https:\/\/www.hoymercedes.com.ar\/principal\/wp-content\/uploads\/2023\/06\/muestra-cueto-paula.jpg\" data-orig-size=\"800,800\" data-comments-opened=\"0\" data-image-meta=\"{&quot;aperture&quot;:&quot;0&quot;,&quot;credit&quot;:&quot;&quot;,&quot;camera&quot;:&quot;&quot;,&quot;caption&quot;:&quot;&quot;,&quot;created_timestamp&quot;:&quot;0&quot;,&quot;copyright&quot;:&quot;&quot;,&quot;focal_length&quot;:&quot;0&quot;,&quot;iso&quot;:&quot;0&quot;,&quot;shutter_speed&quot;:&quot;0&quot;,&quot;title&quot;:&quot;&quot;,&quot;orientation&quot;:&quot;0&quot;}\" data-image-title=\"muestra cueto paula\" data-image-description=\"\" data-image-caption=\"\" data-large-file=\"https:\/\/www.hoymercedes.com.ar\/principal\/wp-content\/uploads\/2023\/06\/muestra-cueto-paula.jpg\" src=\"https:\/\/www.hoymercedes.com.ar\/principal\/wp-content\/uploads\/2023\/06\/muestra-cueto-paula.jpg\" alt=\"\" class=\"wp-image-163736\" srcset=\"https:\/\/www.hoymercedes.com.ar\/principal\/wp-content\/uploads\/2023\/06\/muestra-cueto-paula.jpg 800w, https:\/\/www.hoymercedes.com.ar\/principal\/wp-content\/uploads\/2023\/06\/muestra-cueto-paula-620x620.jpg 620w, https:\/\/www.hoymercedes.com.ar\/principal\/wp-content\/uploads\/2023\/06\/muestra-cueto-paula-150x150.jpg 150w\" sizes=\"auto, (max-width: 800px) 100vw, 800px\" \/><\/figure>\n<\/div>","protected":false},"excerpt":{"rendered":"<p>Desde el viernes 30 de junio, estar\u00e1 abierta la muestra de artes visuales \u00abEl entorno como material\u00bb, una propuesta que &#8230; <a title=\"Muestra con la mirada del \u00abentorno como material\u00bb\" class=\"read-more\" href=\"https:\/\/www.hoymercedes.com.ar\/principal\/2023\/06\/24\/muestra-con-la-mirda-del-entorno-como-material\/\" aria-label=\"Leer m\u00e1s sobre Muestra con la mirada del \u00abentorno como material\u00bb\">Leer m\u00e1s<\/a><\/p>\n","protected":false},"author":1,"featured_media":163735,"comment_status":"closed","ping_status":"open","sticky":false,"template":"","format":"standard","meta":{"_monsterinsights_skip_tracking":false,"_monsterinsights_sitenote_active":false,"_monsterinsights_sitenote_note":"","_monsterinsights_sitenote_category":0,"jetpack_post_was_ever_published":false,"_jetpack_newsletter_access":"","_jetpack_dont_email_post_to_subs":false,"_jetpack_newsletter_tier_id":0,"_jetpack_memberships_contains_paywalled_content":false,"_jetpack_memberships_contains_paid_content":false,"footnotes":"","jetpack_publicize_message":"","jetpack_publicize_feature_enabled":true,"jetpack_social_post_already_shared":true,"jetpack_social_options":{"image_generator_settings":{"template":"highway","default_image_id":0,"font":"","enabled":false},"version":2},"_wpas_customize_per_network":false},"categories":[104],"tags":[7805],"class_list":["post-163734","post","type-post","status-publish","format-standard","has-post-thumbnail","hentry","category-cultura","tag-cultura","generate-columns","tablet-grid-50","mobile-grid-100","grid-parent","grid-50"],"jetpack_publicize_connections":[],"jetpack_featured_media_url":"https:\/\/www.hoymercedes.com.ar\/principal\/wp-content\/uploads\/2023\/06\/muestra-cueto-paual-1.jpg","wps_subtitle":"","jetpack_sharing_enabled":true,"_links":{"self":[{"href":"https:\/\/www.hoymercedes.com.ar\/principal\/wp-json\/wp\/v2\/posts\/163734","targetHints":{"allow":["GET"]}}],"collection":[{"href":"https:\/\/www.hoymercedes.com.ar\/principal\/wp-json\/wp\/v2\/posts"}],"about":[{"href":"https:\/\/www.hoymercedes.com.ar\/principal\/wp-json\/wp\/v2\/types\/post"}],"author":[{"embeddable":true,"href":"https:\/\/www.hoymercedes.com.ar\/principal\/wp-json\/wp\/v2\/users\/1"}],"replies":[{"embeddable":true,"href":"https:\/\/www.hoymercedes.com.ar\/principal\/wp-json\/wp\/v2\/comments?post=163734"}],"version-history":[{"count":0,"href":"https:\/\/www.hoymercedes.com.ar\/principal\/wp-json\/wp\/v2\/posts\/163734\/revisions"}],"wp:featuredmedia":[{"embeddable":true,"href":"https:\/\/www.hoymercedes.com.ar\/principal\/wp-json\/wp\/v2\/media\/163735"}],"wp:attachment":[{"href":"https:\/\/www.hoymercedes.com.ar\/principal\/wp-json\/wp\/v2\/media?parent=163734"}],"wp:term":[{"taxonomy":"category","embeddable":true,"href":"https:\/\/www.hoymercedes.com.ar\/principal\/wp-json\/wp\/v2\/categories?post=163734"},{"taxonomy":"post_tag","embeddable":true,"href":"https:\/\/www.hoymercedes.com.ar\/principal\/wp-json\/wp\/v2\/tags?post=163734"}],"curies":[{"name":"wp","href":"https:\/\/api.w.org\/{rel}","templated":true}]}}