{"id":163860,"date":"2023-06-26T10:19:00","date_gmt":"2023-06-26T13:19:00","guid":{"rendered":"https:\/\/www.hoymercedes.com.ar\/principal\/?p=163860"},"modified":"2023-06-26T16:22:13","modified_gmt":"2023-06-26T19:22:13","slug":"condenan-a-un-sujeto-a-28-anos-de-prision-por-abuso-sexual","status":"publish","type":"post","link":"https:\/\/www.hoymercedes.com.ar\/principal\/2023\/06\/26\/condenan-a-un-sujeto-a-28-anos-de-prision-por-abuso-sexual\/","title":{"rendered":"Condenan a un sujeto a 28 a\u00f1os de prisi\u00f3n por abuso sexual\u00a0\u00a0"},"content":{"rendered":"\n<p>En la jornada del 21 de junio del corriente se dio a conocer el veredicto del Tribunal Oral en lo Criminal N\u00b0 2 del Departamento Judicial Mercedes, en el marco del debate oral y p\u00fablico contra Jorge Omar Caino &#8211; de 51 a\u00f1os, oriundo de Carmen de Areco &#8211; acusado de la comisi\u00f3n de los delitos de\u00a0 abuso sexual agravado reiterado y promoci\u00f3n de la corrupci\u00f3n de menores de 18 a\u00f1os (dos v\u00edctimas) ocurridos dentro del seno intrafamiliar del sujeto entre los a\u00f1os 2006 y 2019.\u00a0<\/p>\n\n\n\n<p>Tras las respectivas denuncias de las v\u00edctimas tom\u00f3 intervenci\u00f3n la Unidad Funcional N\u00b0 2 del Departamento Judicial Mercedes, y se detuvo al imputado e instruy\u00f3 la causa con los elementos necesarios para arribar a la etapa del debate oral. Se debieron llevar adelante una serie de pericias y medidas probatorias para poder sustentar la acusaci\u00f3n.&nbsp;&nbsp;<\/p>\n\n\n\n<p>Para los jueces Dres. Juan Tillet, Juan Manuel Renaud M\u00e1s y Jorge Pablo Vieiro,&nbsp; la imputaci\u00f3n sostenida por el Fiscal de Juicio, Dr. Adri\u00e1n Landini fue legal y debidamente fundada, y resolvieron, por unanimidad, condenar al imputado a la pena de 28 a\u00f1os de prisi\u00f3n, accesorias legales y costas del proceso al encontrarlo autor penalmente responsable de los delitos de \u201cAbuso sexual agravado con acceso carnal, agravado por ser cometido por el encargado de la guarda, aprovechando la situaci\u00f3n de convivencia preexistente (reiterados) en concurso ideal con el delito de promoci\u00f3n de la corrupci\u00f3n de menores agravada\u201d.&nbsp;<\/p>\n\n\n\n<p>Para arribar a dicha resoluci\u00f3n se basaron en los diversos elementos que se adjuntaron a la causa y los testimonios recepcionados en la audiencia de debate llevado a cabo el pasado 9\u00a0 de junio en dicho Tribunal de Mercedes.\u00a0<\/p>\n\n\n\n<p>Fuente: Ministerio P\u00fablico Fiscal &#8211; Depto. Judicial Mercedes<\/p>\n","protected":false},"excerpt":{"rendered":"<p>En la jornada del 21 de junio del corriente se dio a conocer el veredicto del Tribunal Oral en lo &#8230; <a title=\"Condenan a un sujeto a 28 a\u00f1os de prisi\u00f3n por abuso sexual\u00a0\u00a0\" class=\"read-more\" href=\"https:\/\/www.hoymercedes.com.ar\/principal\/2023\/06\/26\/condenan-a-un-sujeto-a-28-anos-de-prision-por-abuso-sexual\/\" aria-label=\"Leer m\u00e1s sobre Condenan a un sujeto a 28 a\u00f1os de prisi\u00f3n por abuso sexual\u00a0\u00a0\">Leer m\u00e1s<\/a><\/p>\n","protected":false},"author":1,"featured_media":150513,"comment_status":"closed","ping_status":"open","sticky":false,"template":"","format":"standard","meta":{"_monsterinsights_skip_tracking":false,"_monsterinsights_sitenote_active":false,"_monsterinsights_sitenote_note":"","_monsterinsights_sitenote_category":0,"jetpack_post_was_ever_published":false,"_jetpack_newsletter_access":"","_jetpack_dont_email_post_to_subs":false,"_jetpack_newsletter_tier_id":0,"_jetpack_memberships_contains_paywalled_content":false,"_jetpack_memberships_contains_paid_content":false,"footnotes":"","jetpack_publicize_message":"","jetpack_publicize_feature_enabled":true,"jetpack_social_post_already_shared":true,"jetpack_social_options":{"image_generator_settings":{"template":"highway","default_image_id":0,"font":"","enabled":false},"version":2},"_wpas_customize_per_network":false},"categories":[85],"tags":[11446,9212,96],"class_list":["post-163860","post","type-post","status-publish","format-standard","has-post-thumbnail","hentry","category-policial","tag-judicial","tag-juicio","tag-policial-2","generate-columns","tablet-grid-50","mobile-grid-100","grid-parent","grid-50"],"jetpack_publicize_connections":[],"jetpack_featured_media_url":"https:\/\/www.hoymercedes.com.ar\/principal\/wp-content\/uploads\/2022\/07\/COMISARIA-Carmen-de-Areco.jpg","wps_subtitle":"","jetpack_sharing_enabled":true,"_links":{"self":[{"href":"https:\/\/www.hoymercedes.com.ar\/principal\/wp-json\/wp\/v2\/posts\/163860","targetHints":{"allow":["GET"]}}],"collection":[{"href":"https:\/\/www.hoymercedes.com.ar\/principal\/wp-json\/wp\/v2\/posts"}],"about":[{"href":"https:\/\/www.hoymercedes.com.ar\/principal\/wp-json\/wp\/v2\/types\/post"}],"author":[{"embeddable":true,"href":"https:\/\/www.hoymercedes.com.ar\/principal\/wp-json\/wp\/v2\/users\/1"}],"replies":[{"embeddable":true,"href":"https:\/\/www.hoymercedes.com.ar\/principal\/wp-json\/wp\/v2\/comments?post=163860"}],"version-history":[{"count":0,"href":"https:\/\/www.hoymercedes.com.ar\/principal\/wp-json\/wp\/v2\/posts\/163860\/revisions"}],"wp:featuredmedia":[{"embeddable":true,"href":"https:\/\/www.hoymercedes.com.ar\/principal\/wp-json\/wp\/v2\/media\/150513"}],"wp:attachment":[{"href":"https:\/\/www.hoymercedes.com.ar\/principal\/wp-json\/wp\/v2\/media?parent=163860"}],"wp:term":[{"taxonomy":"category","embeddable":true,"href":"https:\/\/www.hoymercedes.com.ar\/principal\/wp-json\/wp\/v2\/categories?post=163860"},{"taxonomy":"post_tag","embeddable":true,"href":"https:\/\/www.hoymercedes.com.ar\/principal\/wp-json\/wp\/v2\/tags?post=163860"}],"curies":[{"name":"wp","href":"https:\/\/api.w.org\/{rel}","templated":true}]}}