{"id":163924,"date":"2023-06-27T15:00:00","date_gmt":"2023-06-27T18:00:00","guid":{"rendered":"https:\/\/www.hoymercedes.com.ar\/principal\/?p=163924"},"modified":"2023-06-27T13:01:24","modified_gmt":"2023-06-27T16:01:24","slug":"liga-mercedina-recta-final-para-la-infanto-juvenil","status":"publish","type":"post","link":"https:\/\/www.hoymercedes.com.ar\/principal\/2023\/06\/27\/liga-mercedina-recta-final-para-la-infanto-juvenil\/","title":{"rendered":"Liga Mercedina: Recta final para la infanto juvenil"},"content":{"rendered":"\n<p><strong><em>Las divisiones inferiores masculinas de la Liga disputaron la fecha n\u00famero doce. Solo restan tres para conocer a todos los campeones del apertura.<\/em><\/strong><\/p>\n\n\n<div class=\"wp-block-image\">\n<figure class=\"aligncenter size-full\"><img loading=\"lazy\" decoding=\"async\" width=\"800\" height=\"534\" data-attachment-id=\"163925\" data-permalink=\"https:\/\/www.hoymercedes.com.ar\/principal\/2023\/06\/27\/liga-mercedina-recta-final-para-la-infanto-juvenil\/futb-infentil-2606\/#main\" data-orig-file=\"https:\/\/www.hoymercedes.com.ar\/principal\/wp-content\/uploads\/2023\/06\/futb-infentil-2606.jpg\" data-orig-size=\"800,534\" data-comments-opened=\"0\" data-image-meta=\"{&quot;aperture&quot;:&quot;0&quot;,&quot;credit&quot;:&quot;&quot;,&quot;camera&quot;:&quot;&quot;,&quot;caption&quot;:&quot;&quot;,&quot;created_timestamp&quot;:&quot;1687793905&quot;,&quot;copyright&quot;:&quot;&quot;,&quot;focal_length&quot;:&quot;0&quot;,&quot;iso&quot;:&quot;0&quot;,&quot;shutter_speed&quot;:&quot;0&quot;,&quot;title&quot;:&quot;&quot;,&quot;orientation&quot;:&quot;1&quot;}\" data-image-title=\"futb infentil 2606\" data-image-description=\"\" data-image-caption=\"\" data-large-file=\"https:\/\/www.hoymercedes.com.ar\/principal\/wp-content\/uploads\/2023\/06\/futb-infentil-2606.jpg\" src=\"https:\/\/www.hoymercedes.com.ar\/principal\/wp-content\/uploads\/2023\/06\/futb-infentil-2606.jpg\" alt=\"\" class=\"wp-image-163925\" srcset=\"https:\/\/www.hoymercedes.com.ar\/principal\/wp-content\/uploads\/2023\/06\/futb-infentil-2606.jpg 800w, https:\/\/www.hoymercedes.com.ar\/principal\/wp-content\/uploads\/2023\/06\/futb-infentil-2606-630x421.jpg 630w, https:\/\/www.hoymercedes.com.ar\/principal\/wp-content\/uploads\/2023\/06\/futb-infentil-2606-150x100.jpg 150w\" sizes=\"auto, (max-width: 800px) 100vw, 800px\" \/><\/figure>\n<\/div>\n\n\n<p>Con una semana cargada de partidos, las divisiones inferiores de la Liga Mercedina de F\u00fatbol&nbsp; jugaron la fecha 12 durante el fin de semana, habiendo tenido actividad el pasado feriado donde se logr\u00f3 adelantar una jornada.<\/p>\n\n\n\n<p>Con todas las expectativas puestas en el final del torneo, los chicos de la infanto juvenil salieron a la cancha, acompa\u00f1ados del colorido marco de p\u00fablico que se hace presente cada s\u00e1bado en los distintos predios mercedinos.<\/p>\n\n\n\n<p>A continuaci\u00f3n, compartimos los resultados de las divisiones masculinas por la fecha 12, quedado las \u00faltimas tres por delante para conocer a los campeones.<\/p>\n\n\n\n<p><strong>F\u00fatbol Infantil<\/strong><\/p>\n\n\n\n<p>2013<br>Ateneo 6 \u2013 0 Talleres\u00a0<br>Los Carteros 3 \u2013 0 Holanda<br>Mercedes 3 \u2013 0 Uni\u00f3n<br>El Front\u00f3n 5 \u2013 1 Trocha<br>Gowland 2 \u2013 1 Defensores<br>Quilmes 0 \u2013 1 Estudiantes<br>Palometas 1 \u2013 1 Juventud<\/p>\n\n\n\n<p>2012<br>Ateneo 0 \u2013 2 Talleres\u00a0<br>Los Carteros 5 \u2013 0 Holanda<br>Mercedes 3 \u2013 1 Uni\u00f3n<br>El Front\u00f3n 1 \u2013 0 Trocha<br>Gowland 1 \u2013 3 Defensores<br>Quilmes 3 \u2013 0 Estudiantes<br>Palometas 3 \u2013 1 Juventud<\/p>\n\n\n\n<p><strong>Futbol Juvenil<\/strong><br>2011<br>Ateneo 0 \u2013 1 Pabell\u00f3n\u00a0<br>Mercedes 1 \u2013 0 Uni\u00f3n<br>El Front\u00f3n 6 \u2013 0 Trocha<br>Quilmes 1 \u2013 2 Estudiantes<br>Palometas 0 \u2013 3 Juventud<\/p>\n\n\n\n<p>2010<br>Ateneo 0 \u2013 4 Pabell\u00f3n\u00a0<br>Los Carteros 3 \u2013 0 Holanda<br>Mercedes 1 \u2013 1 Uni\u00f3n<br>El Front\u00f3n 6 \u2013 0 Trocha<br>Gowland 1 \u2013 6 Defensores<br>Quilmes 2 \u2013 0 Estudiantes<br>La Tijera\u00a0 4 \u2013 0 V\u00e9lez<br>Palometas 1 \u2013 1 Juventud<\/p>\n\n\n\n<p>2009<br>Mercedes 1 \u2013 1 Uni\u00f3n<br>Quilmes 0 \u2013 6 Estudiantes<br>Palometas 0 \u2013 3 Juventud<br>Libres: El Front\u00f3n, Ateneo, V\u00e9lez, Defensores y Los Carteros.<\/p>\n\n\n\n<p>2008<br>Ateneo 1 \u2013 1 Pabell\u00f3n\u00a0<br>Los Carteros 0 \u2013 0 Holanda<br>Mercedes 0 \u2013 1 Uni\u00f3n<br>El Front\u00f3n 7 \u2013 1 Trocha<br>El Tim\u00f3n 2 \u2013 0 Defensores<br>Quilmes 0 \u2013 3 Estudiantes<br>La Tijera\u00a0 0 \u2013 6 V\u00e9lez<br>Palometas 0 \u2013 2 Juventud<\/p>\n\n\n\n<p>5ta divisi\u00f3n<br>Ateneo 2 \u2013 1 Pabell\u00f3n\u00a0<br>Los Carteros 2 \u2013 0 Holanda<br>Mercedes 7 \u2013 1 Uni\u00f3n<br>El Front\u00f3n 6 \u2013 0 Trocha<br>El Tim\u00f3n 0 \u2013 1 Defensores<br>Quilmes 0 \u2013 6 Estudiantes<br>La Tijera\u00a0 0 \u2013 3 V\u00e9lez<br>Palometas 2 \u2013 3 Juventud<\/p>\n\n\n\n<p><strong>Pr\u00f3xima fecha<\/strong><br>Quilmes Vs. La Tijera<br>Juventud Vs. Talleres \/ Pabell\u00f3n Argentino<br>Uni\u00f3n Vs. Trocha<br>Mercedes Vs. Gowland \/ El Tim\u00f3n<br>Holanda Vs. Palometas<br>V\u00e9lez Vs. Estudiantes<br>Los Carteros Vs. Ateneo<br>Defensores Vs. El Front\u00f3n<\/p>\n\n\n\n<p>Colaboraci\u00f3n Mariano Oyarz\u00fa<\/p>\n","protected":false},"excerpt":{"rendered":"<p>Las divisiones inferiores masculinas de la Liga disputaron la fecha n\u00famero doce. Solo restan tres para conocer a todos los &#8230; <a title=\"Liga Mercedina: Recta final para la infanto juvenil\" class=\"read-more\" href=\"https:\/\/www.hoymercedes.com.ar\/principal\/2023\/06\/27\/liga-mercedina-recta-final-para-la-infanto-juvenil\/\" aria-label=\"Leer m\u00e1s sobre Liga Mercedina: Recta final para la infanto juvenil\">Leer m\u00e1s<\/a><\/p>\n","protected":false},"author":1,"featured_media":163925,"comment_status":"closed","ping_status":"open","sticky":false,"template":"","format":"standard","meta":{"_monsterinsights_skip_tracking":false,"_monsterinsights_sitenote_active":false,"_monsterinsights_sitenote_note":"","_monsterinsights_sitenote_category":0,"jetpack_post_was_ever_published":false,"_jetpack_newsletter_access":"","_jetpack_dont_email_post_to_subs":false,"_jetpack_newsletter_tier_id":0,"_jetpack_memberships_contains_paywalled_content":false,"_jetpack_memberships_contains_paid_content":false,"footnotes":"","jetpack_publicize_message":"","jetpack_publicize_feature_enabled":true,"jetpack_social_post_already_shared":true,"jetpack_social_options":{"image_generator_settings":{"template":"highway","default_image_id":0,"font":"","enabled":false},"version":2},"_wpas_customize_per_network":false},"categories":[21],"tags":[204,1003],"class_list":["post-163924","post","type-post","status-publish","format-standard","has-post-thumbnail","hentry","category-deportes","tag-deportes-2","tag-futbol","generate-columns","tablet-grid-50","mobile-grid-100","grid-parent","grid-50"],"jetpack_publicize_connections":[],"jetpack_featured_media_url":"https:\/\/www.hoymercedes.com.ar\/principal\/wp-content\/uploads\/2023\/06\/futb-infentil-2606.jpg","wps_subtitle":"","jetpack_sharing_enabled":true,"_links":{"self":[{"href":"https:\/\/www.hoymercedes.com.ar\/principal\/wp-json\/wp\/v2\/posts\/163924","targetHints":{"allow":["GET"]}}],"collection":[{"href":"https:\/\/www.hoymercedes.com.ar\/principal\/wp-json\/wp\/v2\/posts"}],"about":[{"href":"https:\/\/www.hoymercedes.com.ar\/principal\/wp-json\/wp\/v2\/types\/post"}],"author":[{"embeddable":true,"href":"https:\/\/www.hoymercedes.com.ar\/principal\/wp-json\/wp\/v2\/users\/1"}],"replies":[{"embeddable":true,"href":"https:\/\/www.hoymercedes.com.ar\/principal\/wp-json\/wp\/v2\/comments?post=163924"}],"version-history":[{"count":0,"href":"https:\/\/www.hoymercedes.com.ar\/principal\/wp-json\/wp\/v2\/posts\/163924\/revisions"}],"wp:featuredmedia":[{"embeddable":true,"href":"https:\/\/www.hoymercedes.com.ar\/principal\/wp-json\/wp\/v2\/media\/163925"}],"wp:attachment":[{"href":"https:\/\/www.hoymercedes.com.ar\/principal\/wp-json\/wp\/v2\/media?parent=163924"}],"wp:term":[{"taxonomy":"category","embeddable":true,"href":"https:\/\/www.hoymercedes.com.ar\/principal\/wp-json\/wp\/v2\/categories?post=163924"},{"taxonomy":"post_tag","embeddable":true,"href":"https:\/\/www.hoymercedes.com.ar\/principal\/wp-json\/wp\/v2\/tags?post=163924"}],"curies":[{"name":"wp","href":"https:\/\/api.w.org\/{rel}","templated":true}]}}