{"id":163960,"date":"2023-06-28T19:48:36","date_gmt":"2023-06-28T22:48:36","guid":{"rendered":"https:\/\/www.hoymercedes.com.ar\/principal\/?p=163960"},"modified":"2023-06-28T19:48:38","modified_gmt":"2023-06-28T22:48:38","slug":"oscar-dinova-con-eduardo-sacheri","status":"publish","type":"post","link":"https:\/\/www.hoymercedes.com.ar\/principal\/2023\/06\/28\/oscar-dinova-con-eduardo-sacheri\/","title":{"rendered":"Oscar Dinova con Eduardo Sacheri"},"content":{"rendered":"\n<p>Por Oscar Dinova &#8211; Libros, Cine y alguna vieja hermosa historia <br>\u201cNo creo que sea el destino el que cruce las vidas\u201d<br>(Eduardo Sacheri, (en Lo mucho que te am\u00e9)<\/p>\n\n\n<div class=\"wp-block-image\">\n<figure class=\"aligncenter size-full\"><img loading=\"lazy\" decoding=\"async\" width=\"600\" height=\"392\" data-attachment-id=\"163962\" data-permalink=\"https:\/\/www.hoymercedes.com.ar\/principal\/2023\/06\/28\/oscar-dinova-con-eduardo-sacheri\/image-37-2\/#main\" data-orig-file=\"https:\/\/www.hoymercedes.com.ar\/principal\/wp-content\/uploads\/2023\/06\/image-37.png\" data-orig-size=\"600,392\" data-comments-opened=\"0\" data-image-meta=\"{&quot;aperture&quot;:&quot;0&quot;,&quot;credit&quot;:&quot;&quot;,&quot;camera&quot;:&quot;&quot;,&quot;caption&quot;:&quot;&quot;,&quot;created_timestamp&quot;:&quot;0&quot;,&quot;copyright&quot;:&quot;&quot;,&quot;focal_length&quot;:&quot;0&quot;,&quot;iso&quot;:&quot;0&quot;,&quot;shutter_speed&quot;:&quot;0&quot;,&quot;title&quot;:&quot;&quot;,&quot;orientation&quot;:&quot;0&quot;}\" data-image-title=\"image-37\" data-image-description=\"\" data-image-caption=\"\" data-large-file=\"https:\/\/www.hoymercedes.com.ar\/principal\/wp-content\/uploads\/2023\/06\/image-37.png\" src=\"https:\/\/www.hoymercedes.com.ar\/principal\/wp-content\/uploads\/2023\/06\/image-37.png\" alt=\"\" class=\"wp-image-163962\" srcset=\"https:\/\/www.hoymercedes.com.ar\/principal\/wp-content\/uploads\/2023\/06\/image-37.png 600w, https:\/\/www.hoymercedes.com.ar\/principal\/wp-content\/uploads\/2023\/06\/image-37-150x98.png 150w\" sizes=\"auto, (max-width: 600px) 100vw, 600px\" \/><\/figure>\n<\/div>\n\n\n<p>Hace ya unos veinte a\u00f1os mudaba mi lugar de profesor, del CEPT N\u00b02 al N\u00b017 en Ireneo Portela, Baradero.<br>Eran 115 km. desde Mercedes, mi domicilio.<br>Para amenizar el viaje de vuelta, la radio. Y en la radio, Alejandro Apo y sus infaltables cuentos de f\u00fatbol. Un nuevo escritor cubri\u00f3 muchas veces esa distancia; Eduardo Sacheri con \u00abEsper\u00e1ndolo a Tito\u00bb, \u00abLo raro vino despu\u00e9s\u00bb, \u00abUn viejo se puso de pie\u00bb y tantos otros. Un placer.<br>Pas\u00f3 el tiempo. En una velada que asomaba l\u00e1nguida e intrascendente le propongo a mis alumnos \u00abhacer algo diferente\u00bb. En mi bolso de permanencia nocturna, un libro de Sacheri.<br>Les leo, perd\u00f3n, les interpreto. Se enamoran del momento, que deviene permanente. Unos a\u00f1os despu\u00e9s, no alcanza la literatura narrada y empezamos con el cine.<br>Una pel\u00edcula por semana. Una variante cultural que en las escuelas de alternancia tiene lugar sin inconveniente. Algo de su magia.<br>Me despido al jubilarme con \u00abEl Secreto de sus ojos\u00bb. Lo que ten\u00edamos en los ojos eran l\u00e1grimas. La hora de cine sigue ah\u00ed, vigente.<br>El tiempo sigui\u00f3 pasando. Escrib\u00ed mis propios libros, recorr\u00ed las escuelas contando mis propios Cuentos. Una forma sencilla de ser feliz.<br>Este pasado lunes me invitan a participar de la jornada de Cine Argentino en las Escuelas, con&#8230; Eduardo Sacheri como estandarte.<br>Me acerqu\u00e9 a mi primer hogar de alternancia en S.A de Giles. Le obsequiamos a Eduardo un ejemplar firmado de; \u00abEl Tren de la Vida\u00bb, donde se refugian los cuentos; \u00abQuince Minutos\u00bb y \u00abTizas en el And\u00e9n\u00bb, uno del club favorito de Sacheri; Independiente y el segundo que narra la vida cotidiana en un CEPT de la provincia de Buenos Aires.<br>Esa vida que les permite, talleres informales de lectura, cine, o visitas insignes de hacedores de cultura. Algo, repito, algo de su magia.<br>20 a\u00f1os despu\u00e9s de leer sus libros a nuestros chicos nos encontramos. Es cierto, entonces, que \u00abno es el destino que cruza a las vidas\u00bb, sino la forma de construir ese destino. Apostando a la educaci\u00f3n, por ejemplo.<br>Gracias Eduardo, vali\u00f3 la pena esperarte.<\/p>\n\n\n<div class=\"wp-block-image\">\n<figure class=\"aligncenter size-full\"><img loading=\"lazy\" decoding=\"async\" width=\"599\" height=\"296\" data-attachment-id=\"163961\" data-permalink=\"https:\/\/www.hoymercedes.com.ar\/principal\/2023\/06\/28\/oscar-dinova-con-eduardo-sacheri\/image-36-2\/#main\" data-orig-file=\"https:\/\/www.hoymercedes.com.ar\/principal\/wp-content\/uploads\/2023\/06\/image-36.png\" data-orig-size=\"599,296\" data-comments-opened=\"0\" data-image-meta=\"{&quot;aperture&quot;:&quot;0&quot;,&quot;credit&quot;:&quot;&quot;,&quot;camera&quot;:&quot;&quot;,&quot;caption&quot;:&quot;&quot;,&quot;created_timestamp&quot;:&quot;0&quot;,&quot;copyright&quot;:&quot;&quot;,&quot;focal_length&quot;:&quot;0&quot;,&quot;iso&quot;:&quot;0&quot;,&quot;shutter_speed&quot;:&quot;0&quot;,&quot;title&quot;:&quot;&quot;,&quot;orientation&quot;:&quot;0&quot;}\" data-image-title=\"image-36\" data-image-description=\"\" data-image-caption=\"\" data-large-file=\"https:\/\/www.hoymercedes.com.ar\/principal\/wp-content\/uploads\/2023\/06\/image-36.png\" src=\"https:\/\/www.hoymercedes.com.ar\/principal\/wp-content\/uploads\/2023\/06\/image-36.png\" alt=\"\" class=\"wp-image-163961\" srcset=\"https:\/\/www.hoymercedes.com.ar\/principal\/wp-content\/uploads\/2023\/06\/image-36.png 599w, https:\/\/www.hoymercedes.com.ar\/principal\/wp-content\/uploads\/2023\/06\/image-36-150x74.png 150w\" sizes=\"auto, (max-width: 599px) 100vw, 599px\" \/><\/figure>\n<\/div>","protected":false},"excerpt":{"rendered":"<p>Por Oscar Dinova &#8211; Libros, Cine y alguna vieja hermosa historia \u201cNo creo que sea el destino el que cruce &#8230; <a title=\"Oscar Dinova con Eduardo Sacheri\" class=\"read-more\" href=\"https:\/\/www.hoymercedes.com.ar\/principal\/2023\/06\/28\/oscar-dinova-con-eduardo-sacheri\/\" aria-label=\"Leer m\u00e1s sobre Oscar Dinova con Eduardo Sacheri\">Leer m\u00e1s<\/a><\/p>\n","protected":false},"author":1,"featured_media":163961,"comment_status":"closed","ping_status":"open","sticky":false,"template":"","format":"standard","meta":{"_monsterinsights_skip_tracking":false,"_monsterinsights_sitenote_active":false,"_monsterinsights_sitenote_note":"","_monsterinsights_sitenote_category":0,"jetpack_post_was_ever_published":false,"_jetpack_newsletter_access":"","_jetpack_dont_email_post_to_subs":false,"_jetpack_newsletter_tier_id":0,"_jetpack_memberships_contains_paywalled_content":false,"_jetpack_memberships_contains_paid_content":false,"footnotes":"","jetpack_publicize_message":"","jetpack_publicize_feature_enabled":true,"jetpack_social_post_already_shared":true,"jetpack_social_options":{"image_generator_settings":{"template":"highway","default_image_id":0,"font":"","enabled":false},"version":2},"_wpas_customize_per_network":false},"categories":[8],"tags":[],"class_list":["post-163960","post","type-post","status-publish","format-standard","has-post-thumbnail","hentry","category-sociedad","generate-columns","tablet-grid-50","mobile-grid-100","grid-parent","grid-50"],"jetpack_publicize_connections":[],"jetpack_featured_media_url":"https:\/\/www.hoymercedes.com.ar\/principal\/wp-content\/uploads\/2023\/06\/image-36.png","wps_subtitle":"","jetpack_sharing_enabled":true,"_links":{"self":[{"href":"https:\/\/www.hoymercedes.com.ar\/principal\/wp-json\/wp\/v2\/posts\/163960","targetHints":{"allow":["GET"]}}],"collection":[{"href":"https:\/\/www.hoymercedes.com.ar\/principal\/wp-json\/wp\/v2\/posts"}],"about":[{"href":"https:\/\/www.hoymercedes.com.ar\/principal\/wp-json\/wp\/v2\/types\/post"}],"author":[{"embeddable":true,"href":"https:\/\/www.hoymercedes.com.ar\/principal\/wp-json\/wp\/v2\/users\/1"}],"replies":[{"embeddable":true,"href":"https:\/\/www.hoymercedes.com.ar\/principal\/wp-json\/wp\/v2\/comments?post=163960"}],"version-history":[{"count":0,"href":"https:\/\/www.hoymercedes.com.ar\/principal\/wp-json\/wp\/v2\/posts\/163960\/revisions"}],"wp:featuredmedia":[{"embeddable":true,"href":"https:\/\/www.hoymercedes.com.ar\/principal\/wp-json\/wp\/v2\/media\/163961"}],"wp:attachment":[{"href":"https:\/\/www.hoymercedes.com.ar\/principal\/wp-json\/wp\/v2\/media?parent=163960"}],"wp:term":[{"taxonomy":"category","embeddable":true,"href":"https:\/\/www.hoymercedes.com.ar\/principal\/wp-json\/wp\/v2\/categories?post=163960"},{"taxonomy":"post_tag","embeddable":true,"href":"https:\/\/www.hoymercedes.com.ar\/principal\/wp-json\/wp\/v2\/tags?post=163960"}],"curies":[{"name":"wp","href":"https:\/\/api.w.org\/{rel}","templated":true}]}}