{"id":163990,"date":"2023-06-29T17:21:34","date_gmt":"2023-06-29T20:21:34","guid":{"rendered":"https:\/\/www.hoymercedes.com.ar\/principal\/?p=163990"},"modified":"2023-06-29T17:23:01","modified_gmt":"2023-06-29T20:23:01","slug":"el-cuarteto-gustavo-nasutti-llega-a-mercedes-con-dos-propuestas","status":"publish","type":"post","link":"https:\/\/www.hoymercedes.com.ar\/principal\/2023\/06\/29\/el-cuarteto-gustavo-nasutti-llega-a-mercedes-con-dos-propuestas\/","title":{"rendered":"El Cuarteto Gustavo Nasutti llega a Mercedes con dos propuestas"},"content":{"rendered":"\n<p><strong><em>Desde las 16.30 horas del viernes se llevar\u00e1 a cabo un taller de improvisaci\u00f3n y composici\u00f3n en el Conservatorio de M\u00fasica. Luego, desde las 20.30 ser\u00e1 el turno de un concierto de este cuarteto de cuerdas en el Taller de Arte de Mar\u00eda Gabriela Luna.<\/em><\/strong><\/p>\n\n\n<div class=\"wp-block-image\">\n<figure class=\"aligncenter size-full\"><img loading=\"lazy\" decoding=\"async\" width=\"500\" height=\"500\" data-attachment-id=\"163991\" data-permalink=\"https:\/\/www.hoymercedes.com.ar\/principal\/2023\/06\/29\/el-cuarteto-gustavo-nasutti-llega-a-mercedes-con-dos-propuestas\/img-20230629-wa0037\/#main\" data-orig-file=\"https:\/\/www.hoymercedes.com.ar\/principal\/wp-content\/uploads\/2023\/06\/IMG-20230629-WA0037.jpg\" data-orig-size=\"500,500\" data-comments-opened=\"0\" data-image-meta=\"{&quot;aperture&quot;:&quot;0&quot;,&quot;credit&quot;:&quot;&quot;,&quot;camera&quot;:&quot;&quot;,&quot;caption&quot;:&quot;&quot;,&quot;created_timestamp&quot;:&quot;0&quot;,&quot;copyright&quot;:&quot;&quot;,&quot;focal_length&quot;:&quot;0&quot;,&quot;iso&quot;:&quot;0&quot;,&quot;shutter_speed&quot;:&quot;0&quot;,&quot;title&quot;:&quot;&quot;,&quot;orientation&quot;:&quot;0&quot;}\" data-image-title=\"IMG-20230629-WA0037\" data-image-description=\"\" data-image-caption=\"\" data-large-file=\"https:\/\/www.hoymercedes.com.ar\/principal\/wp-content\/uploads\/2023\/06\/IMG-20230629-WA0037.jpg\" src=\"https:\/\/www.hoymercedes.com.ar\/principal\/wp-content\/uploads\/2023\/06\/IMG-20230629-WA0037.jpg\" alt=\"\" class=\"wp-image-163991\" srcset=\"https:\/\/www.hoymercedes.com.ar\/principal\/wp-content\/uploads\/2023\/06\/IMG-20230629-WA0037.jpg 500w, https:\/\/www.hoymercedes.com.ar\/principal\/wp-content\/uploads\/2023\/06\/IMG-20230629-WA0037-150x150.jpg 150w\" sizes=\"auto, (max-width: 500px) 100vw, 500px\" \/><\/figure>\n<\/div>\n\n\n<p>Este viernes 30 de junio el cuarteto de Gustavo Nasutti llega a la ciudad con dos interesentes propuestas para los amates de la m\u00fasica.<\/p>\n\n\n\n<p>En principio y contando con el apoyo del Fondo Nacional de las Artes llevar\u00e1n a cabo un taller denominado \u201cSin Partituras\u201d en el Conservatorio de M\u00fasica de Mercedes (calle 12 entre 21 y 23). En el mismo se buscar\u00e1 explorar la escucha y la composici\u00f3n desde un m\u00e9todo experimental que surge de la interacci\u00f3n con el otro, sin la necesidad de las partituras.<\/p>\n\n\n\n<p>La propuesta est\u00e1 abierta a todo el p\u00fablico \u00e1vido de explorar estos caminos din\u00e1micos con el objetivo de nutrir a la inspiraci\u00f3n y la creaci\u00f3n musical. La cita est\u00e1 hecha para este viernes a las 16.30 horas convocando a m\u00fasicos y aficionados de cualquier instrumento para sumarse al taller.<\/p>\n\n\n\n<p><strong>Noche de concierto<\/strong><\/p>\n\n\n\n<p>Luego, este cuarteto tendr\u00e1 su presentaci\u00f3n en el Taller de Arte de Mar\u00eda Gabriela Luna, (calle 42 entre 25 y 27, N\u00ba 628) donde deleitar\u00e1n al p\u00fablico con su m\u00fasica que ronda estilos como lo folkl\u00f3rico, lo rioplatense y lo experimental. El inicio est\u00e1 pautado para 20.30 horas con reservaci\u00f3n previa y colaboraci\u00f3n \u201ca la gorra\u201d. Adem\u00e1s, abrir\u00e1 la noche Mar\u00eda Luj\u00e1n Luna quien pondr\u00e1 en juego su experiencia narrativa \u201cCanta y Cuenta\u201d.&nbsp;<\/p>\n\n\n\n<p>La singularidad de su obra radica en que su composici\u00f3n y arreglos emergen de un proceso de escucha, improvisaci\u00f3n y juego durante los ensayos, sin la mediaci\u00f3n de partituras, similar al taller que se llevar\u00e1 cabo horas antes en el Conservatorio.<\/p>\n\n\n\n<p>Este cuarteto de guitarras est\u00e1 liderado por Gustavo Nasuti junto a Gonzalo L\u00e1zaro, Mat\u00edas Peralta y Miguel Pesce quienes vienen con la propuesta desde el a\u00f1o 2020 y hora prometen expandir su por la ciudad de Mercedes con una doble jornada de calidad sonora.<\/p>\n","protected":false},"excerpt":{"rendered":"<p>Desde las 16.30 horas del viernes se llevar\u00e1 a cabo un taller de improvisaci\u00f3n y composici\u00f3n en el Conservatorio de &#8230; <a title=\"El Cuarteto Gustavo Nasutti llega a Mercedes con dos propuestas\" class=\"read-more\" href=\"https:\/\/www.hoymercedes.com.ar\/principal\/2023\/06\/29\/el-cuarteto-gustavo-nasutti-llega-a-mercedes-con-dos-propuestas\/\" aria-label=\"Leer m\u00e1s sobre El Cuarteto Gustavo Nasutti llega a Mercedes con dos propuestas\">Leer m\u00e1s<\/a><\/p>\n","protected":false},"author":1,"featured_media":163991,"comment_status":"closed","ping_status":"open","sticky":false,"template":"","format":"standard","meta":{"_monsterinsights_skip_tracking":false,"_monsterinsights_sitenote_active":false,"_monsterinsights_sitenote_note":"","_monsterinsights_sitenote_category":0,"jetpack_post_was_ever_published":false,"_jetpack_newsletter_access":"","_jetpack_dont_email_post_to_subs":false,"_jetpack_newsletter_tier_id":0,"_jetpack_memberships_contains_paywalled_content":false,"_jetpack_memberships_contains_paid_content":false,"footnotes":"","jetpack_publicize_message":"","jetpack_publicize_feature_enabled":true,"jetpack_social_post_already_shared":true,"jetpack_social_options":{"image_generator_settings":{"template":"highway","default_image_id":0,"font":"","enabled":false},"version":2},"_wpas_customize_per_network":false},"categories":[104],"tags":[7805],"class_list":["post-163990","post","type-post","status-publish","format-standard","has-post-thumbnail","hentry","category-cultura","tag-cultura","generate-columns","tablet-grid-50","mobile-grid-100","grid-parent","grid-50"],"jetpack_publicize_connections":[],"jetpack_featured_media_url":"https:\/\/www.hoymercedes.com.ar\/principal\/wp-content\/uploads\/2023\/06\/IMG-20230629-WA0037.jpg","wps_subtitle":"","jetpack_sharing_enabled":true,"_links":{"self":[{"href":"https:\/\/www.hoymercedes.com.ar\/principal\/wp-json\/wp\/v2\/posts\/163990","targetHints":{"allow":["GET"]}}],"collection":[{"href":"https:\/\/www.hoymercedes.com.ar\/principal\/wp-json\/wp\/v2\/posts"}],"about":[{"href":"https:\/\/www.hoymercedes.com.ar\/principal\/wp-json\/wp\/v2\/types\/post"}],"author":[{"embeddable":true,"href":"https:\/\/www.hoymercedes.com.ar\/principal\/wp-json\/wp\/v2\/users\/1"}],"replies":[{"embeddable":true,"href":"https:\/\/www.hoymercedes.com.ar\/principal\/wp-json\/wp\/v2\/comments?post=163990"}],"version-history":[{"count":0,"href":"https:\/\/www.hoymercedes.com.ar\/principal\/wp-json\/wp\/v2\/posts\/163990\/revisions"}],"wp:featuredmedia":[{"embeddable":true,"href":"https:\/\/www.hoymercedes.com.ar\/principal\/wp-json\/wp\/v2\/media\/163991"}],"wp:attachment":[{"href":"https:\/\/www.hoymercedes.com.ar\/principal\/wp-json\/wp\/v2\/media?parent=163990"}],"wp:term":[{"taxonomy":"category","embeddable":true,"href":"https:\/\/www.hoymercedes.com.ar\/principal\/wp-json\/wp\/v2\/categories?post=163990"},{"taxonomy":"post_tag","embeddable":true,"href":"https:\/\/www.hoymercedes.com.ar\/principal\/wp-json\/wp\/v2\/tags?post=163990"}],"curies":[{"name":"wp","href":"https:\/\/api.w.org\/{rel}","templated":true}]}}