{"id":164052,"date":"2023-07-02T11:12:46","date_gmt":"2023-07-02T14:12:46","guid":{"rendered":"https:\/\/www.hoymercedes.com.ar\/principal\/?p=164052"},"modified":"2023-07-02T11:14:54","modified_gmt":"2023-07-02T14:14:54","slug":"realizaran-actividades-a-la-memoria-de-los-palotinos-asesinados-en-1976","status":"publish","type":"post","link":"https:\/\/www.hoymercedes.com.ar\/principal\/2023\/07\/02\/realizaran-actividades-a-la-memoria-de-los-palotinos-asesinados-en-1976\/","title":{"rendered":"Realizar\u00e1n actividades a la memoria de los Palotinos asesinados en 1976"},"content":{"rendered":"\n<p>El venidero 4 de julio se recuerda un a\u00f1o m\u00e1s a los sacerdotes y seminaristas palotinos que en 1976 fueron asesinados en lo que se conoce como \u00abla Masacre de San Patricio\u00bb. En la Parroquia del barrio de Belgrano, hace 47 a\u00f1os, los sacerdotes Alfredo Leaden, Alfredo Kelly y Pedro Duffau, y los seminaristas Salvador Barbeito y Emilio Barletti fueron asesinados y hoy sus restos se encuentran en el Cementerio Municipal de Mercedes.<\/p>\n\n\n\n<p>A la memoria de los cinco palotinos, la Coordinaci\u00f3n de DDHH de Mercedes, Palotinos por la Memoria la Verdad y la Justicia y la Direcci\u00f3n de Cultura Municipal realizar\u00e1n una serie de actividades para el d\u00eda m\u00e1rtes 4 de julio. <\/p>\n\n\n\n<p>Por la ma\u00f1ana, 10 horas, se realizar\u00e1 una charla con la muestra art\u00edstica y documental \u201cJuntos vivieron, juntos murieron\u00bb. En Foyer del Teatro Argentino (prime piso) se presentar\u00e1n obras pl\u00e1sticas de Marcela Brown, Roberto Frangella y Javier Navarro Gallo. Tambi\u00e9n se exhibir\u00e1n fotograf\u00edas, documentos y objetos patrimoniales que pertenecieron a los sacerdotes y seminaristas (material aportado por Palotinos por la Memoria,la Verdad y la Justicia). La charla abierta para estudiantes del nivel secundario ser\u00e1 en la Sala B del teatro. \u00a0<\/p>\n\n\n\n<p>La muestra art\u00edstica y documental estar\u00e1 durante todo el mes de julio pudiendo visitarse de lunes a viernes de 9 a 14 hrs y de 17 a 20 hrs en Foyer Teatro Argentino \u00a0<\/p>\n\n\n\n<p>Al mediod\u00eda, en el\u00a0Cementerio Municipal donde se encuentran los restos de los curas palotinos Alfredo Leaden, Alfredo Kelly y Pedro Duffau, ya que los tres son originarios de Mercedes y Suipacha, se har\u00e1 el oficio religioso en su memoria a cargo de los P\u00e1rrocos de las Iglesias San Patricio de Mercedes y Belgrano. <\/p>\n\n\n\n<p>Por la tarde, el homenaje continuar\u00e1 en la Parroquia donde los tres sacerdotes cumpl\u00edan funciones. En la Iglesia San Patricio de Belgrano se har\u00e1 la misa a la hora 19 con el traslado a la oratorio de la alfombra roja sobre la cual fueron encontrados los cinco cad\u00e1veres acribillados. \u00a0A continuaci\u00f3n, 20 horas, se presentar\u00e1 un libro con homil\u00edas de Pedro Duffau en el Sal\u00f3n Parroquial de Belgrano. \u00a0<\/p>\n\n\n\n<p><\/p>\n","protected":false},"excerpt":{"rendered":"<p>El venidero 4 de julio se recuerda un a\u00f1o m\u00e1s a los sacerdotes y seminaristas palotinos que en 1976 fueron &#8230; <a title=\"Realizar\u00e1n actividades a la memoria de los Palotinos asesinados en 1976\" class=\"read-more\" href=\"https:\/\/www.hoymercedes.com.ar\/principal\/2023\/07\/02\/realizaran-actividades-a-la-memoria-de-los-palotinos-asesinados-en-1976\/\" aria-label=\"Leer m\u00e1s sobre Realizar\u00e1n actividades a la memoria de los Palotinos asesinados en 1976\">Leer m\u00e1s<\/a><\/p>\n","protected":false},"author":1,"featured_media":132845,"comment_status":"closed","ping_status":"open","sticky":false,"template":"","format":"standard","meta":{"_monsterinsights_skip_tracking":false,"_monsterinsights_sitenote_active":false,"_monsterinsights_sitenote_note":"","_monsterinsights_sitenote_category":0,"jetpack_post_was_ever_published":false,"_jetpack_newsletter_access":"","_jetpack_dont_email_post_to_subs":false,"_jetpack_newsletter_tier_id":0,"_jetpack_memberships_contains_paywalled_content":false,"_jetpack_memberships_contains_paid_content":false,"footnotes":"","jetpack_publicize_message":"","jetpack_publicize_feature_enabled":true,"jetpack_social_post_already_shared":true,"jetpack_social_options":{"image_generator_settings":{"template":"highway","default_image_id":0,"font":"","enabled":false},"version":2},"_wpas_customize_per_network":false},"categories":[8],"tags":[],"class_list":["post-164052","post","type-post","status-publish","format-standard","has-post-thumbnail","hentry","category-sociedad","generate-columns","tablet-grid-50","mobile-grid-100","grid-parent","grid-50"],"jetpack_publicize_connections":[],"jetpack_featured_media_url":"https:\/\/www.hoymercedes.com.ar\/principal\/wp-content\/uploads\/2021\/07\/04-palotinos.png","wps_subtitle":"","jetpack_sharing_enabled":true,"_links":{"self":[{"href":"https:\/\/www.hoymercedes.com.ar\/principal\/wp-json\/wp\/v2\/posts\/164052","targetHints":{"allow":["GET"]}}],"collection":[{"href":"https:\/\/www.hoymercedes.com.ar\/principal\/wp-json\/wp\/v2\/posts"}],"about":[{"href":"https:\/\/www.hoymercedes.com.ar\/principal\/wp-json\/wp\/v2\/types\/post"}],"author":[{"embeddable":true,"href":"https:\/\/www.hoymercedes.com.ar\/principal\/wp-json\/wp\/v2\/users\/1"}],"replies":[{"embeddable":true,"href":"https:\/\/www.hoymercedes.com.ar\/principal\/wp-json\/wp\/v2\/comments?post=164052"}],"version-history":[{"count":0,"href":"https:\/\/www.hoymercedes.com.ar\/principal\/wp-json\/wp\/v2\/posts\/164052\/revisions"}],"wp:featuredmedia":[{"embeddable":true,"href":"https:\/\/www.hoymercedes.com.ar\/principal\/wp-json\/wp\/v2\/media\/132845"}],"wp:attachment":[{"href":"https:\/\/www.hoymercedes.com.ar\/principal\/wp-json\/wp\/v2\/media?parent=164052"}],"wp:term":[{"taxonomy":"category","embeddable":true,"href":"https:\/\/www.hoymercedes.com.ar\/principal\/wp-json\/wp\/v2\/categories?post=164052"},{"taxonomy":"post_tag","embeddable":true,"href":"https:\/\/www.hoymercedes.com.ar\/principal\/wp-json\/wp\/v2\/tags?post=164052"}],"curies":[{"name":"wp","href":"https:\/\/api.w.org\/{rel}","templated":true}]}}