{"id":164107,"date":"2023-07-04T00:54:35","date_gmt":"2023-07-04T03:54:35","guid":{"rendered":"https:\/\/www.hoymercedes.com.ar\/principal\/?p=164107"},"modified":"2023-07-04T00:55:18","modified_gmt":"2023-07-04T03:55:18","slug":"el-disco-del-polaco-zelazek-esta-masterizado","status":"publish","type":"post","link":"https:\/\/www.hoymercedes.com.ar\/principal\/2023\/07\/04\/el-disco-del-polaco-zelazek-esta-masterizado\/","title":{"rendered":"El disco del Polaco Zelazek est\u00e1 masterizado y listo"},"content":{"rendered":"\n<p>Por Fernando Viloria &#8211; Luego de 10 meses incesantes de grabaci\u00f3n en la ciudad de Mercedes, Provincia de Buenos Aires para el disco del Polaco Zelazek, bajista de Violadores, donde se plasmaron y produjeron las canciones que integran su disco solista coordinando m\u00fasicos de trayectoria nacional y local. <\/p>\n\n\n<div class=\"wp-block-image\">\n<figure class=\"aligncenter size-full\"><img loading=\"lazy\" decoding=\"async\" width=\"800\" height=\"530\" data-attachment-id=\"164108\" data-permalink=\"https:\/\/www.hoymercedes.com.ar\/principal\/2023\/07\/04\/el-disco-del-polaco-zelazek-esta-masterizado\/musicos-mercedinos-y-el-polaco\/#main\" data-orig-file=\"https:\/\/www.hoymercedes.com.ar\/principal\/wp-content\/uploads\/2023\/07\/Musicos-mercedinos-y-el-Polaco.jpg\" data-orig-size=\"800,530\" data-comments-opened=\"0\" data-image-meta=\"{&quot;aperture&quot;:&quot;0&quot;,&quot;credit&quot;:&quot;&quot;,&quot;camera&quot;:&quot;&quot;,&quot;caption&quot;:&quot;&quot;,&quot;created_timestamp&quot;:&quot;0&quot;,&quot;copyright&quot;:&quot;&quot;,&quot;focal_length&quot;:&quot;0&quot;,&quot;iso&quot;:&quot;0&quot;,&quot;shutter_speed&quot;:&quot;0&quot;,&quot;title&quot;:&quot;&quot;,&quot;orientation&quot;:&quot;0&quot;}\" data-image-title=\"M\u00fasicos mercedinos y el Polaco\" data-image-description=\"\" data-image-caption=\"\" data-large-file=\"https:\/\/www.hoymercedes.com.ar\/principal\/wp-content\/uploads\/2023\/07\/Musicos-mercedinos-y-el-Polaco.jpg\" src=\"https:\/\/www.hoymercedes.com.ar\/principal\/wp-content\/uploads\/2023\/07\/Musicos-mercedinos-y-el-Polaco.jpg\" alt=\"\" class=\"wp-image-164108\" srcset=\"https:\/\/www.hoymercedes.com.ar\/principal\/wp-content\/uploads\/2023\/07\/Musicos-mercedinos-y-el-Polaco.jpg 800w, https:\/\/www.hoymercedes.com.ar\/principal\/wp-content\/uploads\/2023\/07\/Musicos-mercedinos-y-el-Polaco-630x417.jpg 630w, https:\/\/www.hoymercedes.com.ar\/principal\/wp-content\/uploads\/2023\/07\/Musicos-mercedinos-y-el-Polaco-150x99.jpg 150w, https:\/\/www.hoymercedes.com.ar\/principal\/wp-content\/uploads\/2023\/07\/Musicos-mercedinos-y-el-Polaco-700x465.jpg 700w\" sizes=\"auto, (max-width: 800px) 100vw, 800px\" \/><\/figure>\n<\/div>\n\n\n<p>Son 22 temas con covers elegidos por los m\u00fasicos amigos que las interpretan en poderosas versiones, m\u00e1s composiciones propias de su carrera El tema \u201dGot the time\u201d de Joe Jackson en la versi\u00f3n de los thrashers Anthrax, lo cant\u00f3 Leonel Suite de Turbocoopers, qui\u00e9n es tambi\u00e9n guitarrista de Gatos Sucio y Walter Mart\u00ednez en bater\u00eda de Vorax, el Polaco Zelazek en bajo, Alejo Le\u00f3n y Diego Vel\u00e1zquez en guitarras, con Tula Ismael y Diego Vel\u00e1zquez en coros.<\/p>\n\n\n\n<p>En los estudios Inroom de nuestra ciudad, Sergio Gram\u00e1tica, batero de Los Violadores eligi\u00f3 el tema de Misfits \u201cAttitude\u201d en la versi\u00f3n de Guns &amp; Roses, donde toc\u00f3 ycant\u00f3 en ingles. Junto al Polaco Zelazek en bajo, Diego de Judadi en coros y Diego Vel\u00e1zquez en guitarra. Adem\u00e1s con los hermanos de Judadi en voz y guitarra grabaron \u201cSin ataduras\u201d de Violadores.<\/p>\n\n\n\n<p>Tulio Pozzio que fue el batero de Pilsen y Audiofur\u00eda, con Pablo \u201cEl Ara\u00f1a\u201d, bajista de Malicia y Viejos Pat\u00e9ticos, hicieron \u201cJerk\u201d un tema de Neurotic Outsiders, la banda del ex Sex Pistols Steve Jones, donde cant\u00f3 el mercedino Lea Flores de Da Skate y su proyecto solista, que ya present\u00f3 disco oficialmente. Adem\u00e1s se encargo de los arreglos vocales en coros.<\/p>\n\n\n\n<p>Anel Paz en guitarra ex Violadores, Leo Nievas que fue el primer cantante de Animal y el Griego ex baterista de Alakr\u00e1n y Pappo, son la formaci\u00f3n original de la banda Animal sin puntitos, todos juntos eligieron la canci\u00f3n \u201cEstoy peleando aqu\u00ed\u201d que es del disco de 1995 de Violadores \u201cOtra patada en los huevos\u201d, con Alejo L\u00f3pez Le\u00f3n en los solos de guitarra.<\/p>\n\n\n\n<p>El Ni\u00f1o, bajista de The Ni\u00f1os y en alg\u00fan momento tambi\u00e9n de Los Violadores cant\u00f3 \u201cFire and Gasoline\u201d del disco hom\u00f3nimo solista de Steve Jones.. Con las guitarras de los locales Marcos Porcar de Senomar, Big Guap y Lea Flores junto a Diego Vel\u00e1zquez de Salvaje y Aristarko.<\/p>\n\n\n\n<p>Alejo Le\u00f3n en guitarra y Nahuel Fusco en voz de Mot\u00edn y la Negracha, Eddy Hain de Plasyer y Demencia en bater\u00eda interpretaron el tango \u201cBarrio Pobre\u201d en versi\u00f3n heavy.Renzo Favaro, hermano de la reconocida cantante lirica Oriana Favaro, y vocalista de Jeriko y su proyecto Fughu, Renzo interpret\u00f3 la canci\u00f3n de Queen \u201cTie your mother down\u201d, donde grab\u00f3 bajo el Polaco, la bater\u00eda Tula Ismael de Angeto y Lea Flores,las guitarras de Diego Vel\u00e1zquez y Rub\u00e9n Mart\u00ednez de la banda Vorax. El mercedino Rodrigo Herrera hizo los arreglos de coros.<\/p>\n\n\n\n<p>El Topo bajista de Horcas junto a los mercedinos Diego Vel\u00e1zquez en segunda guitarra, Mariano Mirko de Aristarko en primera guitarra, Eddy Hain en bater\u00eda y Agust\u00edn Stoner Vitta de Voodoo con su poderosa voz cant\u00f3 \u201cDestrucci\u00f3n\u201d de V8, qued\u00f3 una joya.&nbsp;<\/p>\n\n\n\n<p>El carism\u00e1tico cantante Checha de Superuva,&nbsp; con Gustavo \u201cVampiro\u201d Jim\u00e9nez,&nbsp; asistente hist\u00f3rico del Polaco, grab\u00f3 bater\u00eda en la canci\u00f3n de Siniestro Total \u201cTe quiero.\u201d .donde las guitarras son de los locales Esteban Ismael, Diego Vel\u00e1zquez y el Polaco bajo.&nbsp;&nbsp;<\/p>\n\n\n\n<p>Sissi Hansen hist\u00f3rica cantante del punk argentino puso su voz al tema \u201cOne way or another\u201d de Blondie., la acompa\u00f1ar\u00e1n los mercedinos Tula Ismael en la bater\u00eda, Diego Vel\u00e1zquez en guitarras. Luego se sum\u00f3 Joana Gieco en teclados y el Polaco Zelazek en bajo.&nbsp;<\/p>\n\n\n\n<p>Leonel Suite integra los legendarios Gatos Sucios y Turbocoopers sum\u00f3 su guitarra y voz al tema \u201cBathroom Wall\u201d de Faster Pussycat, cuyo batero internacional, el fen\u00f3meno de Chad Stewart grab\u00f3 las batas, el Polaco el bajo y los coros de los mercedinos Diego Vel\u00e1zquez y Tula Ismael&nbsp;&nbsp;<\/p>\n\n\n\n<p>&nbsp;Marcelo \u00bb Poca Vida\u201d Araneo, artista underground, multifac\u00e9tico de los inicios del punk rock porte\u00f1o a comienzos de los&nbsp; a\u00f1os 80. Vocalista, performer, divulgador contracultural lleva cuatro d\u00e9cadas consecutivas exponiendo su singular estilo, Killer Shock Rock en el circuito alternativo con bandas como Los Baraja y Cad\u00e1veres. Interpret\u00f3 un tema de Gigi Allin, \u201cBite your scum\u201d junto a los&nbsp; locales Eddy Hain en bater\u00eda y&nbsp; Diego Vel\u00e1zquez en guitarra.&nbsp;<\/p>\n\n\n\n<p>Santi Hellnoise bajista y Petro baterista de la banda Hueso orientada al crossover entre el thrash, death y hard core. Grabaron el tema \u00abI wanna be your dog\u00bb de The Stooges. Con Larry Zavala cantante y compositor argentino de\u202fthrash metal (Nepal) en la voz y el Polaco y Alejo Le\u00f3n en guitarras y Joana Gieco en teclados.&nbsp;<\/p>\n\n\n\n<p>Horacio \u201cBatra\u201d Luna, cantante y bajista de El Sepulcro Punk desde 1992 y bajista de Responsables no Inscriptos, vino a grabar voces, coros, guitarras y bajo para el tema \u201cNo hay tregua\u201d de Barricada, con Tula Ismael en bater\u00eda y Diego Vel\u00e1zquez en guitarra.&nbsp;<\/p>\n\n\n\n<p>Esteban Bojorge baterista de Senomar, y Big Guap finalmente fue qui\u00e9n grabo los parches para \u201cLittle devil\u201d de The Cult, que cant\u00f3 el Hippie junto a Juli\u00e1n Alallouf en guitarra&nbsp; y Marcos Porcar de Lea Flores y Big Guap puso sus guitarras para la canci\u00f3n de Steve Jones \u201cFire &amp; Gasoline\u201d,&nbsp; Diego Vel\u00e1zquez grab\u00f3 guitarras para el tema \u201cBite your scum\u201d de Gigi Allin y&nbsp; el multifac\u00e9tico m\u00fasico Eddy Hain, la bater\u00eda, adem\u00e1s plasm\u00f3 con contundencia los parches y platos para la canci\u00f3n \u201cWhiskey in the jar\u201dde la agrupaci\u00f3n Thin Lizzy.&nbsp;&nbsp;<\/p>\n\n\n\n<p>Daniel \u201cTano\u201d Abruzzese, metalero de los 80 cantante de Cr\u00e1neo y Dhak\u00a0 aport\u00f3 coros junto a Guillermo \u00abTemo\u00bb Romero cantante y \u202fcofundador de Serpentor banda de thrash metal oriunda de la zona oeste, se encarg\u00f3 de cantar en versi\u00f3n Metallica \u201cWhiskey in the jar\u201d en castellano y Agust\u00edn Vitta sum\u00f3 coros. Lucas \u00abCastor\u00bb Simcic, aport\u00f3 aport\u00f3 guitarras junto a Diego Vel\u00e1zquez. Guille Wallace de Instinto DC en bata y Zelazekel bajo, conformaron un combo explosivo.<\/p>\n\n\n\n<p>Rub\u00e9n Mart\u00ednez de Vorax cant\u00f3 y toc\u00f3 la guitara en \u201cLos rockeros van al infierno\u201d de los espa\u00f1oles Bar\u00f3n Rojo, donde Lucas \u00abCastor\u00bb Simcic, quien comparti\u00f3 escenario con bandas como \u201cBlack Sabbath\u201d, \u00abSlayer\u00bb, \u201cMegadeth\u201d, \u201cSepultura\u201d, \u201cAnthrax\u201d, \u00abExodus\u00bb, ex Horcas hoy en A.N.T, grab\u00f3 guitarras con Diego Vel\u00e1zquez y solos del tema <\/p>\n\n\n\n<p>Y como broche de metal inoxidable Ricardo Iorio, ex V8, Herm\u00e9tica, Almafuerte, Iorio, fundador del heavy metal nacional, cant\u00f3 una reversi\u00f3n del tema \u201cRepresi\u00f3n\u201d de Violadores en su personal visi\u00f3n como \u201cCorrupci\u00f3n\u201d en los coros con Agust\u00edn Vitta y DiegoVel\u00e1zquez, tambi\u00e9n en guitarra, Luciano Ismael en bater\u00eda y el Polaco en guitarras y bajo. Cerrando un ciclo de marat\u00f3nicas grabaciones con diferentes m\u00fasicos, se realizaron las mezclas y lo masteriz\u00f3 en Polonia pensando en la edici\u00f3n f\u00edsica del disco que ya tiene ofertas de varias discogr\u00e1ficas para editarlo y avanza el dise\u00f1o de la gr\u00e1fica.<\/p>\n\n\n\n<p>Finalmente se sum\u00f3 al disco la reconocida cantante l\u00edrica argentina Oriana Favaro desde Alemania y cant\u00f3 \u201cFeeling Good\u201d de Nina Simone, donde el m\u00fasico local Claudio Rosa grab\u00f3 teclados, Tula Ismael bater\u00eda y Diego Vel\u00e1zquez en guitarra. Alejo L\u00f3pez Le\u00f3n en primera guitarra y desde Polonia el sobrino del Polaco Adalberto grab\u00f3 bajo completando la lista. <\/p>\n\n\n\n<p>Como bonus track van dos temas propios originales, \u201cCorriendo por la cornisa\u201d queel Polaco grab\u00f3 con Anel Paz, donde cantaron todos coros por ejemplo Sergio Gram\u00e1tica,El Topo, los hermanos Mart\u00ednez, Checha, etc, etc, con el m\u00fasico internacional Brain Wilson el batero de Yngwie Malmsteen y \u201cBajo ninguna bandera\u201d que hizo el Polaco en Alemania tocando bajos y guitarras con David Balvina cantante de los Argies, el solo de guitarra es de Rub\u00e9n Mart\u00ednez y el \u201cVampi\u201d Gim\u00e9nez en bater\u00eda. Redondeando un interesante material de canciones y m\u00fasicos de nivel para o\u00eddos exigentes y buen gusto.. <\/p>\n\n\n\n<p><\/p>\n","protected":false},"excerpt":{"rendered":"<p>Por Fernando Viloria &#8211; Luego de 10 meses incesantes de grabaci\u00f3n en la ciudad de Mercedes, Provincia de Buenos Aires &#8230; <a title=\"El disco del Polaco Zelazek est\u00e1 masterizado y listo\" class=\"read-more\" href=\"https:\/\/www.hoymercedes.com.ar\/principal\/2023\/07\/04\/el-disco-del-polaco-zelazek-esta-masterizado\/\" aria-label=\"Leer m\u00e1s sobre El disco del Polaco Zelazek est\u00e1 masterizado y listo\">Leer m\u00e1s<\/a><\/p>\n","protected":false},"author":1,"featured_media":164109,"comment_status":"closed","ping_status":"open","sticky":false,"template":"","format":"standard","meta":{"_monsterinsights_skip_tracking":false,"_monsterinsights_sitenote_active":false,"_monsterinsights_sitenote_note":"","_monsterinsights_sitenote_category":0,"jetpack_post_was_ever_published":false,"_jetpack_newsletter_access":"","_jetpack_dont_email_post_to_subs":false,"_jetpack_newsletter_tier_id":0,"_jetpack_memberships_contains_paywalled_content":false,"_jetpack_memberships_contains_paid_content":false,"footnotes":"","jetpack_publicize_message":"","jetpack_publicize_feature_enabled":true,"jetpack_social_post_already_shared":true,"jetpack_social_options":{"image_generator_settings":{"template":"highway","default_image_id":0,"font":"","enabled":false},"version":2},"_wpas_customize_per_network":false},"categories":[104],"tags":[7805],"class_list":["post-164107","post","type-post","status-publish","format-standard","has-post-thumbnail","hentry","category-cultura","tag-cultura","generate-columns","tablet-grid-50","mobile-grid-100","grid-parent","grid-50"],"jetpack_publicize_connections":[],"jetpack_featured_media_url":"https:\/\/www.hoymercedes.com.ar\/principal\/wp-content\/uploads\/2023\/07\/Los-musicos-mercedinos-del-disco-del-Polaco.jpg","wps_subtitle":"","jetpack_sharing_enabled":true,"_links":{"self":[{"href":"https:\/\/www.hoymercedes.com.ar\/principal\/wp-json\/wp\/v2\/posts\/164107","targetHints":{"allow":["GET"]}}],"collection":[{"href":"https:\/\/www.hoymercedes.com.ar\/principal\/wp-json\/wp\/v2\/posts"}],"about":[{"href":"https:\/\/www.hoymercedes.com.ar\/principal\/wp-json\/wp\/v2\/types\/post"}],"author":[{"embeddable":true,"href":"https:\/\/www.hoymercedes.com.ar\/principal\/wp-json\/wp\/v2\/users\/1"}],"replies":[{"embeddable":true,"href":"https:\/\/www.hoymercedes.com.ar\/principal\/wp-json\/wp\/v2\/comments?post=164107"}],"version-history":[{"count":0,"href":"https:\/\/www.hoymercedes.com.ar\/principal\/wp-json\/wp\/v2\/posts\/164107\/revisions"}],"wp:featuredmedia":[{"embeddable":true,"href":"https:\/\/www.hoymercedes.com.ar\/principal\/wp-json\/wp\/v2\/media\/164109"}],"wp:attachment":[{"href":"https:\/\/www.hoymercedes.com.ar\/principal\/wp-json\/wp\/v2\/media?parent=164107"}],"wp:term":[{"taxonomy":"category","embeddable":true,"href":"https:\/\/www.hoymercedes.com.ar\/principal\/wp-json\/wp\/v2\/categories?post=164107"},{"taxonomy":"post_tag","embeddable":true,"href":"https:\/\/www.hoymercedes.com.ar\/principal\/wp-json\/wp\/v2\/tags?post=164107"}],"curies":[{"name":"wp","href":"https:\/\/api.w.org\/{rel}","templated":true}]}}