{"id":164178,"date":"2023-07-05T08:33:00","date_gmt":"2023-07-05T11:33:00","guid":{"rendered":"https:\/\/www.hoymercedes.com.ar\/principal\/?p=164178"},"modified":"2023-07-04T22:06:23","modified_gmt":"2023-07-05T01:06:23","slug":"municipio-trabaja-en-la-jerarquizacion-de-la-vereda-de-biblioteca-sarmiento","status":"publish","type":"post","link":"https:\/\/www.hoymercedes.com.ar\/principal\/2023\/07\/05\/municipio-trabaja-en-la-jerarquizacion-de-la-vereda-de-biblioteca-sarmiento\/","title":{"rendered":"Municipio trabaja en la jerarquizaci\u00f3n de la vereda de Biblioteca Sarmiento\u00a0"},"content":{"rendered":"\n<figure class=\"wp-block-image size-large\"><img loading=\"lazy\" decoding=\"async\" width=\"1024\" height=\"575\" data-attachment-id=\"164184\" data-permalink=\"https:\/\/www.hoymercedes.com.ar\/principal\/2023\/07\/05\/municipio-trabaja-en-la-jerarquizacion-de-la-vereda-de-biblioteca-sarmiento\/biblioteca-veredas\/#main\" data-orig-file=\"https:\/\/www.hoymercedes.com.ar\/principal\/wp-content\/uploads\/2023\/07\/Biblioteca-Veredas.jpeg\" data-orig-size=\"1280,719\" data-comments-opened=\"0\" data-image-meta=\"{&quot;aperture&quot;:&quot;0&quot;,&quot;credit&quot;:&quot;&quot;,&quot;camera&quot;:&quot;&quot;,&quot;caption&quot;:&quot;&quot;,&quot;created_timestamp&quot;:&quot;0&quot;,&quot;copyright&quot;:&quot;&quot;,&quot;focal_length&quot;:&quot;0&quot;,&quot;iso&quot;:&quot;0&quot;,&quot;shutter_speed&quot;:&quot;0&quot;,&quot;title&quot;:&quot;&quot;,&quot;orientation&quot;:&quot;0&quot;}\" data-image-title=\"Biblioteca-Veredas\" data-image-description=\"\" data-image-caption=\"\" data-large-file=\"https:\/\/www.hoymercedes.com.ar\/principal\/wp-content\/uploads\/2023\/07\/Biblioteca-Veredas-1024x575.jpeg\" src=\"https:\/\/www.hoymercedes.com.ar\/principal\/wp-content\/uploads\/2023\/07\/Biblioteca-Veredas-1024x575.jpeg\" alt=\"\" class=\"wp-image-164184\" srcset=\"https:\/\/www.hoymercedes.com.ar\/principal\/wp-content\/uploads\/2023\/07\/Biblioteca-Veredas-1024x575.jpeg 1024w, https:\/\/www.hoymercedes.com.ar\/principal\/wp-content\/uploads\/2023\/07\/Biblioteca-Veredas-630x354.jpeg 630w, https:\/\/www.hoymercedes.com.ar\/principal\/wp-content\/uploads\/2023\/07\/Biblioteca-Veredas-150x84.jpeg 150w, https:\/\/www.hoymercedes.com.ar\/principal\/wp-content\/uploads\/2023\/07\/Biblioteca-Veredas.jpeg 1280w\" sizes=\"auto, (max-width: 1024px) 100vw, 1024px\" \/><\/figure>\n\n\n\n<p>El Municipio de Mercedes sigue atendiendo y escuchando a las diferentes instituciones de la ciudad, contin\u00faa trabajando en el sostenimiento y embellecimiento de establecimientos y lugares emblem\u00e1ticos de la comunidad. Este es un trabajo mancomunado entre el municipio, la Direcci\u00f3n de Participaci\u00f3n Ciudadana y Relaciones con la Comunidad, La Comisi\u00f3n de Patrimonio Hist\u00f3rico y la biblioteca Sarmiento. En esta ocasi\u00f3n el \u00e1rea de servicios p\u00fablicos municipal est\u00e1 ejecutando una importante obra en su vereda.&nbsp;<\/p>\n\n\n\n<p>Luis Ponce, subsecretario de obras p\u00fablicas cont\u00f3 \u201cla directora de Participaci\u00f3n Ciudadana y Relaciones con la Comunidad, Mariana San Mart\u00edn ven\u00eda hace un tiempo trabajando con las autoridades de la biblioteca, donde en una primera etapa se repararon y colocaron nuevas farolas y luminarias, y ahora estamos reparando todo lo que es la vereda de hormig\u00f3n\u201d y apunt\u00f3 \u201cestamos haciendo toda la vereda nueva, y en inmediaciones de la biblioteca, los chicos de seguridad vial est\u00e1n trabajando en la pintada de los cruces peatonales\u201d.&nbsp;<\/p>\n\n\n\n<p>\u201cDesde el Municipio, el intendente Ustarroz, teniendo en cuenta que este es un monumento hist\u00f3rico y todo lo que ello implica para la cultura de Mercedes, se decidi\u00f3 llevar adelante esta obra que no s\u00f3lo mejora la fachada del lugar, sino, adem\u00e1s, brinda mayor seguridad para todos los vecinos que por all\u00ed pasan\u201d se\u00f1al\u00f3 Ponce y agreg\u00f3 \u201c\u201csabiendo la importancia tanto educativa como el emblema que este edificio es para la ciudad el Dr. Ustarroz tom\u00f3 la determinaci\u00f3n de colaborar con este lugar tan afecto para todos\u201d.&nbsp;<\/p>\n","protected":false},"excerpt":{"rendered":"<p>El Municipio de Mercedes sigue atendiendo y escuchando a las diferentes instituciones de la ciudad, contin\u00faa trabajando en el sostenimiento &#8230; <a title=\"Municipio trabaja en la jerarquizaci\u00f3n de la vereda de Biblioteca Sarmiento\u00a0\" class=\"read-more\" href=\"https:\/\/www.hoymercedes.com.ar\/principal\/2023\/07\/05\/municipio-trabaja-en-la-jerarquizacion-de-la-vereda-de-biblioteca-sarmiento\/\" aria-label=\"Leer m\u00e1s sobre Municipio trabaja en la jerarquizaci\u00f3n de la vereda de Biblioteca Sarmiento\u00a0\">Leer m\u00e1s<\/a><\/p>\n","protected":false},"author":1,"featured_media":164184,"comment_status":"closed","ping_status":"open","sticky":false,"template":"","format":"standard","meta":{"_monsterinsights_skip_tracking":false,"_monsterinsights_sitenote_active":false,"_monsterinsights_sitenote_note":"","_monsterinsights_sitenote_category":0,"jetpack_post_was_ever_published":false,"_jetpack_newsletter_access":"","_jetpack_dont_email_post_to_subs":false,"_jetpack_newsletter_tier_id":0,"_jetpack_memberships_contains_paywalled_content":false,"_jetpack_memberships_contains_paid_content":false,"footnotes":"","jetpack_publicize_message":"","jetpack_publicize_feature_enabled":true,"jetpack_social_post_already_shared":true,"jetpack_social_options":{"image_generator_settings":{"template":"highway","default_image_id":0,"font":"","enabled":false},"version":2},"_wpas_customize_per_network":false},"categories":[30],"tags":[3066],"class_list":["post-164178","post","type-post","status-publish","format-standard","has-post-thumbnail","hentry","category-municipio","tag-biblioteca-sarmiento","generate-columns","tablet-grid-50","mobile-grid-100","grid-parent","grid-50"],"jetpack_publicize_connections":[],"jetpack_featured_media_url":"https:\/\/www.hoymercedes.com.ar\/principal\/wp-content\/uploads\/2023\/07\/Biblioteca-Veredas.jpeg","wps_subtitle":"Obra p\u00fablica","jetpack_sharing_enabled":true,"_links":{"self":[{"href":"https:\/\/www.hoymercedes.com.ar\/principal\/wp-json\/wp\/v2\/posts\/164178","targetHints":{"allow":["GET"]}}],"collection":[{"href":"https:\/\/www.hoymercedes.com.ar\/principal\/wp-json\/wp\/v2\/posts"}],"about":[{"href":"https:\/\/www.hoymercedes.com.ar\/principal\/wp-json\/wp\/v2\/types\/post"}],"author":[{"embeddable":true,"href":"https:\/\/www.hoymercedes.com.ar\/principal\/wp-json\/wp\/v2\/users\/1"}],"replies":[{"embeddable":true,"href":"https:\/\/www.hoymercedes.com.ar\/principal\/wp-json\/wp\/v2\/comments?post=164178"}],"version-history":[{"count":0,"href":"https:\/\/www.hoymercedes.com.ar\/principal\/wp-json\/wp\/v2\/posts\/164178\/revisions"}],"wp:featuredmedia":[{"embeddable":true,"href":"https:\/\/www.hoymercedes.com.ar\/principal\/wp-json\/wp\/v2\/media\/164184"}],"wp:attachment":[{"href":"https:\/\/www.hoymercedes.com.ar\/principal\/wp-json\/wp\/v2\/media?parent=164178"}],"wp:term":[{"taxonomy":"category","embeddable":true,"href":"https:\/\/www.hoymercedes.com.ar\/principal\/wp-json\/wp\/v2\/categories?post=164178"},{"taxonomy":"post_tag","embeddable":true,"href":"https:\/\/www.hoymercedes.com.ar\/principal\/wp-json\/wp\/v2\/tags?post=164178"}],"curies":[{"name":"wp","href":"https:\/\/api.w.org\/{rel}","templated":true}]}}