{"id":164260,"date":"2023-07-06T21:37:26","date_gmt":"2023-07-07T00:37:26","guid":{"rendered":"https:\/\/www.hoymercedes.com.ar\/principal\/?p=164260"},"modified":"2023-07-08T01:19:42","modified_gmt":"2023-07-08T04:19:42","slug":"para-de-colectivos-tambien-afecta-a-nuestra-ciudad","status":"publish","type":"post","link":"https:\/\/www.hoymercedes.com.ar\/principal\/2023\/07\/06\/para-de-colectivos-tambien-afecta-a-nuestra-ciudad\/","title":{"rendered":"Paro de colectivos tambi\u00e9n afecta a nuestra ciudad"},"content":{"rendered":"\n<p><\/p>\n\n\n\n<p>El paro decretado por <strong>UTA<\/strong> afecta tambi\u00e9n a nuestra localidad. Cientos de pasajeros quedaron varados tras el adelantamiento de la medida de fuerza que afect\u00f3, fundamentalmente, a la l\u00ednea<strong> Atl\u00e1ntida 57.<\/strong><\/p>\n\n\n\n<p>No se sabe en principio a qu\u00e9 hora se levantar\u00e1.<\/p>\n\n\n\n<p>En cuanto a la Terminal de Mercedes est\u00e1 dando respuesta, pero tener paciencia porque las l\u00edneas est\u00e1n saturadas por razones l\u00f3gicas de demanda.<\/p>\n\n\n\n<p>En el escrito difundido desde la organizaci\u00f3n, se quejaron: \u201cNos cansamos de repetir que un sindicato nacional debe negociar para todo el pa\u00eds y no s\u00f3lo para la regi\u00f3n metropolitana de Buenos Aires, donde ya Fern\u00e1ndez no solo no consigue firmar un acuerdo &#8211; luego de prometer que si no consegu\u00eda un acuerdo salarial se ir\u00eda del gremio- sino que ni siquiera consigue hacer que se cumplan los aumentos otorgados desde el Estado\u201d.<\/p>\n\n\n\n<p>Y sostuvieron que \u00abNo permitiremos a los grupos monop\u00f3licos que pretenden ejercer presi\u00f3n sobre las Autoridades Nacionales para obtener mayores recursos econ\u00f3micos, que generen su discusi\u00f3n en los espacios y las instancias adecuadas, y no utilicen a los trabajadores y a los usuarios como rehenes de sus pedidos sectoriales\u00bb, aduce la UTA en el texto.<\/p>\n","protected":false},"excerpt":{"rendered":"<p>El paro decretado por UTA afecta tambi\u00e9n a nuestra localidad. Cientos de pasajeros quedaron varados tras el adelantamiento de la &#8230; <a title=\"Paro de colectivos tambi\u00e9n afecta a nuestra ciudad\" class=\"read-more\" href=\"https:\/\/www.hoymercedes.com.ar\/principal\/2023\/07\/06\/para-de-colectivos-tambien-afecta-a-nuestra-ciudad\/\" aria-label=\"Leer m\u00e1s sobre Paro de colectivos tambi\u00e9n afecta a nuestra ciudad\">Leer m\u00e1s<\/a><\/p>\n","protected":false},"author":1,"featured_media":48654,"comment_status":"closed","ping_status":"open","sticky":false,"template":"","format":"standard","meta":{"_monsterinsights_skip_tracking":false,"_monsterinsights_sitenote_active":false,"_monsterinsights_sitenote_note":"","_monsterinsights_sitenote_category":0,"jetpack_post_was_ever_published":false,"_jetpack_newsletter_access":"","_jetpack_dont_email_post_to_subs":false,"_jetpack_newsletter_tier_id":0,"_jetpack_memberships_contains_paywalled_content":false,"_jetpack_memberships_contains_paid_content":false,"footnotes":"","jetpack_publicize_message":"","jetpack_publicize_feature_enabled":true,"jetpack_social_post_already_shared":true,"jetpack_social_options":{"image_generator_settings":{"template":"highway","default_image_id":0,"font":"","enabled":false},"version":2},"_wpas_customize_per_network":false},"categories":[8],"tags":[7120],"class_list":["post-164260","post","type-post","status-publish","format-standard","has-post-thumbnail","hentry","category-sociedad","tag-paro-de-colectivos","generate-columns","tablet-grid-50","mobile-grid-100","grid-parent","grid-50"],"jetpack_publicize_connections":[],"jetpack_featured_media_url":"https:\/\/www.hoymercedes.com.ar\/principal\/wp-content\/uploads\/2016\/04\/Atl\u00e1ntida57-Mercedes.jpg","wps_subtitle":"Reclamos de derechos ","jetpack_sharing_enabled":true,"_links":{"self":[{"href":"https:\/\/www.hoymercedes.com.ar\/principal\/wp-json\/wp\/v2\/posts\/164260","targetHints":{"allow":["GET"]}}],"collection":[{"href":"https:\/\/www.hoymercedes.com.ar\/principal\/wp-json\/wp\/v2\/posts"}],"about":[{"href":"https:\/\/www.hoymercedes.com.ar\/principal\/wp-json\/wp\/v2\/types\/post"}],"author":[{"embeddable":true,"href":"https:\/\/www.hoymercedes.com.ar\/principal\/wp-json\/wp\/v2\/users\/1"}],"replies":[{"embeddable":true,"href":"https:\/\/www.hoymercedes.com.ar\/principal\/wp-json\/wp\/v2\/comments?post=164260"}],"version-history":[{"count":0,"href":"https:\/\/www.hoymercedes.com.ar\/principal\/wp-json\/wp\/v2\/posts\/164260\/revisions"}],"wp:featuredmedia":[{"embeddable":true,"href":"https:\/\/www.hoymercedes.com.ar\/principal\/wp-json\/wp\/v2\/media\/48654"}],"wp:attachment":[{"href":"https:\/\/www.hoymercedes.com.ar\/principal\/wp-json\/wp\/v2\/media?parent=164260"}],"wp:term":[{"taxonomy":"category","embeddable":true,"href":"https:\/\/www.hoymercedes.com.ar\/principal\/wp-json\/wp\/v2\/categories?post=164260"},{"taxonomy":"post_tag","embeddable":true,"href":"https:\/\/www.hoymercedes.com.ar\/principal\/wp-json\/wp\/v2\/tags?post=164260"}],"curies":[{"name":"wp","href":"https:\/\/api.w.org\/{rel}","templated":true}]}}