{"id":16427,"date":"2012-09-25T00:12:27","date_gmt":"2012-09-25T00:12:27","guid":{"rendered":"http:\/\/www.hoymercedes.com.ar\/principal\/?p=16427"},"modified":"2012-09-25T00:16:24","modified_gmt":"2012-09-25T00:16:24","slug":"importante-marco-de-publico-en-procesion-junto-a-la-virgen","status":"publish","type":"post","link":"https:\/\/www.hoymercedes.com.ar\/principal\/2012\/09\/25\/importante-marco-de-publico-en-procesion-junto-a-la-virgen\/","title":{"rendered":"Importante marco de p\u00fablico en procesi\u00f3n junto a la Virgen"},"content":{"rendered":"<p>Se llev\u00f3 a cabo en la tarde de este lunes la tradicional procesi\u00f3n junto a la\u00a0Fiestas Patronales en honor a la Sant\u00edsima Virgen de las Mercedes bajo un importante marco de p\u00fablico.<\/p>\n<p>Luego, al arribo frente a la Catedral y la Plaza San Mart\u00edn, se continuaron las celebraciones donde tambi\u00e9n a pesar del fr\u00edo los vecinos de Mercedes acompa\u00f1aron a la Virgen y las palabras de f\u00e9 y aliento por parte de las autoridades eclesi\u00e1sticas.<\/p>\n<p>La procesi\u00f3n cont\u00f3 con la presencia de las autoridades municipales, concejales, funcionarios, miembros de la comunidad, integrantes de colegios mercedinos y de fuerzas vivas.<\/p>\n<p><a href=\"https:\/\/www.hoymercedes.com.ar\/principal\/wp-content\/uploads\/2012\/09\/Procesion-virgendelasmercedes-2012-2.jpg\"><img loading=\"lazy\" decoding=\"async\" data-attachment-id=\"16429\" data-permalink=\"https:\/\/www.hoymercedes.com.ar\/principal\/2012\/09\/25\/importante-marco-de-publico-en-procesion-junto-a-la-virgen\/procesion-virgendelasmercedes-2012-2\/#main\" data-orig-file=\"https:\/\/www.hoymercedes.com.ar\/principal\/wp-content\/uploads\/2012\/09\/Procesion-virgendelasmercedes-2012-2.jpg\" data-orig-size=\"614,408\" data-comments-opened=\"1\" data-image-meta=\"{&quot;aperture&quot;:&quot;13&quot;,&quot;credit&quot;:&quot;&quot;,&quot;camera&quot;:&quot;NIKON D50&quot;,&quot;caption&quot;:&quot;&quot;,&quot;created_timestamp&quot;:&quot;1348504657&quot;,&quot;copyright&quot;:&quot;&quot;,&quot;focal_length&quot;:&quot;35&quot;,&quot;iso&quot;:&quot;0&quot;,&quot;shutter_speed&quot;:&quot;0.002&quot;,&quot;title&quot;:&quot;&quot;}\" data-image-title=\"Procesion-virgendelasmercedes-2012 (2)\" data-image-description=\"\" data-image-caption=\"\" data-large-file=\"https:\/\/www.hoymercedes.com.ar\/principal\/wp-content\/uploads\/2012\/09\/Procesion-virgendelasmercedes-2012-2.jpg\" class=\"aligncenter size-full wp-image-16429\" title=\"Procesion-virgendelasmercedes-2012 (2)\" src=\"https:\/\/www.hoymercedes.com.ar\/principal\/wp-content\/uploads\/2012\/09\/Procesion-virgendelasmercedes-2012-2.jpg\" alt=\"\" width=\"614\" height=\"408\" \/><\/a><\/p>\n<p>&nbsp;<\/p>\n<p><a href=\"https:\/\/www.hoymercedes.com.ar\/principal\/wp-content\/uploads\/2012\/09\/Procesion-virgendelasmercedes-2012-6.jpg\"><img loading=\"lazy\" decoding=\"async\" data-attachment-id=\"16430\" data-permalink=\"https:\/\/www.hoymercedes.com.ar\/principal\/2012\/09\/25\/importante-marco-de-publico-en-procesion-junto-a-la-virgen\/procesion-virgendelasmercedes-2012-6\/#main\" data-orig-file=\"https:\/\/www.hoymercedes.com.ar\/principal\/wp-content\/uploads\/2012\/09\/Procesion-virgendelasmercedes-2012-6.jpg\" data-orig-size=\"614,408\" data-comments-opened=\"1\" data-image-meta=\"{&quot;aperture&quot;:&quot;13&quot;,&quot;credit&quot;:&quot;&quot;,&quot;camera&quot;:&quot;NIKON D50&quot;,&quot;caption&quot;:&quot;&quot;,&quot;created_timestamp&quot;:&quot;1348504961&quot;,&quot;copyright&quot;:&quot;&quot;,&quot;focal_length&quot;:&quot;28&quot;,&quot;iso&quot;:&quot;0&quot;,&quot;shutter_speed&quot;:&quot;0.0015625&quot;,&quot;title&quot;:&quot;&quot;}\" data-image-title=\"Procesion-virgendelasmercedes-2012 (6)\" data-image-description=\"\" data-image-caption=\"\" data-large-file=\"https:\/\/www.hoymercedes.com.ar\/principal\/wp-content\/uploads\/2012\/09\/Procesion-virgendelasmercedes-2012-6.jpg\" class=\"aligncenter size-full wp-image-16430\" title=\"Procesion-virgendelasmercedes-2012 (6)\" src=\"https:\/\/www.hoymercedes.com.ar\/principal\/wp-content\/uploads\/2012\/09\/Procesion-virgendelasmercedes-2012-6.jpg\" alt=\"\" width=\"614\" height=\"408\" srcset=\"https:\/\/www.hoymercedes.com.ar\/principal\/wp-content\/uploads\/2012\/09\/Procesion-virgendelasmercedes-2012-6.jpg 614w, https:\/\/www.hoymercedes.com.ar\/principal\/wp-content\/uploads\/2012\/09\/Procesion-virgendelasmercedes-2012-6-300x199.jpg 300w\" sizes=\"auto, (max-width: 614px) 100vw, 614px\" \/><\/a><\/p>\n<p>&nbsp;<\/p>\n<p><a href=\"https:\/\/www.hoymercedes.com.ar\/principal\/wp-content\/uploads\/2012\/09\/Procesion-virgendelasmercedes-2012-4.jpg\"><img loading=\"lazy\" decoding=\"async\" data-attachment-id=\"16431\" data-permalink=\"https:\/\/www.hoymercedes.com.ar\/principal\/2012\/09\/25\/importante-marco-de-publico-en-procesion-junto-a-la-virgen\/procesion-virgendelasmercedes-2012-4\/#main\" data-orig-file=\"https:\/\/www.hoymercedes.com.ar\/principal\/wp-content\/uploads\/2012\/09\/Procesion-virgendelasmercedes-2012-4.jpg\" data-orig-size=\"614,408\" data-comments-opened=\"1\" data-image-meta=\"{&quot;aperture&quot;:&quot;14&quot;,&quot;credit&quot;:&quot;&quot;,&quot;camera&quot;:&quot;NIKON D50&quot;,&quot;caption&quot;:&quot;&quot;,&quot;created_timestamp&quot;:&quot;1348504808&quot;,&quot;copyright&quot;:&quot;&quot;,&quot;focal_length&quot;:&quot;28&quot;,&quot;iso&quot;:&quot;0&quot;,&quot;shutter_speed&quot;:&quot;0.00125&quot;,&quot;title&quot;:&quot;&quot;}\" data-image-title=\"Procesion-virgendelasmercedes-2012 (4)\" data-image-description=\"\" data-image-caption=\"\" data-large-file=\"https:\/\/www.hoymercedes.com.ar\/principal\/wp-content\/uploads\/2012\/09\/Procesion-virgendelasmercedes-2012-4.jpg\" class=\"aligncenter size-full wp-image-16431\" title=\"Procesion-virgendelasmercedes-2012 (4)\" src=\"https:\/\/www.hoymercedes.com.ar\/principal\/wp-content\/uploads\/2012\/09\/Procesion-virgendelasmercedes-2012-4.jpg\" alt=\"\" width=\"614\" height=\"408\" srcset=\"https:\/\/www.hoymercedes.com.ar\/principal\/wp-content\/uploads\/2012\/09\/Procesion-virgendelasmercedes-2012-4.jpg 614w, https:\/\/www.hoymercedes.com.ar\/principal\/wp-content\/uploads\/2012\/09\/Procesion-virgendelasmercedes-2012-4-300x199.jpg 300w\" sizes=\"auto, (max-width: 614px) 100vw, 614px\" \/><\/a><\/p>\n<p>&nbsp;<\/p>\n<p><strong><a href=\"http:\/\/www.facebook.com\/media\/set\/?set=a.10151239607876323.505782.339192141322&amp;type=1\" target=\"_blank\" rel=\"noopener\">Mir\u00e1 m\u00e1s fotos: Clik<\/a><\/strong><\/p>\n<p><span style=\"color: #888888;\">Fotos: Nicol\u00e1s Eizneider<\/span><\/p>\n","protected":false},"excerpt":{"rendered":"<p>Se llev\u00f3 a cabo en la tarde de este lunes la tradicional procesi\u00f3n junto a la\u00a0Fiestas Patronales en honor a &#8230; <a title=\"Importante marco de p\u00fablico en procesi\u00f3n junto a la Virgen\" class=\"read-more\" href=\"https:\/\/www.hoymercedes.com.ar\/principal\/2012\/09\/25\/importante-marco-de-publico-en-procesion-junto-a-la-virgen\/\" aria-label=\"Leer m\u00e1s sobre Importante marco de p\u00fablico en procesi\u00f3n junto a la Virgen\">Leer m\u00e1s<\/a><\/p>\n","protected":false},"author":1,"featured_media":0,"comment_status":"open","ping_status":"open","sticky":false,"template":"","format":"standard","meta":{"_monsterinsights_skip_tracking":false,"_monsterinsights_sitenote_active":false,"_monsterinsights_sitenote_note":"","_monsterinsights_sitenote_category":0,"jetpack_post_was_ever_published":false,"_jetpack_newsletter_access":"","_jetpack_dont_email_post_to_subs":false,"_jetpack_newsletter_tier_id":0,"_jetpack_memberships_contains_paywalled_content":false,"_jetpack_memberships_contains_paid_content":false,"footnotes":"","jetpack_publicize_message":"","jetpack_publicize_feature_enabled":true,"jetpack_social_post_already_shared":false,"jetpack_social_options":{"image_generator_settings":{"template":"highway","default_image_id":0,"font":"","enabled":false},"version":2},"_wpas_customize_per_network":false},"categories":[8],"tags":[2764,2765],"class_list":["post-16427","post","type-post","status-publish","format-standard","hentry","category-sociedad","tag-procesion-virgen-de-las-mercedes","tag-virgen-de-las-mercedes","generate-columns","tablet-grid-50","mobile-grid-100","grid-parent","grid-50"],"jetpack_publicize_connections":[],"jetpack_featured_media_url":"","wps_subtitle":"","jetpack_sharing_enabled":true,"_links":{"self":[{"href":"https:\/\/www.hoymercedes.com.ar\/principal\/wp-json\/wp\/v2\/posts\/16427","targetHints":{"allow":["GET"]}}],"collection":[{"href":"https:\/\/www.hoymercedes.com.ar\/principal\/wp-json\/wp\/v2\/posts"}],"about":[{"href":"https:\/\/www.hoymercedes.com.ar\/principal\/wp-json\/wp\/v2\/types\/post"}],"author":[{"embeddable":true,"href":"https:\/\/www.hoymercedes.com.ar\/principal\/wp-json\/wp\/v2\/users\/1"}],"replies":[{"embeddable":true,"href":"https:\/\/www.hoymercedes.com.ar\/principal\/wp-json\/wp\/v2\/comments?post=16427"}],"version-history":[{"count":0,"href":"https:\/\/www.hoymercedes.com.ar\/principal\/wp-json\/wp\/v2\/posts\/16427\/revisions"}],"wp:attachment":[{"href":"https:\/\/www.hoymercedes.com.ar\/principal\/wp-json\/wp\/v2\/media?parent=16427"}],"wp:term":[{"taxonomy":"category","embeddable":true,"href":"https:\/\/www.hoymercedes.com.ar\/principal\/wp-json\/wp\/v2\/categories?post=16427"},{"taxonomy":"post_tag","embeddable":true,"href":"https:\/\/www.hoymercedes.com.ar\/principal\/wp-json\/wp\/v2\/tags?post=16427"}],"curies":[{"name":"wp","href":"https:\/\/api.w.org\/{rel}","templated":true}]}}