{"id":164333,"date":"2023-07-09T14:24:00","date_gmt":"2023-07-09T17:24:00","guid":{"rendered":"https:\/\/www.hoymercedes.com.ar\/principal\/?p=164333"},"modified":"2023-07-09T12:28:12","modified_gmt":"2023-07-09T15:28:12","slug":"cuna-entrego-libros-a-instituciones-educativas","status":"publish","type":"post","link":"https:\/\/www.hoymercedes.com.ar\/principal\/2023\/07\/09\/cuna-entrego-libros-a-instituciones-educativas\/","title":{"rendered":"CUNA entreg\u00f3 libros a instituciones educativas"},"content":{"rendered":"\n<p><strong><em>D\u00edas atr\u00e1s, se efectu\u00f3 mediante un acto en el Colegio Nacional, en el cual se distribuy\u00f3 a las y los bibliotecarios de la ciudad material de relevancia hist\u00f3rica local<\/em>.<\/strong><\/p>\n\n\n<div class=\"wp-block-image\">\n<figure class=\"aligncenter size-full\"><img loading=\"lazy\" decoding=\"async\" width=\"800\" height=\"450\" data-attachment-id=\"164334\" data-permalink=\"https:\/\/www.hoymercedes.com.ar\/principal\/2023\/07\/09\/cuna-entrego-libros-a-instituciones-educativas\/laentregadelibrosserealizoenelcolegionacional_copy_800x450\/#main\" data-orig-file=\"https:\/\/www.hoymercedes.com.ar\/principal\/wp-content\/uploads\/2023\/07\/LaentregadelibrosserealizoenelColegionacional_copy_800x450.jpg\" data-orig-size=\"800,450\" data-comments-opened=\"0\" data-image-meta=\"{&quot;aperture&quot;:&quot;0&quot;,&quot;credit&quot;:&quot;&quot;,&quot;camera&quot;:&quot;&quot;,&quot;caption&quot;:&quot;&quot;,&quot;created_timestamp&quot;:&quot;0&quot;,&quot;copyright&quot;:&quot;&quot;,&quot;focal_length&quot;:&quot;0&quot;,&quot;iso&quot;:&quot;0&quot;,&quot;shutter_speed&quot;:&quot;0&quot;,&quot;title&quot;:&quot;&quot;,&quot;orientation&quot;:&quot;0&quot;}\" data-image-title=\"Laentregadelibrosserealiz\u00f3enelColegionacional_copy_800x450\" data-image-description=\"\" data-image-caption=\"\" data-large-file=\"https:\/\/www.hoymercedes.com.ar\/principal\/wp-content\/uploads\/2023\/07\/LaentregadelibrosserealizoenelColegionacional_copy_800x450.jpg\" src=\"https:\/\/www.hoymercedes.com.ar\/principal\/wp-content\/uploads\/2023\/07\/LaentregadelibrosserealizoenelColegionacional_copy_800x450.jpg\" alt=\"\" class=\"wp-image-164334\" srcset=\"https:\/\/www.hoymercedes.com.ar\/principal\/wp-content\/uploads\/2023\/07\/LaentregadelibrosserealizoenelColegionacional_copy_800x450.jpg 800w, https:\/\/www.hoymercedes.com.ar\/principal\/wp-content\/uploads\/2023\/07\/LaentregadelibrosserealizoenelColegionacional_copy_800x450-630x354.jpg 630w, https:\/\/www.hoymercedes.com.ar\/principal\/wp-content\/uploads\/2023\/07\/LaentregadelibrosserealizoenelColegionacional_copy_800x450-150x84.jpg 150w\" sizes=\"auto, (max-width: 800px) 100vw, 800px\" \/><\/figure>\n<\/div>\n\n\n<p>El pasado jueves en el Colegio Nacional de la ciudad de Mercedes, se realiz\u00f3 una entrega de libros por parte de la Comisi\u00f3n Municipal del Patrimonio Cultural y Natural (CUNA), a los bibliotecarios y bibliotecarias de nuestra ciudad. Entre las obras se encontraba el \u00faltimo libro del historiador Alejandro Molle (\u00abNuevos aportes\u00a0 a la inmigraci\u00f3n en Mercedes\u00bb), el libro de Gustavo Bojorge (\u00abAves de Mercedes\u00bb), la revista realizada por el Centenario de la inauguraci\u00f3n de la Bas\u00edlica Catedral y el almanaque 2023 CUNA, con pinturas en acuarela de aspectos patrimoniales relevantes realizados por el artista Jorge Swinnen.<\/p>\n\n\n\n<p>Del encuentro participaron integrantes de CUNA, la Secretaria de Relaciones Institucionales, Mariana San Mart\u00edn, el Inspector Jefe Distrital de Mercedes Chistian Ponce, bibliotecarios y bibliotecarias de diferentes instituciones educativas de nivel secundario de la ciudad.<\/p>\n\n\n\n<p>La Concejala Andrea Bozzini, en representaci\u00f3n de la Comisi\u00f3n del Patrimonio, fue quien tom\u00f3 la palabra en primer lugar agradeciendo a los presentes, resaltando la importancia que los libros editados por CUNA lleguen a los m\u00e1s j\u00f3venes por medio de \u201clos\/as bibliotecarios\/as, quienes cumplen una importante funci\u00f3n en el cuidado y difusi\u00f3n de la historia\u201d.<\/p>\n\n\n\n<p>Adem\u00e1s, Andrea resalt\u00f3 que la \u201cComisi\u00f3n se lleva adelante por muchas voluntades institucionales, vecinas y vecinos que apoyan nuestro patrimonio, y no podr\u00eda realizar estas acciones sino fuera por el acompa\u00f1amiento en el presupuesto y la decisi\u00f3n del municipio de Mercedes\u201d.&nbsp;<\/p>\n\n\n\n<p>El Inspector Jefe Distrital de Mercedes Chistian Ponce tambi\u00e9n se dirigi\u00f3 a los presentes y destac\u00f3 que&nbsp; \u201clos libros hablan de nuestra historia, de nuestro h\u00e1bitat\u201d, tambi\u00e9n agradeci\u00f3 a la Comisi\u00f3n CUNA, el hecho que los \u201cchicos tengan materiales nuevos, ya que muchas veces en nuestras bibliotecas faltan materiales sobre nuestra ciudad, de c\u00f3mo nos fuimos formando, y esto viene a abordar la cuesti\u00f3n\u201d.<\/p>\n\n\n\n<p>La responsable de la Secretar\u00eda de Relaciones Institucionales Mariana San Mart\u00edn en primer lugar agradeci\u00f3 \u201ca CUNA y a cada uno de los bibliotecarios y bibliotecarias por estar presentes\u201d, resaltando que \u201ccada acci\u00f3n que lleva adelante CUNA, para el municipio no es un gasto, sino es una inversi\u00f3n. Una inversi\u00f3n para el arraigo; tambi\u00e9n para saber que tipo de pueblo queremos seguir siendo; para saber que tenemos gente como ustedes comprometidas con la educaci\u00f3n y que hoy van a tener en la biblioteca la posibilidad de mostrarles a los y las alumnas un nuevo material\u201d.&nbsp;<\/p>\n","protected":false},"excerpt":{"rendered":"<p>D\u00edas atr\u00e1s, se efectu\u00f3 mediante un acto en el Colegio Nacional, en el cual se distribuy\u00f3 a las y los &#8230; <a title=\"CUNA entreg\u00f3 libros a instituciones educativas\" class=\"read-more\" href=\"https:\/\/www.hoymercedes.com.ar\/principal\/2023\/07\/09\/cuna-entrego-libros-a-instituciones-educativas\/\" aria-label=\"Leer m\u00e1s sobre CUNA entreg\u00f3 libros a instituciones educativas\">Leer m\u00e1s<\/a><\/p>\n","protected":false},"author":1,"featured_media":164334,"comment_status":"closed","ping_status":"open","sticky":false,"template":"","format":"standard","meta":{"_monsterinsights_skip_tracking":false,"_monsterinsights_sitenote_active":false,"_monsterinsights_sitenote_note":"","_monsterinsights_sitenote_category":0,"jetpack_post_was_ever_published":false,"_jetpack_newsletter_access":"","_jetpack_dont_email_post_to_subs":false,"_jetpack_newsletter_tier_id":0,"_jetpack_memberships_contains_paywalled_content":false,"_jetpack_memberships_contains_paid_content":false,"footnotes":"","jetpack_publicize_message":"","jetpack_publicize_feature_enabled":true,"jetpack_social_post_already_shared":true,"jetpack_social_options":{"image_generator_settings":{"template":"highway","default_image_id":0,"font":"","enabled":false},"version":2},"_wpas_customize_per_network":false},"categories":[23],"tags":[7805,47],"class_list":["post-164333","post","type-post","status-publish","format-standard","has-post-thumbnail","hentry","category-educacion","tag-cultura","tag-educacion-2","generate-columns","tablet-grid-50","mobile-grid-100","grid-parent","grid-50"],"jetpack_publicize_connections":[],"jetpack_featured_media_url":"https:\/\/www.hoymercedes.com.ar\/principal\/wp-content\/uploads\/2023\/07\/LaentregadelibrosserealizoenelColegionacional_copy_800x450.jpg","wps_subtitle":"","jetpack_sharing_enabled":true,"_links":{"self":[{"href":"https:\/\/www.hoymercedes.com.ar\/principal\/wp-json\/wp\/v2\/posts\/164333","targetHints":{"allow":["GET"]}}],"collection":[{"href":"https:\/\/www.hoymercedes.com.ar\/principal\/wp-json\/wp\/v2\/posts"}],"about":[{"href":"https:\/\/www.hoymercedes.com.ar\/principal\/wp-json\/wp\/v2\/types\/post"}],"author":[{"embeddable":true,"href":"https:\/\/www.hoymercedes.com.ar\/principal\/wp-json\/wp\/v2\/users\/1"}],"replies":[{"embeddable":true,"href":"https:\/\/www.hoymercedes.com.ar\/principal\/wp-json\/wp\/v2\/comments?post=164333"}],"version-history":[{"count":0,"href":"https:\/\/www.hoymercedes.com.ar\/principal\/wp-json\/wp\/v2\/posts\/164333\/revisions"}],"wp:featuredmedia":[{"embeddable":true,"href":"https:\/\/www.hoymercedes.com.ar\/principal\/wp-json\/wp\/v2\/media\/164334"}],"wp:attachment":[{"href":"https:\/\/www.hoymercedes.com.ar\/principal\/wp-json\/wp\/v2\/media?parent=164333"}],"wp:term":[{"taxonomy":"category","embeddable":true,"href":"https:\/\/www.hoymercedes.com.ar\/principal\/wp-json\/wp\/v2\/categories?post=164333"},{"taxonomy":"post_tag","embeddable":true,"href":"https:\/\/www.hoymercedes.com.ar\/principal\/wp-json\/wp\/v2\/tags?post=164333"}],"curies":[{"name":"wp","href":"https:\/\/api.w.org\/{rel}","templated":true}]}}