{"id":164453,"date":"2023-07-12T21:15:00","date_gmt":"2023-07-13T00:15:00","guid":{"rendered":"https:\/\/www.hoymercedes.com.ar\/principal\/?p=164453"},"modified":"2023-07-12T20:42:23","modified_gmt":"2023-07-12T23:42:23","slug":"nuevos-matriculados-en-el-colegio-de-abogados-2","status":"publish","type":"post","link":"https:\/\/www.hoymercedes.com.ar\/principal\/2023\/07\/12\/nuevos-matriculados-en-el-colegio-de-abogados-2\/","title":{"rendered":"Nuevos matriculados en el Colegio de Abogados"},"content":{"rendered":"\n<p>En la jornada de este mi\u00e9rcoles, en el Colegio de Abogados del Departamento Judicial Mercedes se llev\u00f3 a cabo el juramento de nuevos matriculados y matriculadas. <\/p>\n\n\n\n<p>Los nuevos matriculados y matriculadas son:<\/p>\n\n\n\n<p>\u2696\ufe0f Dra. Ana Sol Arg\u00fcelles<br>\u2696\ufe0f Dra. Paula Andrea Godino<br>\u2696\ufe0f Dra. Daniela Ysa<br>\u2696\ufe0f Dr. H\u00e9ctor Andr\u00e9s Su\u00e1rez<br>\u2696\ufe0f Dr. Lautaro Jes\u00fas Sobral<\/p>\n\n\n\n<div class=\"wp-block-jetpack-slideshow aligncenter\" data-effect=\"slide\"><div class=\"wp-block-jetpack-slideshow_container swiper-container\"><ul class=\"wp-block-jetpack-slideshow_swiper-wrapper swiper-wrapper\"><li class=\"wp-block-jetpack-slideshow_slide swiper-slide\"><figure><img loading=\"lazy\" decoding=\"async\" width=\"800\" height=\"800\" alt=\"\" class=\"wp-block-jetpack-slideshow_image wp-image-164460\" data-id=\"164460\" src=\"https:\/\/www.hoymercedes.com.ar\/principal\/wp-content\/uploads\/2023\/07\/358598799_677651537738169_2133353851699087246_n.jpg\" srcset=\"https:\/\/www.hoymercedes.com.ar\/principal\/wp-content\/uploads\/2023\/07\/358598799_677651537738169_2133353851699087246_n.jpg 800w, https:\/\/www.hoymercedes.com.ar\/principal\/wp-content\/uploads\/2023\/07\/358598799_677651537738169_2133353851699087246_n-620x620.jpg 620w, https:\/\/www.hoymercedes.com.ar\/principal\/wp-content\/uploads\/2023\/07\/358598799_677651537738169_2133353851699087246_n-150x150.jpg 150w\" sizes=\"(max-width: 800px) 100vw, 800px\" \/><\/figure><\/li><li class=\"wp-block-jetpack-slideshow_slide swiper-slide\"><figure><img loading=\"lazy\" decoding=\"async\" width=\"800\" height=\"800\" alt=\"\" class=\"wp-block-jetpack-slideshow_image wp-image-164461\" data-id=\"164461\" src=\"https:\/\/www.hoymercedes.com.ar\/principal\/wp-content\/uploads\/2023\/07\/358598723_677651494404840_7119123934060916987_n.jpg\" srcset=\"https:\/\/www.hoymercedes.com.ar\/principal\/wp-content\/uploads\/2023\/07\/358598723_677651494404840_7119123934060916987_n.jpg 800w, https:\/\/www.hoymercedes.com.ar\/principal\/wp-content\/uploads\/2023\/07\/358598723_677651494404840_7119123934060916987_n-620x620.jpg 620w, https:\/\/www.hoymercedes.com.ar\/principal\/wp-content\/uploads\/2023\/07\/358598723_677651494404840_7119123934060916987_n-150x150.jpg 150w\" sizes=\"(max-width: 800px) 100vw, 800px\" \/><\/figure><\/li><li class=\"wp-block-jetpack-slideshow_slide swiper-slide\"><figure><img loading=\"lazy\" decoding=\"async\" width=\"800\" height=\"800\" alt=\"\" class=\"wp-block-jetpack-slideshow_image wp-image-164462\" data-id=\"164462\" src=\"https:\/\/www.hoymercedes.com.ar\/principal\/wp-content\/uploads\/2023\/07\/358622129_677651474404842_1276842659702836211_n.jpg\" srcset=\"https:\/\/www.hoymercedes.com.ar\/principal\/wp-content\/uploads\/2023\/07\/358622129_677651474404842_1276842659702836211_n.jpg 800w, https:\/\/www.hoymercedes.com.ar\/principal\/wp-content\/uploads\/2023\/07\/358622129_677651474404842_1276842659702836211_n-620x620.jpg 620w, https:\/\/www.hoymercedes.com.ar\/principal\/wp-content\/uploads\/2023\/07\/358622129_677651474404842_1276842659702836211_n-150x150.jpg 150w\" sizes=\"(max-width: 800px) 100vw, 800px\" \/><\/figure><\/li><li class=\"wp-block-jetpack-slideshow_slide swiper-slide\"><figure><img loading=\"lazy\" decoding=\"async\" width=\"800\" height=\"800\" alt=\"\" class=\"wp-block-jetpack-slideshow_image wp-image-164464\" data-id=\"164464\" src=\"https:\/\/www.hoymercedes.com.ar\/principal\/wp-content\/uploads\/2023\/07\/358613474_677651471071509_8629861254596916326_n.jpg\" srcset=\"https:\/\/www.hoymercedes.com.ar\/principal\/wp-content\/uploads\/2023\/07\/358613474_677651471071509_8629861254596916326_n.jpg 800w, https:\/\/www.hoymercedes.com.ar\/principal\/wp-content\/uploads\/2023\/07\/358613474_677651471071509_8629861254596916326_n-620x620.jpg 620w, https:\/\/www.hoymercedes.com.ar\/principal\/wp-content\/uploads\/2023\/07\/358613474_677651471071509_8629861254596916326_n-150x150.jpg 150w\" sizes=\"(max-width: 800px) 100vw, 800px\" \/><\/figure><\/li><li class=\"wp-block-jetpack-slideshow_slide swiper-slide\"><figure><img loading=\"lazy\" decoding=\"async\" width=\"800\" height=\"800\" alt=\"\" class=\"wp-block-jetpack-slideshow_image wp-image-164465\" data-id=\"164465\" src=\"https:\/\/www.hoymercedes.com.ar\/principal\/wp-content\/uploads\/2023\/07\/358606514_677651547738168_8533062760616546564_n.jpg\" srcset=\"https:\/\/www.hoymercedes.com.ar\/principal\/wp-content\/uploads\/2023\/07\/358606514_677651547738168_8533062760616546564_n.jpg 800w, https:\/\/www.hoymercedes.com.ar\/principal\/wp-content\/uploads\/2023\/07\/358606514_677651547738168_8533062760616546564_n-620x620.jpg 620w, https:\/\/www.hoymercedes.com.ar\/principal\/wp-content\/uploads\/2023\/07\/358606514_677651547738168_8533062760616546564_n-150x150.jpg 150w\" sizes=\"(max-width: 800px) 100vw, 800px\" \/><\/figure><\/li><\/ul><a class=\"wp-block-jetpack-slideshow_button-prev swiper-button-prev swiper-button-white\" role=\"button\"><\/a><a class=\"wp-block-jetpack-slideshow_button-next swiper-button-next swiper-button-white\" role=\"button\"><\/a><a aria-label=\"Pause Slideshow\" class=\"wp-block-jetpack-slideshow_button-pause\" role=\"button\"><\/a><div class=\"wp-block-jetpack-slideshow_pagination swiper-pagination swiper-pagination-white\"><\/div><\/div><\/div>\n\n\n\n<p>La ceremonia cont\u00f3 con la presencia del presidente del Consejo Directivo, Dr. Hern\u00e1n Alberto Salaverri, del consejero y formador de mediadores Dr. Cesar Arnaldo Peisino, y de la Directora de la Caja de Abogados, Dra. Patricia Leva.<\/p>\n\n\n\n<p>Tambi\u00e9n participaron la Encargada de Matriculaci\u00f3n Cecilia Cassani, y Lucio Mart\u00ednez, quien la reemplazar\u00e1 en su cargo.<\/p>\n\n\n<div class=\"wp-block-image\">\n<figure class=\"aligncenter size-full\"><img loading=\"lazy\" decoding=\"async\" width=\"800\" height=\"533\" data-attachment-id=\"164463\" data-permalink=\"https:\/\/www.hoymercedes.com.ar\/principal\/2023\/07\/12\/nuevos-matriculados-en-el-colegio-de-abogados-2\/358645497_677651851071471_5599319943921016116_n\/#main\" data-orig-file=\"https:\/\/www.hoymercedes.com.ar\/principal\/wp-content\/uploads\/2023\/07\/358645497_677651851071471_5599319943921016116_n.jpg\" data-orig-size=\"800,533\" data-comments-opened=\"0\" data-image-meta=\"{&quot;aperture&quot;:&quot;0&quot;,&quot;credit&quot;:&quot;&quot;,&quot;camera&quot;:&quot;&quot;,&quot;caption&quot;:&quot;&quot;,&quot;created_timestamp&quot;:&quot;1689192864&quot;,&quot;copyright&quot;:&quot;&quot;,&quot;focal_length&quot;:&quot;0&quot;,&quot;iso&quot;:&quot;0&quot;,&quot;shutter_speed&quot;:&quot;0&quot;,&quot;title&quot;:&quot;&quot;,&quot;orientation&quot;:&quot;1&quot;}\" data-image-title=\"358645497_677651851071471_5599319943921016116_n\" data-image-description=\"\" data-image-caption=\"\" data-large-file=\"https:\/\/www.hoymercedes.com.ar\/principal\/wp-content\/uploads\/2023\/07\/358645497_677651851071471_5599319943921016116_n.jpg\" src=\"https:\/\/www.hoymercedes.com.ar\/principal\/wp-content\/uploads\/2023\/07\/358645497_677651851071471_5599319943921016116_n.jpg\" alt=\"\" class=\"wp-image-164463\" srcset=\"https:\/\/www.hoymercedes.com.ar\/principal\/wp-content\/uploads\/2023\/07\/358645497_677651851071471_5599319943921016116_n.jpg 800w, https:\/\/www.hoymercedes.com.ar\/principal\/wp-content\/uploads\/2023\/07\/358645497_677651851071471_5599319943921016116_n-630x420.jpg 630w, https:\/\/www.hoymercedes.com.ar\/principal\/wp-content\/uploads\/2023\/07\/358645497_677651851071471_5599319943921016116_n-150x100.jpg 150w, https:\/\/www.hoymercedes.com.ar\/principal\/wp-content\/uploads\/2023\/07\/358645497_677651851071471_5599319943921016116_n-700x465.jpg 700w\" sizes=\"auto, (max-width: 800px) 100vw, 800px\" \/><\/figure>\n<\/div>","protected":false},"excerpt":{"rendered":"<p>En la jornada de este mi\u00e9rcoles, en el Colegio de Abogados del Departamento Judicial Mercedes se llev\u00f3 a cabo el &#8230; <a title=\"Nuevos matriculados en el Colegio de Abogados\" class=\"read-more\" href=\"https:\/\/www.hoymercedes.com.ar\/principal\/2023\/07\/12\/nuevos-matriculados-en-el-colegio-de-abogados-2\/\" aria-label=\"Leer m\u00e1s sobre Nuevos matriculados en el Colegio de Abogados\">Leer m\u00e1s<\/a><\/p>\n","protected":false},"author":1,"featured_media":164463,"comment_status":"closed","ping_status":"open","sticky":false,"template":"","format":"standard","meta":{"_monsterinsights_skip_tracking":false,"_monsterinsights_sitenote_active":false,"_monsterinsights_sitenote_note":"","_monsterinsights_sitenote_category":0,"jetpack_post_was_ever_published":false,"_jetpack_newsletter_access":"","_jetpack_dont_email_post_to_subs":false,"_jetpack_newsletter_tier_id":0,"_jetpack_memberships_contains_paywalled_content":false,"_jetpack_memberships_contains_paid_content":false,"footnotes":"","jetpack_publicize_message":"","jetpack_publicize_feature_enabled":true,"jetpack_social_post_already_shared":true,"jetpack_social_options":{"image_generator_settings":{"template":"highway","default_image_id":0,"font":"","enabled":false},"version":2},"_wpas_customize_per_network":false},"categories":[8],"tags":[],"class_list":["post-164453","post","type-post","status-publish","format-standard","has-post-thumbnail","hentry","category-sociedad","generate-columns","tablet-grid-50","mobile-grid-100","grid-parent","grid-50"],"jetpack_publicize_connections":[],"jetpack_featured_media_url":"https:\/\/www.hoymercedes.com.ar\/principal\/wp-content\/uploads\/2023\/07\/358645497_677651851071471_5599319943921016116_n.jpg","wps_subtitle":"","jetpack_sharing_enabled":true,"_links":{"self":[{"href":"https:\/\/www.hoymercedes.com.ar\/principal\/wp-json\/wp\/v2\/posts\/164453","targetHints":{"allow":["GET"]}}],"collection":[{"href":"https:\/\/www.hoymercedes.com.ar\/principal\/wp-json\/wp\/v2\/posts"}],"about":[{"href":"https:\/\/www.hoymercedes.com.ar\/principal\/wp-json\/wp\/v2\/types\/post"}],"author":[{"embeddable":true,"href":"https:\/\/www.hoymercedes.com.ar\/principal\/wp-json\/wp\/v2\/users\/1"}],"replies":[{"embeddable":true,"href":"https:\/\/www.hoymercedes.com.ar\/principal\/wp-json\/wp\/v2\/comments?post=164453"}],"version-history":[{"count":0,"href":"https:\/\/www.hoymercedes.com.ar\/principal\/wp-json\/wp\/v2\/posts\/164453\/revisions"}],"wp:featuredmedia":[{"embeddable":true,"href":"https:\/\/www.hoymercedes.com.ar\/principal\/wp-json\/wp\/v2\/media\/164463"}],"wp:attachment":[{"href":"https:\/\/www.hoymercedes.com.ar\/principal\/wp-json\/wp\/v2\/media?parent=164453"}],"wp:term":[{"taxonomy":"category","embeddable":true,"href":"https:\/\/www.hoymercedes.com.ar\/principal\/wp-json\/wp\/v2\/categories?post=164453"},{"taxonomy":"post_tag","embeddable":true,"href":"https:\/\/www.hoymercedes.com.ar\/principal\/wp-json\/wp\/v2\/tags?post=164453"}],"curies":[{"name":"wp","href":"https:\/\/api.w.org\/{rel}","templated":true}]}}