{"id":164480,"date":"2023-07-13T17:05:50","date_gmt":"2023-07-13T20:05:50","guid":{"rendered":"https:\/\/www.hoymercedes.com.ar\/principal\/?p=164480"},"modified":"2023-07-13T17:05:53","modified_gmt":"2023-07-13T20:05:53","slug":"el-colegio-de-arquitectos-inaugura-una-nueva-muestra-de-arte","status":"publish","type":"post","link":"https:\/\/www.hoymercedes.com.ar\/principal\/2023\/07\/13\/el-colegio-de-arquitectos-inaugura-una-nueva-muestra-de-arte\/","title":{"rendered":"El Colegio de Arquitectos inaugura una nueva muestra de arte"},"content":{"rendered":"\n<p>El pr\u00f3ximo\u00a0viernes 14 de Julio\u00a0a las 20:30hs, en la Sede del Colegio de Arquitectos &#8211; Distrito 5\u00a0sita en\u00a0Av. 30 No. 564, Mercedes, se llevar\u00e1 a cabo la inauguraci\u00f3n de una nueva muestra del Espacio de Arte CAPBA5.\u00a0\u00a0<\/p>\n\n\n\n<p>Quienes expondr\u00e1n ser\u00e1n las artistas\u00a0Gabriela Florella (escritura) y Lara Palma (pintura);\u00a0\u00a0con su muestra titulada \u00a0\u201cDe Tormentas y Calmas\u201d. La muestra comprende Pinturas y Escritos.<\/p>\n\n\n\n<p>Rese\u00f1a de la muestra:<br><em>La mancha manda, dice Lara.<br>En esta serie de trabajos, en tintas, entre aguas, las manchas son tim\u00f3n<br>que luego derivan por las se\u00f1ales que dan los recuerdos, los<br>pensamientos, que siguen la mirada que se va, tras las vigas, los<br>cables, los techos, los cielos.<br>De aguas que vienen y van. De manchas y transparencias, de existencias y<br>tiempo.<br>De tormentas y calmas. De todo eso, est\u00e1 amasada esta muestra, que nos<br>llevar\u00e1 al encuentro l\u00edrico de la imagen y la palabra.<br><br>Gabriela Florella.<\/em><\/p>\n\n\n\n<p>Como todos los a\u00f1os, el Coordinador de este ciclo es el\u00a0Arquitecto y Artista, Sebasti\u00e1n Bocca.<\/p>\n\n\n\n<p>El acceso a la muestra es libre y gratuito y se podr\u00e1 visitar tambi\u00e9n de lunes a viernes de 8 a 13 y de 14 a 16 horas. La muestra cierra el 28 de julio pr\u00f3ximo. <\/p>\n\n\n<div class=\"wp-block-image\">\n<figure class=\"aligncenter size-large\"><img loading=\"lazy\" decoding=\"async\" width=\"732\" height=\"1024\" data-attachment-id=\"164481\" data-permalink=\"https:\/\/www.hoymercedes.com.ar\/principal\/2023\/07\/13\/el-colegio-de-arquitectos-inaugura-una-nueva-muestra-de-arte\/arquitexto-muestra\/#main\" data-orig-file=\"https:\/\/www.hoymercedes.com.ar\/principal\/wp-content\/uploads\/2023\/07\/arquitexto-muestra-e1689278705493.jpg\" data-orig-size=\"572,800\" data-comments-opened=\"0\" data-image-meta=\"{&quot;aperture&quot;:&quot;0&quot;,&quot;credit&quot;:&quot;&quot;,&quot;camera&quot;:&quot;&quot;,&quot;caption&quot;:&quot;&quot;,&quot;created_timestamp&quot;:&quot;0&quot;,&quot;copyright&quot;:&quot;&quot;,&quot;focal_length&quot;:&quot;0&quot;,&quot;iso&quot;:&quot;0&quot;,&quot;shutter_speed&quot;:&quot;0&quot;,&quot;title&quot;:&quot;&quot;,&quot;orientation&quot;:&quot;0&quot;}\" data-image-title=\"arquitexto muestra\" data-image-description=\"\" data-image-caption=\"\" data-large-file=\"https:\/\/www.hoymercedes.com.ar\/principal\/wp-content\/uploads\/2023\/07\/arquitexto-muestra-732x1024.jpg\" src=\"https:\/\/www.hoymercedes.com.ar\/principal\/wp-content\/uploads\/2023\/07\/arquitexto-muestra-732x1024.jpg\" alt=\"\" class=\"wp-image-164481\"\/><\/figure>\n<\/div>","protected":false},"excerpt":{"rendered":"<p>El pr\u00f3ximo\u00a0viernes 14 de Julio\u00a0a las 20:30hs, en la Sede del Colegio de Arquitectos &#8211; Distrito 5\u00a0sita en\u00a0Av. 30 No. &#8230; <a title=\"El Colegio de Arquitectos inaugura una nueva muestra de arte\" class=\"read-more\" href=\"https:\/\/www.hoymercedes.com.ar\/principal\/2023\/07\/13\/el-colegio-de-arquitectos-inaugura-una-nueva-muestra-de-arte\/\" aria-label=\"Leer m\u00e1s sobre El Colegio de Arquitectos inaugura una nueva muestra de arte\">Leer m\u00e1s<\/a><\/p>\n","protected":false},"author":1,"featured_media":164482,"comment_status":"closed","ping_status":"open","sticky":false,"template":"","format":"standard","meta":{"_monsterinsights_skip_tracking":false,"_monsterinsights_sitenote_active":false,"_monsterinsights_sitenote_note":"","_monsterinsights_sitenote_category":0,"jetpack_post_was_ever_published":false,"_jetpack_newsletter_access":"","_jetpack_dont_email_post_to_subs":false,"_jetpack_newsletter_tier_id":0,"_jetpack_memberships_contains_paywalled_content":false,"_jetpack_memberships_contains_paid_content":false,"footnotes":"","jetpack_publicize_message":"","jetpack_publicize_feature_enabled":true,"jetpack_social_post_already_shared":true,"jetpack_social_options":{"image_generator_settings":{"template":"highway","default_image_id":0,"font":"","enabled":false},"version":2},"_wpas_customize_per_network":false},"categories":[104],"tags":[7805],"class_list":["post-164480","post","type-post","status-publish","format-standard","has-post-thumbnail","hentry","category-cultura","tag-cultura","generate-columns","tablet-grid-50","mobile-grid-100","grid-parent","grid-50"],"jetpack_publicize_connections":[],"jetpack_featured_media_url":"https:\/\/www.hoymercedes.com.ar\/principal\/wp-content\/uploads\/2023\/07\/arquitexto-muestra1.jpg","wps_subtitle":"","jetpack_sharing_enabled":true,"_links":{"self":[{"href":"https:\/\/www.hoymercedes.com.ar\/principal\/wp-json\/wp\/v2\/posts\/164480","targetHints":{"allow":["GET"]}}],"collection":[{"href":"https:\/\/www.hoymercedes.com.ar\/principal\/wp-json\/wp\/v2\/posts"}],"about":[{"href":"https:\/\/www.hoymercedes.com.ar\/principal\/wp-json\/wp\/v2\/types\/post"}],"author":[{"embeddable":true,"href":"https:\/\/www.hoymercedes.com.ar\/principal\/wp-json\/wp\/v2\/users\/1"}],"replies":[{"embeddable":true,"href":"https:\/\/www.hoymercedes.com.ar\/principal\/wp-json\/wp\/v2\/comments?post=164480"}],"version-history":[{"count":0,"href":"https:\/\/www.hoymercedes.com.ar\/principal\/wp-json\/wp\/v2\/posts\/164480\/revisions"}],"wp:featuredmedia":[{"embeddable":true,"href":"https:\/\/www.hoymercedes.com.ar\/principal\/wp-json\/wp\/v2\/media\/164482"}],"wp:attachment":[{"href":"https:\/\/www.hoymercedes.com.ar\/principal\/wp-json\/wp\/v2\/media?parent=164480"}],"wp:term":[{"taxonomy":"category","embeddable":true,"href":"https:\/\/www.hoymercedes.com.ar\/principal\/wp-json\/wp\/v2\/categories?post=164480"},{"taxonomy":"post_tag","embeddable":true,"href":"https:\/\/www.hoymercedes.com.ar\/principal\/wp-json\/wp\/v2\/tags?post=164480"}],"curies":[{"name":"wp","href":"https:\/\/api.w.org\/{rel}","templated":true}]}}