{"id":164485,"date":"2023-07-13T21:30:00","date_gmt":"2023-07-14T00:30:00","guid":{"rendered":"https:\/\/www.hoymercedes.com.ar\/principal\/?p=164485"},"modified":"2023-07-13T17:37:36","modified_gmt":"2023-07-13T20:37:36","slug":"estreno-de-mision-imposible-en-el-cine-mercedes","status":"publish","type":"post","link":"https:\/\/www.hoymercedes.com.ar\/principal\/2023\/07\/13\/estreno-de-mision-imposible-en-el-cine-mercedes\/","title":{"rendered":"Estreno de Misi\u00f3n Imposible en el Cine Mercedes"},"content":{"rendered":"\n<p>El Cine Mercedes anunci\u00f3 la grilla de pel\u00edculas para el fin de semana del viernes 14 al mi\u00e9rcoles 19 de julio. En distintos horarios podr\u00e1 verse la s\u00e9ptima pel\u00edcula de la saga de Misi\u00f3n Imposible, as\u00ed como contin\u00faa Elementos y se suma el terror de la mano de La Noche del Demonio. <\/p>\n\n\n<div class=\"wp-block-image\">\n<figure class=\"aligncenter size-full\"><img loading=\"lazy\" decoding=\"async\" width=\"546\" height=\"800\" data-attachment-id=\"164487\" data-permalink=\"https:\/\/www.hoymercedes.com.ar\/principal\/2023\/07\/13\/estreno-de-mision-imposible-en-el-cine-mercedes\/gacetilla-cine-mercedes-39-2\/#main\" data-orig-file=\"https:\/\/www.hoymercedes.com.ar\/principal\/wp-content\/uploads\/2023\/07\/Gacetilla-Cine-Mercedes-39.jpg\" data-orig-size=\"546,800\" data-comments-opened=\"0\" data-image-meta=\"{&quot;aperture&quot;:&quot;0&quot;,&quot;credit&quot;:&quot;&quot;,&quot;camera&quot;:&quot;&quot;,&quot;caption&quot;:&quot;&quot;,&quot;created_timestamp&quot;:&quot;0&quot;,&quot;copyright&quot;:&quot;&quot;,&quot;focal_length&quot;:&quot;0&quot;,&quot;iso&quot;:&quot;0&quot;,&quot;shutter_speed&quot;:&quot;0&quot;,&quot;title&quot;:&quot;&quot;,&quot;orientation&quot;:&quot;1&quot;}\" data-image-title=\"Gacetilla Cine Mercedes (39)\" data-image-description=\"\" data-image-caption=\"\" data-large-file=\"https:\/\/www.hoymercedes.com.ar\/principal\/wp-content\/uploads\/2023\/07\/Gacetilla-Cine-Mercedes-39.jpg\" src=\"https:\/\/www.hoymercedes.com.ar\/principal\/wp-content\/uploads\/2023\/07\/Gacetilla-Cine-Mercedes-39.jpg\" alt=\"\" class=\"wp-image-164487\" srcset=\"https:\/\/www.hoymercedes.com.ar\/principal\/wp-content\/uploads\/2023\/07\/Gacetilla-Cine-Mercedes-39.jpg 546w, https:\/\/www.hoymercedes.com.ar\/principal\/wp-content\/uploads\/2023\/07\/Gacetilla-Cine-Mercedes-39-423x620.jpg 423w, https:\/\/www.hoymercedes.com.ar\/principal\/wp-content\/uploads\/2023\/07\/Gacetilla-Cine-Mercedes-39-102x150.jpg 102w\" sizes=\"auto, (max-width: 546px) 100vw, 546px\" \/><\/figure>\n<\/div>\n\n\n<p>Sinopsis \u00abElementos\u00bb: Ambientado en Ciudad Elemento, donde conviven habitantes de fuego, agua, tierra y aire. La protagonista de la historia es Candela, una joven fuerte, ingeniosa y con car\u00e1cter, cuya amistad con un chico divertido, sensible y tranquilo, llamado Nilo, cambia su perspectiva sobre el mundo en el que viven. (FILMAFFINITY)<\/p>\n\n\n\n<p>Sinopsis \u00abMisi\u00f3n Imposible 7\u00bb: Ethan Hunt (Tom Cruise) y su equipo del FMI se embarcan en su misi\u00f3n m\u00e1s peligrosa hasta la fecha: Localizar, antes de que caiga en las manos equivocadas, una nueva y terror\u00edfica arma que amenaza a toda la humanidad. En esta tesitura, y con unas fuerzas oscuras del pasado de Ethan acechando, comienza una carrera mortal alrededor del mundo en la que est\u00e1 en juego el control del futuro y el destino del planeta. Enfrentado a un enemigo misterioso y todopoderoso, Ethan se ve obligado a considerar que nada puede anteponerse a su misi\u00f3n, ni siquiera las vidas de aquellos que m\u00e1s le importan. S\u00e9ptima entrega de la saga &#8216;Misi\u00f3n Imposible&#8217;.<\/p>\n\n\n\n<p>Sinopsis \u00abLa Noche del Demonio\u00bb: El reparto original de la franquicia de terror regresa para el cap\u00edtulo final de la terror\u00edfica saga de la familia Lambert. Para acabar con sus demonios de una vez por todas, Josh (Patrick Wilson) y un Dalton en edad universitaria (Ty Simpkins) deben adentrarse m\u00e1s que nunca en El M\u00e1s All\u00e1, enfrent\u00e1ndose al oscuro pasado de su familia y a una serie de nuevos y m\u00e1s horripilantes temores que acechan tras la puerta roja.<\/p>\n","protected":false},"excerpt":{"rendered":"<p>El Cine Mercedes anunci\u00f3 la grilla de pel\u00edculas para el fin de semana del viernes 14 al mi\u00e9rcoles 19 de &#8230; <a title=\"Estreno de Misi\u00f3n Imposible en el Cine Mercedes\" class=\"read-more\" href=\"https:\/\/www.hoymercedes.com.ar\/principal\/2023\/07\/13\/estreno-de-mision-imposible-en-el-cine-mercedes\/\" aria-label=\"Leer m\u00e1s sobre Estreno de Misi\u00f3n Imposible en el Cine Mercedes\">Leer m\u00e1s<\/a><\/p>\n","protected":false},"author":1,"featured_media":164486,"comment_status":"closed","ping_status":"open","sticky":false,"template":"","format":"standard","meta":{"_monsterinsights_skip_tracking":false,"_monsterinsights_sitenote_active":false,"_monsterinsights_sitenote_note":"","_monsterinsights_sitenote_category":0,"jetpack_post_was_ever_published":false,"_jetpack_newsletter_access":"","_jetpack_dont_email_post_to_subs":false,"_jetpack_newsletter_tier_id":0,"_jetpack_memberships_contains_paywalled_content":false,"_jetpack_memberships_contains_paid_content":false,"footnotes":"","jetpack_publicize_message":"","jetpack_publicize_feature_enabled":true,"jetpack_social_post_already_shared":true,"jetpack_social_options":{"image_generator_settings":{"template":"highway","default_image_id":0,"font":"","enabled":false},"version":2},"_wpas_customize_per_network":false},"categories":[104],"tags":[7805],"class_list":["post-164485","post","type-post","status-publish","format-standard","has-post-thumbnail","hentry","category-cultura","tag-cultura","generate-columns","tablet-grid-50","mobile-grid-100","grid-parent","grid-50"],"jetpack_publicize_connections":[],"jetpack_featured_media_url":"https:\/\/www.hoymercedes.com.ar\/principal\/wp-content\/uploads\/2023\/07\/mision-imposibe-7.jpg","wps_subtitle":"","jetpack_sharing_enabled":true,"_links":{"self":[{"href":"https:\/\/www.hoymercedes.com.ar\/principal\/wp-json\/wp\/v2\/posts\/164485","targetHints":{"allow":["GET"]}}],"collection":[{"href":"https:\/\/www.hoymercedes.com.ar\/principal\/wp-json\/wp\/v2\/posts"}],"about":[{"href":"https:\/\/www.hoymercedes.com.ar\/principal\/wp-json\/wp\/v2\/types\/post"}],"author":[{"embeddable":true,"href":"https:\/\/www.hoymercedes.com.ar\/principal\/wp-json\/wp\/v2\/users\/1"}],"replies":[{"embeddable":true,"href":"https:\/\/www.hoymercedes.com.ar\/principal\/wp-json\/wp\/v2\/comments?post=164485"}],"version-history":[{"count":0,"href":"https:\/\/www.hoymercedes.com.ar\/principal\/wp-json\/wp\/v2\/posts\/164485\/revisions"}],"wp:featuredmedia":[{"embeddable":true,"href":"https:\/\/www.hoymercedes.com.ar\/principal\/wp-json\/wp\/v2\/media\/164486"}],"wp:attachment":[{"href":"https:\/\/www.hoymercedes.com.ar\/principal\/wp-json\/wp\/v2\/media?parent=164485"}],"wp:term":[{"taxonomy":"category","embeddable":true,"href":"https:\/\/www.hoymercedes.com.ar\/principal\/wp-json\/wp\/v2\/categories?post=164485"},{"taxonomy":"post_tag","embeddable":true,"href":"https:\/\/www.hoymercedes.com.ar\/principal\/wp-json\/wp\/v2\/tags?post=164485"}],"curies":[{"name":"wp","href":"https:\/\/api.w.org\/{rel}","templated":true}]}}