{"id":164538,"date":"2023-07-15T11:30:02","date_gmt":"2023-07-15T14:30:02","guid":{"rendered":"https:\/\/www.hoymercedes.com.ar\/principal\/?p=164538"},"modified":"2023-07-15T11:30:04","modified_gmt":"2023-07-15T14:30:04","slug":"artistas-mercedinas-participaron-de-los-premios-feba-cultura","status":"publish","type":"post","link":"https:\/\/www.hoymercedes.com.ar\/principal\/2023\/07\/15\/artistas-mercedinas-participaron-de-los-premios-feba-cultura\/","title":{"rendered":"Artistas mercedinas participaron de los premios FEBA Cultura"},"content":{"rendered":"\n<p>En la jornada del \u00faltimo mi\u00e9rcoles se llev\u00f3 adelante la entrega de los premios FEBA Cultura. En distintas categor\u00edas estaban como finalistas tres artistas mercedinas patrocinadas por la C\u00e1mara Econ\u00f3mica Mercedina. Lamentablemente, no obtuvieron el galard\u00f3n, pero s\u00ed estuvieron presentes y se llevaron el certificado de la competencia. <\/p>\n\n\n<div class=\"wp-block-image\">\n<figure class=\"aligncenter size-full\"><img loading=\"lazy\" decoding=\"async\" width=\"640\" height=\"523\" data-attachment-id=\"164540\" data-permalink=\"https:\/\/www.hoymercedes.com.ar\/principal\/2023\/07\/15\/artistas-mercedinas-participaron-de-los-premios-feba-cultura\/feba-cultura-2\/#main\" data-orig-file=\"https:\/\/www.hoymercedes.com.ar\/principal\/wp-content\/uploads\/2023\/07\/FEBA-Cultura-2.jpg\" data-orig-size=\"640,523\" data-comments-opened=\"0\" data-image-meta=\"{&quot;aperture&quot;:&quot;0&quot;,&quot;credit&quot;:&quot;&quot;,&quot;camera&quot;:&quot;&quot;,&quot;caption&quot;:&quot;&quot;,&quot;created_timestamp&quot;:&quot;0&quot;,&quot;copyright&quot;:&quot;&quot;,&quot;focal_length&quot;:&quot;0&quot;,&quot;iso&quot;:&quot;0&quot;,&quot;shutter_speed&quot;:&quot;0&quot;,&quot;title&quot;:&quot;&quot;,&quot;orientation&quot;:&quot;0&quot;}\" data-image-title=\"FEBA Cultura (2)\" data-image-description=\"\" data-image-caption=\"\" data-large-file=\"https:\/\/www.hoymercedes.com.ar\/principal\/wp-content\/uploads\/2023\/07\/FEBA-Cultura-2.jpg\" src=\"https:\/\/www.hoymercedes.com.ar\/principal\/wp-content\/uploads\/2023\/07\/FEBA-Cultura-2.jpg\" alt=\"\" class=\"wp-image-164540\" srcset=\"https:\/\/www.hoymercedes.com.ar\/principal\/wp-content\/uploads\/2023\/07\/FEBA-Cultura-2.jpg 640w, https:\/\/www.hoymercedes.com.ar\/principal\/wp-content\/uploads\/2023\/07\/FEBA-Cultura-2-630x515.jpg 630w, https:\/\/www.hoymercedes.com.ar\/principal\/wp-content\/uploads\/2023\/07\/FEBA-Cultura-2-150x123.jpg 150w\" sizes=\"auto, (max-width: 640px) 100vw, 640px\" \/><\/figure>\n<\/div>\n\n\n<p>La CEM estuvo representada por Paula Puricelli, finalista en la categor\u00eda fotograf\u00eda, y la cantante y compositora Agustina Pavoni, finalista en la categor\u00eda m\u00fasica. Adem\u00e1s, compet\u00eda en la final de pintura la artista pl\u00e1stica acuarelista Cecilia Ferrer que no pudo asistir. <\/p>\n\n\n\n<p>La gala de premiaci\u00f3n se realiz\u00f3 el mi\u00e9rcoles 12 de julio en el Hotel \u201cGrand Brizo\u201d de La Plata. Las artistas locales estuvieron acompa\u00f1adas por Natalia Facciolo y Natalia Bonifazi en representaci\u00f3n de la C\u00e1mara Econ\u00f3mica Mercedina.<\/p>\n\n\n\n<p>La fot\u00f3grafa y arquitecta; la acuarelista Ferrer; y la cantante y compositora Pavoni fueron seleccionados en sus respectivas actividades por su labor destacada entre m\u00e1s de 130 postulados de toda la provincia. Sin embargo, ninguna de las tres obtuvo el premio en sus categor\u00edas. <\/p>\n\n\n\n<p>El mayor galard\u00f3n de la noche correspondi\u00f3 a la Agrupaci\u00f3n Folkl\u00f3rica \u201c2 de Abril\u201d y fue entregado por la presidenta del sector Cultura de FEBA, Alejandra Moccioli; el presidente de FEBA, Camilo A. Kahale; y el titular de la Confederaci\u00f3n Argentina de la Mediana Empresa, Alfredo Gonz\u00e1lez.<\/p>\n\n\n\n<p>En la apertura de esta propuesta pronunciaron unas palabras Alejandra Moccioli, Camilo A. Kahale y Alfredo Gonz\u00e1lez.<br>Por su parte, la mercedina Natalia Facciolo expres\u00f3: \u201cEstamos orgullosos y felices de acompa\u00f1ar a nuestras artistas locales. Que hayan resultado ternadas para recibir este premio es muestra del gran talento que tienen.\u201d Asimismo, los premios FEBA Cultura fueron declarado de inter\u00e9s provincial por la C\u00e1mara de Diputados.<br><\/p>\n","protected":false},"excerpt":{"rendered":"<p>En la jornada del \u00faltimo mi\u00e9rcoles se llev\u00f3 adelante la entrega de los premios FEBA Cultura. En distintas categor\u00edas estaban &#8230; <a title=\"Artistas mercedinas participaron de los premios FEBA Cultura\" class=\"read-more\" href=\"https:\/\/www.hoymercedes.com.ar\/principal\/2023\/07\/15\/artistas-mercedinas-participaron-de-los-premios-feba-cultura\/\" aria-label=\"Leer m\u00e1s sobre Artistas mercedinas participaron de los premios FEBA Cultura\">Leer m\u00e1s<\/a><\/p>\n","protected":false},"author":1,"featured_media":164540,"comment_status":"closed","ping_status":"open","sticky":false,"template":"","format":"standard","meta":{"_monsterinsights_skip_tracking":false,"_monsterinsights_sitenote_active":false,"_monsterinsights_sitenote_note":"","_monsterinsights_sitenote_category":0,"jetpack_post_was_ever_published":false,"_jetpack_newsletter_access":"","_jetpack_dont_email_post_to_subs":false,"_jetpack_newsletter_tier_id":0,"_jetpack_memberships_contains_paywalled_content":false,"_jetpack_memberships_contains_paid_content":false,"footnotes":"","jetpack_publicize_message":"","jetpack_publicize_feature_enabled":true,"jetpack_social_post_already_shared":true,"jetpack_social_options":{"image_generator_settings":{"template":"highway","default_image_id":0,"font":"","enabled":false},"version":2},"_wpas_customize_per_network":false},"categories":[8],"tags":[],"class_list":["post-164538","post","type-post","status-publish","format-standard","has-post-thumbnail","hentry","category-sociedad","generate-columns","tablet-grid-50","mobile-grid-100","grid-parent","grid-50"],"jetpack_publicize_connections":[],"jetpack_featured_media_url":"https:\/\/www.hoymercedes.com.ar\/principal\/wp-content\/uploads\/2023\/07\/FEBA-Cultura-2.jpg","wps_subtitle":"","jetpack_sharing_enabled":true,"_links":{"self":[{"href":"https:\/\/www.hoymercedes.com.ar\/principal\/wp-json\/wp\/v2\/posts\/164538","targetHints":{"allow":["GET"]}}],"collection":[{"href":"https:\/\/www.hoymercedes.com.ar\/principal\/wp-json\/wp\/v2\/posts"}],"about":[{"href":"https:\/\/www.hoymercedes.com.ar\/principal\/wp-json\/wp\/v2\/types\/post"}],"author":[{"embeddable":true,"href":"https:\/\/www.hoymercedes.com.ar\/principal\/wp-json\/wp\/v2\/users\/1"}],"replies":[{"embeddable":true,"href":"https:\/\/www.hoymercedes.com.ar\/principal\/wp-json\/wp\/v2\/comments?post=164538"}],"version-history":[{"count":0,"href":"https:\/\/www.hoymercedes.com.ar\/principal\/wp-json\/wp\/v2\/posts\/164538\/revisions"}],"wp:featuredmedia":[{"embeddable":true,"href":"https:\/\/www.hoymercedes.com.ar\/principal\/wp-json\/wp\/v2\/media\/164540"}],"wp:attachment":[{"href":"https:\/\/www.hoymercedes.com.ar\/principal\/wp-json\/wp\/v2\/media?parent=164538"}],"wp:term":[{"taxonomy":"category","embeddable":true,"href":"https:\/\/www.hoymercedes.com.ar\/principal\/wp-json\/wp\/v2\/categories?post=164538"},{"taxonomy":"post_tag","embeddable":true,"href":"https:\/\/www.hoymercedes.com.ar\/principal\/wp-json\/wp\/v2\/tags?post=164538"}],"curies":[{"name":"wp","href":"https:\/\/api.w.org\/{rel}","templated":true}]}}