{"id":164572,"date":"2023-07-16T10:37:03","date_gmt":"2023-07-16T13:37:03","guid":{"rendered":"https:\/\/www.hoymercedes.com.ar\/principal\/?p=164572"},"modified":"2023-07-16T10:37:05","modified_gmt":"2023-07-16T13:37:05","slug":"cgt-regional-mercedes-cumplio-sun-ano-desde-su-reorganizacion","status":"publish","type":"post","link":"https:\/\/www.hoymercedes.com.ar\/principal\/2023\/07\/16\/cgt-regional-mercedes-cumplio-sun-ano-desde-su-reorganizacion\/","title":{"rendered":"CGT regional Mercedes cumpli\u00f3 sun a\u00f1o desde su reorganizaci\u00f3n"},"content":{"rendered":"\n<p><strong><em>Se realiz\u00f3 una reuni\u00f3n donde participaron la mayor\u00eda de los y las representantes sindicales que integran el cuerpo gremial, el intendente Juan Ustarroz y el Delegado Regional de Trabajo Fabi\u00e1n D\u00edaz.<\/em><\/strong><\/p>\n\n\n<div class=\"wp-block-image\">\n<figure class=\"aligncenter size-full\"><img loading=\"lazy\" decoding=\"async\" width=\"800\" height=\"467\" data-attachment-id=\"164573\" data-permalink=\"https:\/\/www.hoymercedes.com.ar\/principal\/2023\/07\/16\/cgt-regional-mercedes-cumplio-sun-ano-desde-su-reorganizacion\/la-reunion-se-efectuo-en-el-sum-de-la-seccional-mercedes\/#main\" data-orig-file=\"https:\/\/www.hoymercedes.com.ar\/principal\/wp-content\/uploads\/2023\/07\/La-reunion-se-efectuo-en-el-SUM-de-la-Seccional-Mercedes.jpg\" data-orig-size=\"800,467\" data-comments-opened=\"0\" data-image-meta=\"{&quot;aperture&quot;:&quot;0&quot;,&quot;credit&quot;:&quot;&quot;,&quot;camera&quot;:&quot;&quot;,&quot;caption&quot;:&quot;&quot;,&quot;created_timestamp&quot;:&quot;1689428320&quot;,&quot;copyright&quot;:&quot;&quot;,&quot;focal_length&quot;:&quot;0&quot;,&quot;iso&quot;:&quot;0&quot;,&quot;shutter_speed&quot;:&quot;0&quot;,&quot;title&quot;:&quot;&quot;,&quot;orientation&quot;:&quot;1&quot;}\" data-image-title=\"La reuni\u00f3n se efectu\u00f3 en el SUM de la Seccional Mercedes\" data-image-description=\"\" data-image-caption=\"\" data-large-file=\"https:\/\/www.hoymercedes.com.ar\/principal\/wp-content\/uploads\/2023\/07\/La-reunion-se-efectuo-en-el-SUM-de-la-Seccional-Mercedes.jpg\" src=\"https:\/\/www.hoymercedes.com.ar\/principal\/wp-content\/uploads\/2023\/07\/La-reunion-se-efectuo-en-el-SUM-de-la-Seccional-Mercedes.jpg\" alt=\"\" class=\"wp-image-164573\" srcset=\"https:\/\/www.hoymercedes.com.ar\/principal\/wp-content\/uploads\/2023\/07\/La-reunion-se-efectuo-en-el-SUM-de-la-Seccional-Mercedes.jpg 800w, https:\/\/www.hoymercedes.com.ar\/principal\/wp-content\/uploads\/2023\/07\/La-reunion-se-efectuo-en-el-SUM-de-la-Seccional-Mercedes-630x368.jpg 630w, https:\/\/www.hoymercedes.com.ar\/principal\/wp-content\/uploads\/2023\/07\/La-reunion-se-efectuo-en-el-SUM-de-la-Seccional-Mercedes-150x88.jpg 150w\" sizes=\"auto, (max-width: 800px) 100vw, 800px\" \/><\/figure>\n<\/div>\n\n\n<p>La CGT Regional Mercedes, Navarro, S.A de Giles cumpli\u00f3 su primer aniversario desde su reorganizaci\u00f3n regional, por tal motivo se realiz\u00f3 una reuni\u00f3n general en el SUM de la sede de la AEFIP Seccional Mercedes.<\/p>\n\n\n\n<p>Del encuentro participaron la mayor\u00eda de los y las representantes sindicales que integran el cuerpo gremial; el intendente Juan Ustarroz y el Delegado Regional de Trabajo Fabi\u00e1n D\u00edaz. Seg\u00fan lo expresado por los integrantes, en la reuni\u00f3n se efectu\u00f3 &nbsp;un recont\u00f3 del as actividades realizadas en este \u00faltimo a\u00f1o, las que se pudieron visualizar mediante un video proyectado, en el cual se record\u00f3 tambi\u00e9n los acontecimientos enfrentados desde la conformaci\u00f3n de la Mesa Sindical Mercedes, agrupaci\u00f3n que dio origen a la conformaci\u00f3n gremial actual.<\/p>\n\n\n\n<p>Entre los hechos realizados, el Delegado Regional de la CGT Juan Mart\u00edn Andr\u00e9s indic\u00f3 que \u201cla obtenci\u00f3n de un nuevo predio para la realizaci\u00f3n del Centro de Formaci\u00f3n para los y las trabajadoras, es un aspecto importante, en el que estamos avanzando para conseguir&nbsp; la firma de sesi\u00f3n del mismo y en la realizaci\u00f3n del proyecto de desarrollo\u201d. Asimismo, Andr\u00e9s sostuvo que se \u201cpresentaron capacitaciones que se brindar\u00e1n en los meses venideros\u201d.<\/p>\n\n\n\n<p>Adem\u00e1s, se destac\u00f3 que \u201cse aprovech\u00f3 la presencia del intendente de Mercedes para realizar un amplio y fruct\u00edfero debate sobre la coyuntura pol\u00edtica y gremial actual, donde todos los compa\u00f1eros y compa\u00f1eras pudieron expresarse al respecto para nutrir la mirada\u201d. &nbsp;<\/p>\n\n\n\n<p>Tambi\u00e9n, resaltaron desde la CGT regional que \u201chay una preocupaci\u00f3n por parte de muchas organizaciones sindicales respecto al funcionamiento del fuero laboral\u201d.\u201cQuiero felicitar a cada uno de nuestros compa\u00f1eros y compa\u00f1eras por este primer aniversario de organizaci\u00f3n, de lucha y solidaridad\u201d finaliz\u00f3 el Delegado Regional Juan Mart\u00edn Andr\u00e9s.<\/p>\n\n\n\n<p>Fuente: Prensa CGT Regional<\/p>\n","protected":false},"excerpt":{"rendered":"<p>Se realiz\u00f3 una reuni\u00f3n donde participaron la mayor\u00eda de los y las representantes sindicales que integran el cuerpo gremial, el &#8230; <a title=\"CGT regional Mercedes cumpli\u00f3 sun a\u00f1o desde su reorganizaci\u00f3n\" class=\"read-more\" href=\"https:\/\/www.hoymercedes.com.ar\/principal\/2023\/07\/16\/cgt-regional-mercedes-cumplio-sun-ano-desde-su-reorganizacion\/\" aria-label=\"Leer m\u00e1s sobre CGT regional Mercedes cumpli\u00f3 sun a\u00f1o desde su reorganizaci\u00f3n\">Leer m\u00e1s<\/a><\/p>\n","protected":false},"author":1,"featured_media":164573,"comment_status":"closed","ping_status":"open","sticky":false,"template":"","format":"standard","meta":{"_monsterinsights_skip_tracking":false,"_monsterinsights_sitenote_active":false,"_monsterinsights_sitenote_note":"","_monsterinsights_sitenote_category":0,"jetpack_post_was_ever_published":false,"_jetpack_newsletter_access":"","_jetpack_dont_email_post_to_subs":false,"_jetpack_newsletter_tier_id":0,"_jetpack_memberships_contains_paywalled_content":false,"_jetpack_memberships_contains_paid_content":false,"footnotes":"","jetpack_publicize_message":"","jetpack_publicize_feature_enabled":true,"jetpack_social_post_already_shared":true,"jetpack_social_options":{"image_generator_settings":{"template":"highway","default_image_id":0,"font":"","enabled":false},"version":2},"_wpas_customize_per_network":false},"categories":[10563],"tags":[],"class_list":["post-164572","post","type-post","status-publish","format-standard","has-post-thumbnail","hentry","category-gremios-sindicatos","generate-columns","tablet-grid-50","mobile-grid-100","grid-parent","grid-50"],"jetpack_publicize_connections":[],"jetpack_featured_media_url":"https:\/\/www.hoymercedes.com.ar\/principal\/wp-content\/uploads\/2023\/07\/La-reunion-se-efectuo-en-el-SUM-de-la-Seccional-Mercedes.jpg","wps_subtitle":"","jetpack_sharing_enabled":true,"_links":{"self":[{"href":"https:\/\/www.hoymercedes.com.ar\/principal\/wp-json\/wp\/v2\/posts\/164572","targetHints":{"allow":["GET"]}}],"collection":[{"href":"https:\/\/www.hoymercedes.com.ar\/principal\/wp-json\/wp\/v2\/posts"}],"about":[{"href":"https:\/\/www.hoymercedes.com.ar\/principal\/wp-json\/wp\/v2\/types\/post"}],"author":[{"embeddable":true,"href":"https:\/\/www.hoymercedes.com.ar\/principal\/wp-json\/wp\/v2\/users\/1"}],"replies":[{"embeddable":true,"href":"https:\/\/www.hoymercedes.com.ar\/principal\/wp-json\/wp\/v2\/comments?post=164572"}],"version-history":[{"count":0,"href":"https:\/\/www.hoymercedes.com.ar\/principal\/wp-json\/wp\/v2\/posts\/164572\/revisions"}],"wp:featuredmedia":[{"embeddable":true,"href":"https:\/\/www.hoymercedes.com.ar\/principal\/wp-json\/wp\/v2\/media\/164573"}],"wp:attachment":[{"href":"https:\/\/www.hoymercedes.com.ar\/principal\/wp-json\/wp\/v2\/media?parent=164572"}],"wp:term":[{"taxonomy":"category","embeddable":true,"href":"https:\/\/www.hoymercedes.com.ar\/principal\/wp-json\/wp\/v2\/categories?post=164572"},{"taxonomy":"post_tag","embeddable":true,"href":"https:\/\/www.hoymercedes.com.ar\/principal\/wp-json\/wp\/v2\/tags?post=164572"}],"curies":[{"name":"wp","href":"https:\/\/api.w.org\/{rel}","templated":true}]}}