{"id":164677,"date":"2023-07-18T13:49:34","date_gmt":"2023-07-18T16:49:34","guid":{"rendered":"https:\/\/www.hoymercedes.com.ar\/principal\/?p=164677"},"modified":"2023-07-18T13:49:37","modified_gmt":"2023-07-18T16:49:37","slug":"chivilcoy-obtuvo-el-regional-de-beach-handball","status":"publish","type":"post","link":"https:\/\/www.hoymercedes.com.ar\/principal\/2023\/07\/18\/chivilcoy-obtuvo-el-regional-de-beach-handball\/","title":{"rendered":"Chivilcoy obtuvo el regional de Beach Handball"},"content":{"rendered":"\n<p>En la ma\u00f1ana del lunes se desarroll\u00f3, en el predio del CeMuADRA de Mercedes , la etapa regional de Beach Handball de la categor\u00eda Sub 14 de los Juegos Deportivos Bonaerenses. En la jornada participaron equipos de la ciudad de Chivilcoy, Suipacha y nuestra ciudad. <\/p>\n\n\n\n<figure class=\"wp-block-image size-full\"><img loading=\"lazy\" decoding=\"async\" width=\"800\" height=\"533\" data-attachment-id=\"164679\" data-permalink=\"https:\/\/www.hoymercedes.com.ar\/principal\/2023\/07\/18\/chivilcoy-obtuvo-el-regional-de-beach-handball\/fb_img_1689697492132_copy_800x533\/#main\" data-orig-file=\"https:\/\/www.hoymercedes.com.ar\/principal\/wp-content\/uploads\/2023\/07\/FB_IMG_1689697492132_copy_800x533.jpg\" data-orig-size=\"800,533\" data-comments-opened=\"0\" data-image-meta=\"{&quot;aperture&quot;:&quot;0&quot;,&quot;credit&quot;:&quot;&quot;,&quot;camera&quot;:&quot;&quot;,&quot;caption&quot;:&quot;&quot;,&quot;created_timestamp&quot;:&quot;0&quot;,&quot;copyright&quot;:&quot;&quot;,&quot;focal_length&quot;:&quot;0&quot;,&quot;iso&quot;:&quot;0&quot;,&quot;shutter_speed&quot;:&quot;0&quot;,&quot;title&quot;:&quot;&quot;,&quot;orientation&quot;:&quot;0&quot;}\" data-image-title=\"FB_IMG_1689697492132_copy_800x533\" data-image-description=\"\" data-image-caption=\"\" data-large-file=\"https:\/\/www.hoymercedes.com.ar\/principal\/wp-content\/uploads\/2023\/07\/FB_IMG_1689697492132_copy_800x533.jpg\" src=\"https:\/\/www.hoymercedes.com.ar\/principal\/wp-content\/uploads\/2023\/07\/FB_IMG_1689697492132_copy_800x533.jpg\" alt=\"\" class=\"wp-image-164679\" srcset=\"https:\/\/www.hoymercedes.com.ar\/principal\/wp-content\/uploads\/2023\/07\/FB_IMG_1689697492132_copy_800x533.jpg 800w, https:\/\/www.hoymercedes.com.ar\/principal\/wp-content\/uploads\/2023\/07\/FB_IMG_1689697492132_copy_800x533-630x420.jpg 630w, https:\/\/www.hoymercedes.com.ar\/principal\/wp-content\/uploads\/2023\/07\/FB_IMG_1689697492132_copy_800x533-150x100.jpg 150w, https:\/\/www.hoymercedes.com.ar\/principal\/wp-content\/uploads\/2023\/07\/FB_IMG_1689697492132_copy_800x533-700x465.jpg 700w\" sizes=\"auto, (max-width: 800px) 100vw, 800px\" \/><\/figure>\n\n\n\n<p>En la rama masculina, solo se realiz\u00f3 un enfrentamiento entre los equipos del Club Independiente de Chivilcoy y el Centro de Educaci\u00f3n F\u00edsica N\u00b040 de nuestra ciudad. El primer set fue muy parejo, en donde los chicos de nuestra ciudad comenzaron sacando una peque\u00f1a ventaja, pero el conjunto visitante empato el tanteador en el \u00faltimo segundo con 10 goles por bando, y debi\u00f3 definirse por gol de oro, ganando el set el equipo de Chivilcoy por 11 a 10.<\/p>\n\n\n\n<p>El segundo set volvi\u00f3 a tener acciones muy parejas entre ambos conjuntos, pero no alcanzaron los \u201cgoles dobles\u201d del arquero y de \u201clanzamientos de 360\u00b0\u201d del equipo del CEF para impedir que el equipo de Chivilcoy termine imponi\u00e9ndose por 12 a 10, adjudic\u00e1ndose el juego por 2 a 0 y clasificando a la etapa inter regional.<\/p>\n\n\n\n<p>El equipo mercedino del C.E.F. N\u00b040, entrenado por el profesor Dami\u00e1n Altieri, estuvo integrado por Joaquin Athiel, Lorenzo Corgniati, Darian Gauna, Ignacio Hipolito, Valent\u00edn Jira y Celso Passadore.<\/p>\n\n\n\n<p>En la rama femenina, las chicas del Club Independiente de Chivilcoy no tuvieron sobresaltos para clasificarse a la etapa inter regional. En el primer juego se la ma\u00f1ana, se impusieron por 2 a 0 (15 \u2013 10 y 13 a 6) al conjunto del C.E.F. N\u00b030 de Suipacha. Luego jugaron el partido definitorio ante el equipo Mercedino del C.E.F. N\u00b040, venciendo tambi\u00e9n por 2 a 0 (17- 3 y 17-5), clasific\u00e1ndose a la etapa inter regional al igual que el conjunto masculino.<\/p>\n\n\n\n<figure class=\"wp-block-image size-full\"><img loading=\"lazy\" decoding=\"async\" width=\"800\" height=\"533\" data-attachment-id=\"164678\" data-permalink=\"https:\/\/www.hoymercedes.com.ar\/principal\/2023\/07\/18\/chivilcoy-obtuvo-el-regional-de-beach-handball\/fb_img_1689697488095_copy_800x533\/#main\" data-orig-file=\"https:\/\/www.hoymercedes.com.ar\/principal\/wp-content\/uploads\/2023\/07\/FB_IMG_1689697488095_copy_800x533.jpg\" data-orig-size=\"800,533\" data-comments-opened=\"0\" data-image-meta=\"{&quot;aperture&quot;:&quot;0&quot;,&quot;credit&quot;:&quot;&quot;,&quot;camera&quot;:&quot;&quot;,&quot;caption&quot;:&quot;&quot;,&quot;created_timestamp&quot;:&quot;0&quot;,&quot;copyright&quot;:&quot;&quot;,&quot;focal_length&quot;:&quot;0&quot;,&quot;iso&quot;:&quot;0&quot;,&quot;shutter_speed&quot;:&quot;0&quot;,&quot;title&quot;:&quot;&quot;,&quot;orientation&quot;:&quot;0&quot;}\" data-image-title=\"FB_IMG_1689697488095_copy_800x533\" data-image-description=\"\" data-image-caption=\"\" data-large-file=\"https:\/\/www.hoymercedes.com.ar\/principal\/wp-content\/uploads\/2023\/07\/FB_IMG_1689697488095_copy_800x533.jpg\" src=\"https:\/\/www.hoymercedes.com.ar\/principal\/wp-content\/uploads\/2023\/07\/FB_IMG_1689697488095_copy_800x533.jpg\" alt=\"\" class=\"wp-image-164678\" srcset=\"https:\/\/www.hoymercedes.com.ar\/principal\/wp-content\/uploads\/2023\/07\/FB_IMG_1689697488095_copy_800x533.jpg 800w, https:\/\/www.hoymercedes.com.ar\/principal\/wp-content\/uploads\/2023\/07\/FB_IMG_1689697488095_copy_800x533-630x420.jpg 630w, https:\/\/www.hoymercedes.com.ar\/principal\/wp-content\/uploads\/2023\/07\/FB_IMG_1689697488095_copy_800x533-150x100.jpg 150w, https:\/\/www.hoymercedes.com.ar\/principal\/wp-content\/uploads\/2023\/07\/FB_IMG_1689697488095_copy_800x533-700x465.jpg 700w\" sizes=\"auto, (max-width: 800px) 100vw, 800px\" \/><\/figure>\n\n\n\n<p>El equipo de nuestra ciudad entrenado por el profesor Maximiliano Gatica estuvo integrado por Alma Cardozo, Matilde Gatica, Valentina Lara, Luisana Garc\u00eda y Alexia Verde.<\/p>\n\n\n\n<p>El pr\u00f3ximo martes 8 de agosto se realizar\u00e1 la etapa regional de las categor\u00edas Cadetes y Juveniles en ambos sexos, en donde los equipos de la Escuela Municipal de Handball recibir\u00e1n a los equipos de las ciudades de Chivilcoy, San Antonio de Areco, San Andr\u00e9s de Giles y Suipacha.<\/p>\n\n\n\n<p>Fuente Prensa LIMEBA <\/p>\n","protected":false},"excerpt":{"rendered":"<p>En la ma\u00f1ana del lunes se desarroll\u00f3, en el predio del CeMuADRA de Mercedes , la etapa regional de Beach &#8230; <a title=\"Chivilcoy obtuvo el regional de Beach Handball\" class=\"read-more\" href=\"https:\/\/www.hoymercedes.com.ar\/principal\/2023\/07\/18\/chivilcoy-obtuvo-el-regional-de-beach-handball\/\" aria-label=\"Leer m\u00e1s sobre Chivilcoy obtuvo el regional de Beach Handball\">Leer m\u00e1s<\/a><\/p>\n","protected":false},"author":1,"featured_media":0,"comment_status":"closed","ping_status":"open","sticky":false,"template":"","format":"standard","meta":{"_monsterinsights_skip_tracking":false,"_monsterinsights_sitenote_active":false,"_monsterinsights_sitenote_note":"","_monsterinsights_sitenote_category":0,"jetpack_post_was_ever_published":false,"_jetpack_newsletter_access":"","_jetpack_dont_email_post_to_subs":false,"_jetpack_newsletter_tier_id":0,"_jetpack_memberships_contains_paywalled_content":false,"_jetpack_memberships_contains_paid_content":false,"footnotes":"","jetpack_publicize_message":"","jetpack_publicize_feature_enabled":true,"jetpack_social_post_already_shared":true,"jetpack_social_options":{"image_generator_settings":{"template":"highway","default_image_id":0,"font":"","enabled":false},"version":2},"_wpas_customize_per_network":false},"categories":[8],"tags":[],"class_list":["post-164677","post","type-post","status-publish","format-standard","hentry","category-sociedad","generate-columns","tablet-grid-50","mobile-grid-100","grid-parent","grid-50"],"jetpack_publicize_connections":[],"jetpack_featured_media_url":"","wps_subtitle":"","jetpack_sharing_enabled":true,"_links":{"self":[{"href":"https:\/\/www.hoymercedes.com.ar\/principal\/wp-json\/wp\/v2\/posts\/164677","targetHints":{"allow":["GET"]}}],"collection":[{"href":"https:\/\/www.hoymercedes.com.ar\/principal\/wp-json\/wp\/v2\/posts"}],"about":[{"href":"https:\/\/www.hoymercedes.com.ar\/principal\/wp-json\/wp\/v2\/types\/post"}],"author":[{"embeddable":true,"href":"https:\/\/www.hoymercedes.com.ar\/principal\/wp-json\/wp\/v2\/users\/1"}],"replies":[{"embeddable":true,"href":"https:\/\/www.hoymercedes.com.ar\/principal\/wp-json\/wp\/v2\/comments?post=164677"}],"version-history":[{"count":0,"href":"https:\/\/www.hoymercedes.com.ar\/principal\/wp-json\/wp\/v2\/posts\/164677\/revisions"}],"wp:attachment":[{"href":"https:\/\/www.hoymercedes.com.ar\/principal\/wp-json\/wp\/v2\/media?parent=164677"}],"wp:term":[{"taxonomy":"category","embeddable":true,"href":"https:\/\/www.hoymercedes.com.ar\/principal\/wp-json\/wp\/v2\/categories?post=164677"},{"taxonomy":"post_tag","embeddable":true,"href":"https:\/\/www.hoymercedes.com.ar\/principal\/wp-json\/wp\/v2\/tags?post=164677"}],"curies":[{"name":"wp","href":"https:\/\/api.w.org\/{rel}","templated":true}]}}