{"id":164684,"date":"2023-07-18T16:37:17","date_gmt":"2023-07-18T19:37:17","guid":{"rendered":"https:\/\/www.hoymercedes.com.ar\/principal\/?p=164684"},"modified":"2023-07-18T16:37:21","modified_gmt":"2023-07-18T19:37:21","slug":"fuerte-siniestro-vial-en-ruta-n1-casi-calle-11","status":"publish","type":"post","link":"https:\/\/www.hoymercedes.com.ar\/principal\/2023\/07\/18\/fuerte-siniestro-vial-en-ruta-n1-casi-calle-11\/","title":{"rendered":"Fuerte siniestro vial en Ruta N\u00b01 casi calle 11"},"content":{"rendered":"\n<p>Geave siniestro vial en Ruta N\u00b05 cerca del cruce de calle 11.  Las primeras noticias dan cuenta de que se trat\u00e1 de una colisi\u00f3n entre un cami\u00f3n y un automovil. Habr\u00eda heridos de gravedad. En el lugar act\u00faa SAME, Polic\u00eda Comunal y Bomberos Voluntarios.<\/p>\n\n\n\n<p>Aparentemente los bomberos debieron intervenir por que habr\u00eda una persona atrapada en el vehiculo de menor porte. <\/p>\n","protected":false},"excerpt":{"rendered":"<p>Geave siniestro vial en Ruta N\u00b05 cerca del cruce de calle 11. Las primeras noticias dan cuenta de que se &#8230; <a title=\"Fuerte siniestro vial en Ruta N\u00b01 casi calle 11\" class=\"read-more\" href=\"https:\/\/www.hoymercedes.com.ar\/principal\/2023\/07\/18\/fuerte-siniestro-vial-en-ruta-n1-casi-calle-11\/\" aria-label=\"Leer m\u00e1s sobre Fuerte siniestro vial en Ruta N\u00b01 casi calle 11\">Leer m\u00e1s<\/a><\/p>\n","protected":false},"author":1,"featured_media":127982,"comment_status":"closed","ping_status":"open","sticky":false,"template":"","format":"standard","meta":{"_monsterinsights_skip_tracking":false,"_monsterinsights_sitenote_active":false,"_monsterinsights_sitenote_note":"","_monsterinsights_sitenote_category":0,"jetpack_post_was_ever_published":false,"_jetpack_newsletter_access":"","_jetpack_dont_email_post_to_subs":false,"_jetpack_newsletter_tier_id":0,"_jetpack_memberships_contains_paywalled_content":false,"_jetpack_memberships_contains_paid_content":false,"footnotes":"","jetpack_publicize_message":"","jetpack_publicize_feature_enabled":true,"jetpack_social_post_already_shared":true,"jetpack_social_options":{"image_generator_settings":{"template":"highway","default_image_id":0,"font":"","enabled":false},"version":2},"_wpas_customize_per_network":false},"categories":[16115],"tags":[10395],"class_list":["post-164684","post","type-post","status-publish","format-standard","has-post-thumbnail","hentry","category-seguridad","tag-siniestro-vial","generate-columns","tablet-grid-50","mobile-grid-100","grid-parent","grid-50"],"jetpack_publicize_connections":[],"jetpack_featured_media_url":"https:\/\/www.hoymercedes.com.ar\/principal\/wp-content\/uploads\/2021\/04\/PoliciaComual.jpg","wps_subtitle":"SIniestro vial ","jetpack_sharing_enabled":true,"_links":{"self":[{"href":"https:\/\/www.hoymercedes.com.ar\/principal\/wp-json\/wp\/v2\/posts\/164684","targetHints":{"allow":["GET"]}}],"collection":[{"href":"https:\/\/www.hoymercedes.com.ar\/principal\/wp-json\/wp\/v2\/posts"}],"about":[{"href":"https:\/\/www.hoymercedes.com.ar\/principal\/wp-json\/wp\/v2\/types\/post"}],"author":[{"embeddable":true,"href":"https:\/\/www.hoymercedes.com.ar\/principal\/wp-json\/wp\/v2\/users\/1"}],"replies":[{"embeddable":true,"href":"https:\/\/www.hoymercedes.com.ar\/principal\/wp-json\/wp\/v2\/comments?post=164684"}],"version-history":[{"count":0,"href":"https:\/\/www.hoymercedes.com.ar\/principal\/wp-json\/wp\/v2\/posts\/164684\/revisions"}],"wp:featuredmedia":[{"embeddable":true,"href":"https:\/\/www.hoymercedes.com.ar\/principal\/wp-json\/wp\/v2\/media\/127982"}],"wp:attachment":[{"href":"https:\/\/www.hoymercedes.com.ar\/principal\/wp-json\/wp\/v2\/media?parent=164684"}],"wp:term":[{"taxonomy":"category","embeddable":true,"href":"https:\/\/www.hoymercedes.com.ar\/principal\/wp-json\/wp\/v2\/categories?post=164684"},{"taxonomy":"post_tag","embeddable":true,"href":"https:\/\/www.hoymercedes.com.ar\/principal\/wp-json\/wp\/v2\/tags?post=164684"}],"curies":[{"name":"wp","href":"https:\/\/api.w.org\/{rel}","templated":true}]}}