{"id":1647,"date":"2011-01-13T15:43:21","date_gmt":"2011-01-13T15:43:21","guid":{"rendered":"http:\/\/www.hoymercedes.com.ar\/principal\/?p=1647"},"modified":"2011-01-13T15:43:21","modified_gmt":"2011-01-13T15:43:21","slug":"pre-cosquin-mercedinos-a-la-final","status":"publish","type":"post","link":"https:\/\/www.hoymercedes.com.ar\/principal\/2011\/01\/13\/pre-cosquin-mercedinos-a-la-final\/","title":{"rendered":"Pre Cosquin: Mercedinos a la final"},"content":{"rendered":"<p style=\"text-align: justify;\">Con gran felicidad, la delegaci\u00f3n mercedina que esta participando del certamen Pre Cosquin ha informado que, sum\u00e1ndose\u00a0 a Carlos Ferreyra quien ya obtuvo su lugar en la final, ahora mas mercedinos se destacan en el certamen.<\/p>\n<p style=\"text-align: justify;\">El d\u00fao vocal integrado por Jonathan Alvarado, Victoria Mariela con el acompa\u00f1amiento de Santiago Bustos Berrondo, llegaron a la final en su rubro, y participaran en la noche del s\u00e1bado 15 de Enero.<\/p>\n<p style=\"text-align: justify;\">De esta manera los artistas mercedinos se destacaron en la delegaci\u00f3n y compiten en las finales de su rubro.<\/p>\n<p style=\"text-align: justify;\"><span style=\"color: #888888;\">Fuente: Prensa Munici<span style=\"color: #888888;\">pa<\/span><\/span><span style=\"color: #888888;\">l<\/span><\/p>\n","protected":false},"excerpt":{"rendered":"<p>Con gran felicidad, la delegaci\u00f3n mercedina que esta participando del certamen Pre Cosquin ha informado que, sum\u00e1ndose\u00a0 a Carlos Ferreyra &#8230; <a title=\"Pre Cosquin: Mercedinos a la final\" class=\"read-more\" href=\"https:\/\/www.hoymercedes.com.ar\/principal\/2011\/01\/13\/pre-cosquin-mercedinos-a-la-final\/\" aria-label=\"Leer m\u00e1s sobre Pre Cosquin: Mercedinos a la final\">Leer m\u00e1s<\/a><\/p>\n","protected":false},"author":1,"featured_media":0,"comment_status":"open","ping_status":"open","sticky":false,"template":"","format":"standard","meta":{"_monsterinsights_skip_tracking":false,"_monsterinsights_sitenote_active":false,"_monsterinsights_sitenote_note":"","_monsterinsights_sitenote_category":0,"jetpack_post_was_ever_published":false,"_jetpack_newsletter_access":"","_jetpack_dont_email_post_to_subs":false,"_jetpack_newsletter_tier_id":0,"_jetpack_memberships_contains_paywalled_content":false,"_jetpack_memberships_contains_paid_content":false,"footnotes":"","jetpack_publicize_message":"","jetpack_publicize_feature_enabled":true,"jetpack_social_post_already_shared":false,"jetpack_social_options":{"image_generator_settings":{"template":"highway","default_image_id":0,"font":"","enabled":false},"version":2},"_wpas_customize_per_network":false},"categories":[8],"tags":[365],"class_list":["post-1647","post","type-post","status-publish","format-standard","hentry","category-sociedad","tag-pre-cosquin","generate-columns","tablet-grid-50","mobile-grid-100","grid-parent","grid-50"],"jetpack_publicize_connections":[],"jetpack_featured_media_url":"","wps_subtitle":"","jetpack_sharing_enabled":true,"_links":{"self":[{"href":"https:\/\/www.hoymercedes.com.ar\/principal\/wp-json\/wp\/v2\/posts\/1647","targetHints":{"allow":["GET"]}}],"collection":[{"href":"https:\/\/www.hoymercedes.com.ar\/principal\/wp-json\/wp\/v2\/posts"}],"about":[{"href":"https:\/\/www.hoymercedes.com.ar\/principal\/wp-json\/wp\/v2\/types\/post"}],"author":[{"embeddable":true,"href":"https:\/\/www.hoymercedes.com.ar\/principal\/wp-json\/wp\/v2\/users\/1"}],"replies":[{"embeddable":true,"href":"https:\/\/www.hoymercedes.com.ar\/principal\/wp-json\/wp\/v2\/comments?post=1647"}],"version-history":[{"count":0,"href":"https:\/\/www.hoymercedes.com.ar\/principal\/wp-json\/wp\/v2\/posts\/1647\/revisions"}],"wp:attachment":[{"href":"https:\/\/www.hoymercedes.com.ar\/principal\/wp-json\/wp\/v2\/media?parent=1647"}],"wp:term":[{"taxonomy":"category","embeddable":true,"href":"https:\/\/www.hoymercedes.com.ar\/principal\/wp-json\/wp\/v2\/categories?post=1647"},{"taxonomy":"post_tag","embeddable":true,"href":"https:\/\/www.hoymercedes.com.ar\/principal\/wp-json\/wp\/v2\/tags?post=1647"}],"curies":[{"name":"wp","href":"https:\/\/api.w.org\/{rel}","templated":true}]}}